{"id":28696,"date":"2023-03-10T20:56:32","date_gmt":"2023-03-10T23:56:32","guid":{"rendered":"https:\/\/radiorevelacionfm.cl\/?p=28696"},"modified":"2023-03-10T20:56:32","modified_gmt":"2023-03-10T23:56:32","slug":"con-usuarias-del-centro-de-tratamiento-residencial-senda-conmemora-el-dia-internacional-de-la-mujer","status":"publish","type":"post","link":"https:\/\/radiorevelacionfm.cl\/?p=28696","title":{"rendered":"Con usuarias del centro de Tratamiento Residencial, Senda conmemora el D\u00eda Internacional de la Mujer"},"content":{"rendered":"<div class=\"flex_column av_one_full  flex_column_div av-zero-column-padding first  avia-builder-el-0  el_before_av_one_full  avia-builder-el-first  \" style='border-radius:0px; '><div  class='avia-image-container  av-styling-    avia-builder-el-1  avia-builder-el-no-sibling  avia-align-center '  itemprop=\"image\" itemscope=\"itemscope\" itemtype=\"https:\/\/schema.org\/ImageObject\"  ><div class='avia-image-container-inner'><div class='avia-image-overlay-wrap'><img decoding=\"async\" class='wp-image-28698 avia-img-lazy-loading-not-28698 avia_image' src=\"https:\/\/radiorevelacionfm.cl\/wp-content\/uploads\/2023\/03\/2-67-1_optimized.jpeg\" alt='' title='2-(67)-(1)_optimized' height=\"600\" width=\"847\"  itemprop=\"thumbnailUrl\" srcset=\"https:\/\/radiorevelacionfm.cl\/wp-content\/uploads\/2023\/03\/2-67-1_optimized.jpeg 847w, https:\/\/radiorevelacionfm.cl\/wp-content\/uploads\/2023\/03\/2-67-1_optimized-300x213.jpeg 300w, https:\/\/radiorevelacionfm.cl\/wp-content\/uploads\/2023\/03\/2-67-1_optimized-768x544.jpeg 768w, https:\/\/radiorevelacionfm.cl\/wp-content\/uploads\/2023\/03\/2-67-1_optimized-260x185.jpeg 260w, https:\/\/radiorevelacionfm.cl\/wp-content\/uploads\/2023\/03\/2-67-1_optimized-845x600.jpeg 845w, https:\/\/radiorevelacionfm.cl\/wp-content\/uploads\/2023\/03\/2-67-1_optimized-705x499.jpeg 705w, https:\/\/radiorevelacionfm.cl\/wp-content\/uploads\/2023\/03\/2-67-1_optimized-600x425.jpeg 600w\" sizes=\"(max-width: 847px) 100vw, 847px\" \/><\/div><\/div><\/div><\/div><div class=\"flex_column av_one_full  flex_column_div av-zero-column-padding first  avia-builder-el-2  el_after_av_one_full  el_before_av_one_full  column-top-margin\" style='border-radius:0px; '><section class=\"av_textblock_section \"  itemscope=\"itemscope\" itemtype=\"https:\/\/schema.org\/BlogPosting\" itemprop=\"blogPost\" ><div class='avia_textblock  '   itemprop=\"text\" ><p style=\"text-align: center;\"><span style=\"font-size: 18pt;\"><strong>Con usuarias del centro de Tratamiento Residencial, Senda conmemora el D\u00eda Internacional de la Mujer<\/strong><\/span><\/p>\n<div id=\"gtx-trans\" style=\"position: absolute; left: -50px; top: 4.31534px;\">\n<div class=\"gtx-trans-icon\"><\/div>\n<\/div>\n<\/div><\/section><\/div><div class=\"flex_column av_one_full  flex_column_div av-zero-column-padding first  avia-builder-el-4  el_after_av_one_full  el_before_av_hr  column-top-margin\" style='border-radius:0px; '><section class=\"av_textblock_section \"  itemscope=\"itemscope\" itemtype=\"https:\/\/schema.org\/BlogPosting\" itemprop=\"blogPost\" ><div class='avia_textblock  '   itemprop=\"text\" ><p style=\"text-align: justify;\">En el marco de la conmemoraci\u00f3n del D\u00eda Internacional de la Mujer, realizamos un encuentro con usuarias de la Residencial Mujeres de la comuna de Coyhaique, con el objetivo de reconocer la valent\u00eda de todas las usuarias que se atienden en los programas de tratamiento de la regi\u00f3n.<em>\u00a0<\/em><\/p>\n<p style=\"text-align: justify;\">En la instancia se gener\u00f3 un espacio \u00edntimo para conocerse, dialogar y reflexionar en torno al mes de la mujer, y su relaci\u00f3n con el consumo de alcohol y otras drogas.<\/p>\n<p style=\"text-align: justify;\">\u201cEn este Mes de la Mujer, como servicio, reafirmamos nuestro compromiso con la <em>recuperaci\u00f3n, el futuro y los sue\u00f1os<\/em> de las mujeres que est\u00e1n en proceso de tratamiento por consumo de alcohol y otras drogas, adem\u00e1s de reconocer el trabajo de las profesionales que realizan la labor de dar acceso y atenci\u00f3n terap\u00e9utica a tantas mujeres que tienen que se enfrentan a brechas en el proceso de recuperaci\u00f3n de sus autonom\u00edas personales y econ\u00f3micas\u201d Coment\u00f3 el Director Regional (s) Carlos Jara Neguel<\/p>\n<p style=\"text-align: justify;\">En la misma l\u00ednea, el Director (s) del Servicio de Salud Ays\u00e9n, Mauricio Cort\u00e9s Molina, se\u00f1alo que, \u201cvisitamos la casa de mujeres, sobre la cual, tenemos un convenio vigente con Senda, en donde es muy importante mantener el trabajo colaborativo con ellos. Es un proyecto que haciende a m\u00e1s de 300 millones de pesos, donde hay un aporte importante de Senda por 270 millones y fracci\u00f3n y el resto lo hace nuestro servicio, en donde gracias a este importante convenio de colaboraci\u00f3n, podemos prestar este servicio, la casa de mujeres. Mujeres que por alg\u00fan motivo, necesitan el apoyo nuestro del sector salud, liderados por nuestro COSAM. Las que por alg\u00fan problema de adicci\u00f3n o consumo de drogas, tienen que ser rehabilitadas. Con esta actividad, logr\u00e9 conocer en terreno como se est\u00e1n trabajando mancomunadamente, nuestras profesionales, destacando el esp\u00edritu de trabajo y la importante labor que est\u00e1n realizando con las usuarias, para que as\u00ed, estas personas que han ca\u00eddo en este inconveniente, puedan salir adelante. As\u00ed que esto en s\u00ed, es un problema muy importante para nosotros, lo que hizo que saliera muy satisfecho de la forma en como est\u00e1n trabajando ellas, adem\u00e1s que pude conocer de primera fuente algunas personas que est\u00e1n internadas en esta casa y otras que est\u00e1n en forma ambulatoria, as\u00ed que destaco el trabajo que est\u00e1n realizando en esta casa<em>\u201d.<\/em><\/p>\n<p style=\"text-align: justify;\">Las usuarias, se mostraron muy agradecidas por la instancia, ya que adem\u00e1s de participar en este encuentro y reflexionar, fue un momento para compartir experiencias de vida.<\/p>\n<p style=\"text-align: justify;\">Hoy en d\u00eda, SENDA Ays\u00e9n cuenta con un programa de tratamiento con sensibilidad de g\u00e9nero para mujeres mayores de 18 a\u00f1os con consumo problem\u00e1tico de alcohol y otras drogas, que se encuentren afiliadas al Fondo Nacional de Salud (FONASA).<\/p>\n<p style=\"text-align: justify;\">En colaboraci\u00f3n con MINSAL, est\u00e1 disponible en modalidades de <strong>residencial<\/strong>, en la que pueden ingresar embarazadas y\/o con hijos (preferentemente menores de 5 a\u00f1os), y en modalidad <strong>ambulatoria<\/strong>. El programa cuenta con 73 centros de tratamiento en el pa\u00eds, asesorados t\u00e9cnica y financieramente por SENDA.<\/p>\n<\/div><\/section><\/div><div  style='height:50px' class='hr hr-invisible   avia-builder-el-6  el_after_av_one_full  el_before_av_social_share '><span class='hr-inner ' ><span class='hr-inner-style'><\/span><\/span><\/div><\/p>\n<div  class='av-social-sharing-box  avia-builder-el-7  el_after_av_hr  el_before_av_hr  '><div class='av-share-box'><h5 class='av-share-link-description av-no-toc '>Compartir esta noticia<\/h5><ul class='av-share-box-list noLightbox'><li class='av-share-link av-social-link-facebook' ><a target=\"_blank\" aria-label=\"Compartir en Facebook\" href='https:\/\/www.facebook.com\/sharer.php?u=https:\/\/radiorevelacionfm.cl\/?p=28696&#038;t=Con%20usuarias%20del%20centro%20de%20Tratamiento%20Residencial%2C%20Senda%20conmemora%20el%20D%C3%ADa%20Internacional%20de%20la%20Mujer' aria-hidden='false' data-av_icon='\ue8f3' data-av_iconfont='entypo-fontello' title='' data-avia-related-tooltip='Compartir en Facebook' rel=\"noopener\"><span class='avia_hidden_link_text'>Compartir en Facebook<\/span><\/a><\/li><li class='av-share-link av-social-link-twitter' ><a target=\"_blank\" aria-label=\"Compartir en Twitter\" href='https:\/\/twitter.com\/share?text=Con%20usuarias%20del%20centro%20de%20Tratamiento%20Residencial%2C%20Senda%20conmemora%20el%20D%C3%ADa%20Internacional%20de%20la%20Mujer&#038;url=https:\/\/radiorevelacionfm.cl\/?p=28696' aria-hidden='false' data-av_icon='\ue8f1' data-av_iconfont='entypo-fontello' title='' data-avia-related-tooltip='Compartir en Twitter' rel=\"noopener\"><span class='avia_hidden_link_text'>Compartir en Twitter<\/span><\/a><\/li><li class='av-share-link av-social-link-whatsapp' ><a target=\"_blank\" aria-label=\"Compartir en Whatsapp\" href='https:\/\/api.whatsapp.com\/send?text=https:\/\/radiorevelacionfm.cl\/?p=28696' aria-hidden='false' data-av_icon='\uf232' data-av_iconfont='entypo-fontello' title='' data-avia-related-tooltip='Compartir en Whatsapp' rel=\"noopener\"><span class='avia_hidden_link_text'>Compartir en Whatsapp<\/span><\/a><\/li><li class='av-share-link av-social-link-linkedin' ><a target=\"_blank\" aria-label=\"Compartir en LinkedIn\" href='https:\/\/linkedin.com\/shareArticle?mini=true&#038;title=Con%20usuarias%20del%20centro%20de%20Tratamiento%20Residencial%2C%20Senda%20conmemora%20el%20D%C3%ADa%20Internacional%20de%20la%20Mujer&#038;url=https:\/\/radiorevelacionfm.cl\/?p=28696' aria-hidden='false' data-av_icon='\ue8fc' data-av_iconfont='entypo-fontello' title='' data-avia-related-tooltip='Compartir en LinkedIn' rel=\"noopener\"><span class='avia_hidden_link_text'>Compartir en LinkedIn<\/span><\/a><\/li><li class='av-share-link av-social-link-mail' ><a  aria-label=\"Compartir por correo\" href='mailto:?subject=Con%20usuarias%20del%20centro%20de%20Tratamiento%20Residencial%2C%20Senda%20conmemora%20el%20D%C3%ADa%20Internacional%20de%20la%20Mujer&#038;body=https:\/\/radiorevelacionfm.cl\/?p=28696' aria-hidden='false' data-av_icon='\ue805' data-av_iconfont='entypo-fontello' title='' data-avia-related-tooltip='Compartir por correo'><span class='avia_hidden_link_text'>Compartir por correo<\/span><\/a><\/li><\/ul><\/div><\/div>\n<div  style='height:50px' class='hr hr-invisible   avia-builder-el-8  el_after_av_social_share  el_before_av_comments_list '><span class='hr-inner ' ><span class='hr-inner-style'><\/span><\/span><\/div>\n<div  class='av-buildercomment  av-blog-meta-html-info-disabled av-blog-meta-tag-disabled  '><\/div>\n","protected":false},"excerpt":{"rendered":"","protected":false},"author":1,"featured_media":28698,"comment_status":"open","ping_status":"open","sticky":false,"template":"","format":"standard","meta":{"footnotes":""},"categories":[38],"tags":[],"class_list":["post-28696","post","type-post","status-publish","format-standard","has-post-thumbnail","hentry","category-regional"],"jetpack_featured_media_url":"https:\/\/radiorevelacionfm.cl\/wp-content\/uploads\/2023\/03\/2-67-1_optimized.jpeg","_links":{"self":[{"href":"https:\/\/radiorevelacionfm.cl\/index.php?rest_route=\/wp\/v2\/posts\/28696","targetHints":{"allow":["GET"]}}],"collection":[{"href":"https:\/\/radiorevelacionfm.cl\/index.php?rest_route=\/wp\/v2\/posts"}],"about":[{"href":"https:\/\/radiorevelacionfm.cl\/index.php?rest_route=\/wp\/v2\/types\/post"}],"author":[{"embeddable":true,"href":"https:\/\/radiorevelacionfm.cl\/index.php?rest_route=\/wp\/v2\/users\/1"}],"replies":[{"embeddable":true,"href":"https:\/\/radiorevelacionfm.cl\/index.php?rest_route=%2Fwp%2Fv2%2Fcomments&post=28696"}],"version-history":[{"count":2,"href":"https:\/\/radiorevelacionfm.cl\/index.php?rest_route=\/wp\/v2\/posts\/28696\/revisions"}],"predecessor-version":[{"id":28702,"href":"https:\/\/radiorevelacionfm.cl\/index.php?rest_route=\/wp\/v2\/posts\/28696\/revisions\/28702"}],"wp:featuredmedia":[{"embeddable":true,"href":"https:\/\/radiorevelacionfm.cl\/index.php?rest_route=\/wp\/v2\/media\/28698"}],"wp:attachment":[{"href":"https:\/\/radiorevelacionfm.cl\/index.php?rest_route=%2Fwp%2Fv2%2Fmedia&parent=28696"}],"wp:term":[{"taxonomy":"category","embeddable":true,"href":"https:\/\/radiorevelacionfm.cl\/index.php?rest_route=%2Fwp%2Fv2%2Fcategories&post=28696"},{"taxonomy":"post_tag","embeddable":true,"href":"https:\/\/radiorevelacionfm.cl\/index.php?rest_route=%2Fwp%2Fv2%2Ftags&post=28696"}],"curies":[{"name":"wp","href":"https:\/\/api.w.org\/{rel}","templated":true}]}}