{"id":28693,"date":"2023-03-11T10:43:32","date_gmt":"2023-03-11T13:43:32","guid":{"rendered":"https:\/\/radiorevelacionfm.cl\/?p=28693"},"modified":"2023-03-11T10:43:32","modified_gmt":"2023-03-11T13:43:32","slug":"jornada-de-trabajo-realizara-gabinete-regional-con-motivo-del-primer-ano-de-gobierno","status":"publish","type":"post","link":"https:\/\/radiorevelacionfm.cl\/?p=28693","title":{"rendered":"Jornada de trabajo realizar\u00e1 Gabinete Regional con motivo del primer a\u00f1o de Gobierno"},"content":{"rendered":"<div class=\"flex_column av_one_full  flex_column_div av-zero-column-padding first  avia-builder-el-0  el_before_av_one_full  avia-builder-el-first  \" style='border-radius:0px; '><div  class='avia-image-container  av-styling-    avia-builder-el-1  avia-builder-el-no-sibling  avia-align-center '  itemprop=\"image\" itemscope=\"itemscope\" itemtype=\"https:\/\/schema.org\/ImageObject\"  ><div class='avia-image-container-inner'><div class='avia-image-overlay-wrap'><img decoding=\"async\" class='wp-image-28694 avia-img-lazy-loading-not-28694 avia_image' src=\"https:\/\/radiorevelacionfm.cl\/wp-content\/uploads\/2023\/03\/whatsapp-image-2023-03-10-at-16_optimized.36.46-1.jpeg\" alt='' title='whatsapp-image-2023-03-10-at-16_optimized.36.46-(1)' height=\"600\" width=\"900\"  itemprop=\"thumbnailUrl\" srcset=\"https:\/\/radiorevelacionfm.cl\/wp-content\/uploads\/2023\/03\/whatsapp-image-2023-03-10-at-16_optimized.36.46-1.jpeg 900w, https:\/\/radiorevelacionfm.cl\/wp-content\/uploads\/2023\/03\/whatsapp-image-2023-03-10-at-16_optimized.36.46-1-300x200.jpeg 300w, https:\/\/radiorevelacionfm.cl\/wp-content\/uploads\/2023\/03\/whatsapp-image-2023-03-10-at-16_optimized.36.46-1-768x512.jpeg 768w, https:\/\/radiorevelacionfm.cl\/wp-content\/uploads\/2023\/03\/whatsapp-image-2023-03-10-at-16_optimized.36.46-1-705x470.jpeg 705w, https:\/\/radiorevelacionfm.cl\/wp-content\/uploads\/2023\/03\/whatsapp-image-2023-03-10-at-16_optimized.36.46-1-600x400.jpeg 600w\" sizes=\"(max-width: 900px) 100vw, 900px\" \/><\/div><\/div><\/div><\/div><div class=\"flex_column av_one_full  flex_column_div av-zero-column-padding first  avia-builder-el-2  el_after_av_one_full  el_before_av_one_full  column-top-margin\" style='border-radius:0px; '><section class=\"av_textblock_section \"  itemscope=\"itemscope\" itemtype=\"https:\/\/schema.org\/BlogPosting\" itemprop=\"blogPost\" ><div class='avia_textblock  '   itemprop=\"text\" ><p style=\"font-weight: 400; text-align: center;\"><span style=\"font-size: 18pt;\"><strong>Jornada de trabajo realizar\u00e1 Gabinete Regional <\/strong><strong>con motivo del primer a\u00f1o de Gobierno<\/strong><\/span><\/p>\n<div id=\"gtx-trans\" style=\"position: absolute; left: -50px; top: 4.31534px;\">\n<div class=\"gtx-trans-icon\"><\/div>\n<\/div>\n<\/div><\/section><\/div><div class=\"flex_column av_one_full  flex_column_div av-zero-column-padding first  avia-builder-el-4  el_after_av_one_full  el_before_av_hr  column-top-margin\" style='border-radius:0px; '><section class=\"av_textblock_section \"  itemscope=\"itemscope\" itemtype=\"https:\/\/schema.org\/BlogPosting\" itemprop=\"blogPost\" ><div class='avia_textblock  '   itemprop=\"text\" ><p style=\"font-weight: 400; text-align: justify;\">Una jornada de trabajo centrada en la gesti\u00f3n realizada hasta ahora y en las prioridades de gobierno para este a\u00f1o en la regi\u00f3n, sostendr\u00e1 este s\u00e1bado el gabinete regional, encabezado por el Delegado Presidencial Regional de Ays\u00e9n, Rodrigo Araya.<\/p>\n<p style=\"font-weight: 400; text-align: justify;\">La cita se realizar\u00e1 en Coyhaique con participaci\u00f3n de los delegados presidenciales provinciales, secretarios regionales ministeriales, director regional de Corfo y coordinador Subdere.<\/p>\n<p style=\"font-weight: 400; text-align: justify;\">\u201cLa reactivaci\u00f3n econ\u00f3mica, el apoyo a los empresarios, los recursos que bajaron por Sercotec y CORFO son apoyos que fueron a sectores m\u00e1s afectados por la pandemia como el turismo; los recursos que pudimos optimizar para mantener la conectividad en el lago General Carrera mientras volv\u00eda la barcaza La Tehuelche a navegar; comprometer recursos en el Plan de Conectividad del Ministerio de Obras P\u00fablicas y Ministerio de Transportes, es relevante y es una se\u00f1al de que hemos tenido conciencia de los problemas de nuestro territorio y hemos trabajado con ah\u00ednco en definir y buscar los recursos para solucionar esos problemas\u201d, se\u00f1al\u00f3 el Delegado Rodrigo Araya en torno al per\u00edodo de an\u00e1lisis.<\/p>\n<p style=\"font-weight: 400; text-align: justify;\">A\u00f1adi\u00f3 que con esta jornada todo el gabinete reafirman su compromiso de trabajo para atender las necesidades de los habitantes de la regi\u00f3n, tal como se ha hecho hasta ahora. \u201cPor ejemplo, el aporte del Ministerio de Agricultura ante la Emergencia H\u00eddrica y Crisis de Invierno; las coordinaciones que logramos con los municipios y con el Ej\u00e9rcito para despejar los caminos en invierno, son cosas que nos hablan de acciones y desaf\u00edos\u201d.<\/p>\n<p style=\"font-weight: 400; text-align: justify;\">\u201cDentro de los desaf\u00edos \u2013a\u00f1adi\u00f3- tenemos la ejecuci\u00f3n del Plan de Conectividad, vienen muchos recursos durante los pr\u00f3ximos ocho a\u00f1os, que van a liberar recursos del Gobierno Regional para que se destinen a otros temas. Eso significa una reconversi\u00f3n del convenio de programaci\u00f3n que tiene el Ministerio P\u00fablico con el Gobierno Regional. Tambi\u00e9n, c\u00f3mo focalizamos los principales desaf\u00edos por el compromiso que nuestro Presidente adquiri\u00f3 en enero de este a\u00f1o con la firma del decreto para definir la Pol\u00edtica de Zonas Extremas. Hoy tenemos un trabajo con gobernadores y con los gobiernos locales para generar la cartera de proyectos que debemos concretar en los pr\u00f3ximos diez a\u00f1os\u201d.<\/p>\n<p style=\"font-weight: 400; text-align: justify;\">Junto a la Pol\u00edtica de Desarrollo de Zonas Extremas, Plan de Conectividad 2022-2030, reactivaci\u00f3n econ\u00f3mica y fomento productivo al sector rural, se destac\u00f3 el incremento presupuestario para la salud p\u00fablica regional y la Pol\u00edtica de Reactivaci\u00f3n Educativa Integral Seamos Comunidad, entre otros.<\/p>\n<p style=\"font-weight: 400; text-align: justify;\">Esta jornada de trabajo se desarrollar\u00e1 a nivel nacional, en tanto los avances sectoriales del primer a\u00f1o de gobierno pueden revisarse en\u00a0<a href=\"http:\/\/www.gob.cl\/chileavanzando\/\" data-saferedirecturl=\"https:\/\/www.google.com\/url?q=http:\/\/www.gob.cl\/chileavanzando\/&amp;source=gmail&amp;ust=1678565036404000&amp;usg=AOvVaw1J2GazEVZeR9FGffBzUXui\">www.gob.cl\/chileavanzando\/<\/a>.<\/p>\n<\/div><\/section><\/div><div  style='height:50px' class='hr hr-invisible   avia-builder-el-6  el_after_av_one_full  el_before_av_social_share '><span class='hr-inner ' ><span class='hr-inner-style'><\/span><\/span><\/div><\/p>\n<div  class='av-social-sharing-box  avia-builder-el-7  el_after_av_hr  el_before_av_hr  '><div class='av-share-box'><h5 class='av-share-link-description av-no-toc '>Compartir esta noticia<\/h5><ul class='av-share-box-list noLightbox'><li class='av-share-link av-social-link-facebook' ><a target=\"_blank\" aria-label=\"Compartir en Facebook\" href='https:\/\/www.facebook.com\/sharer.php?u=https:\/\/radiorevelacionfm.cl\/?p=28693&#038;t=Jornada%20de%20trabajo%20realizar%C3%A1%20Gabinete%20Regional%20con%20motivo%20del%20primer%20a%C3%B1o%20de%20Gobierno' aria-hidden='false' data-av_icon='\ue8f3' data-av_iconfont='entypo-fontello' title='' data-avia-related-tooltip='Compartir en Facebook' rel=\"noopener\"><span class='avia_hidden_link_text'>Compartir en Facebook<\/span><\/a><\/li><li class='av-share-link av-social-link-twitter' ><a target=\"_blank\" aria-label=\"Compartir en Twitter\" href='https:\/\/twitter.com\/share?text=Jornada%20de%20trabajo%20realizar%C3%A1%20Gabinete%20Regional%20con%20motivo%20del%20primer%20a%C3%B1o%20de%20Gobierno&#038;url=https:\/\/radiorevelacionfm.cl\/?p=28693' aria-hidden='false' data-av_icon='\ue8f1' data-av_iconfont='entypo-fontello' title='' data-avia-related-tooltip='Compartir en Twitter' rel=\"noopener\"><span class='avia_hidden_link_text'>Compartir en Twitter<\/span><\/a><\/li><li class='av-share-link av-social-link-whatsapp' ><a target=\"_blank\" aria-label=\"Compartir en Whatsapp\" href='https:\/\/api.whatsapp.com\/send?text=https:\/\/radiorevelacionfm.cl\/?p=28693' aria-hidden='false' data-av_icon='\uf232' data-av_iconfont='entypo-fontello' title='' data-avia-related-tooltip='Compartir en Whatsapp' rel=\"noopener\"><span class='avia_hidden_link_text'>Compartir en Whatsapp<\/span><\/a><\/li><li class='av-share-link av-social-link-linkedin' ><a target=\"_blank\" aria-label=\"Compartir en LinkedIn\" href='https:\/\/linkedin.com\/shareArticle?mini=true&#038;title=Jornada%20de%20trabajo%20realizar%C3%A1%20Gabinete%20Regional%20con%20motivo%20del%20primer%20a%C3%B1o%20de%20Gobierno&#038;url=https:\/\/radiorevelacionfm.cl\/?p=28693' aria-hidden='false' data-av_icon='\ue8fc' data-av_iconfont='entypo-fontello' title='' data-avia-related-tooltip='Compartir en LinkedIn' rel=\"noopener\"><span class='avia_hidden_link_text'>Compartir en LinkedIn<\/span><\/a><\/li><li class='av-share-link av-social-link-mail' ><a  aria-label=\"Compartir por correo\" href='mailto:?subject=Jornada%20de%20trabajo%20realizar%C3%A1%20Gabinete%20Regional%20con%20motivo%20del%20primer%20a%C3%B1o%20de%20Gobierno&#038;body=https:\/\/radiorevelacionfm.cl\/?p=28693' aria-hidden='false' data-av_icon='\ue805' data-av_iconfont='entypo-fontello' title='' data-avia-related-tooltip='Compartir por correo'><span class='avia_hidden_link_text'>Compartir por correo<\/span><\/a><\/li><\/ul><\/div><\/div>\n<div  style='height:50px' class='hr hr-invisible   avia-builder-el-8  el_after_av_social_share  el_before_av_comments_list '><span class='hr-inner ' ><span class='hr-inner-style'><\/span><\/span><\/div>\n<div  class='av-buildercomment  av-blog-meta-html-info-disabled av-blog-meta-tag-disabled  '><\/div>\n","protected":false},"excerpt":{"rendered":"","protected":false},"author":1,"featured_media":28694,"comment_status":"open","ping_status":"open","sticky":false,"template":"","format":"standard","meta":{"footnotes":""},"categories":[38],"tags":[],"class_list":["post-28693","post","type-post","status-publish","format-standard","has-post-thumbnail","hentry","category-regional"],"jetpack_featured_media_url":"https:\/\/radiorevelacionfm.cl\/wp-content\/uploads\/2023\/03\/whatsapp-image-2023-03-10-at-16_optimized.36.46-1.jpeg","_links":{"self":[{"href":"https:\/\/radiorevelacionfm.cl\/index.php?rest_route=\/wp\/v2\/posts\/28693","targetHints":{"allow":["GET"]}}],"collection":[{"href":"https:\/\/radiorevelacionfm.cl\/index.php?rest_route=\/wp\/v2\/posts"}],"about":[{"href":"https:\/\/radiorevelacionfm.cl\/index.php?rest_route=\/wp\/v2\/types\/post"}],"author":[{"embeddable":true,"href":"https:\/\/radiorevelacionfm.cl\/index.php?rest_route=\/wp\/v2\/users\/1"}],"replies":[{"embeddable":true,"href":"https:\/\/radiorevelacionfm.cl\/index.php?rest_route=%2Fwp%2Fv2%2Fcomments&post=28693"}],"version-history":[{"count":2,"href":"https:\/\/radiorevelacionfm.cl\/index.php?rest_route=\/wp\/v2\/posts\/28693\/revisions"}],"predecessor-version":[{"id":28707,"href":"https:\/\/radiorevelacionfm.cl\/index.php?rest_route=\/wp\/v2\/posts\/28693\/revisions\/28707"}],"wp:featuredmedia":[{"embeddable":true,"href":"https:\/\/radiorevelacionfm.cl\/index.php?rest_route=\/wp\/v2\/media\/28694"}],"wp:attachment":[{"href":"https:\/\/radiorevelacionfm.cl\/index.php?rest_route=%2Fwp%2Fv2%2Fmedia&parent=28693"}],"wp:term":[{"taxonomy":"category","embeddable":true,"href":"https:\/\/radiorevelacionfm.cl\/index.php?rest_route=%2Fwp%2Fv2%2Fcategories&post=28693"},{"taxonomy":"post_tag","embeddable":true,"href":"https:\/\/radiorevelacionfm.cl\/index.php?rest_route=%2Fwp%2Fv2%2Ftags&post=28693"}],"curies":[{"name":"wp","href":"https:\/\/api.w.org\/{rel}","templated":true}]}}