{"id":28685,"date":"2023-03-10T16:05:55","date_gmt":"2023-03-10T19:05:55","guid":{"rendered":"https:\/\/radiorevelacionfm.cl\/?p=28685"},"modified":"2023-03-10T16:05:55","modified_gmt":"2023-03-10T19:05:55","slug":"presidente-boric-y-cambio-de-gabinete-se-busca-conseguir-acuerdos-que-tengan-como-norte-el-bien-de-chile-y-de-su-gente-mas-alla-de-las-legitimas-diferencias-propias-de-la-politica","status":"publish","type":"post","link":"https:\/\/radiorevelacionfm.cl\/?p=28685","title":{"rendered":"Presidente Boric y cambio de gabinete: \u201cSe busca conseguir acuerdos que tengan como norte el bien de Chile y de su gente, m\u00e1s all\u00e1 de las leg\u00edtimas diferencias propias de la pol\u00edtica\u201d"},"content":{"rendered":"<div class=\"flex_column av_one_full  flex_column_div av-zero-column-padding first  avia-builder-el-0  el_before_av_one_full  avia-builder-el-first  \" style='border-radius:0px; '><div  class='avia-image-container  av-styling-    avia-builder-el-1  avia-builder-el-no-sibling  avia-align-center '  itemprop=\"image\" itemscope=\"itemscope\" itemtype=\"https:\/\/schema.org\/ImageObject\"  ><div class='avia-image-container-inner'><div class='avia-image-overlay-wrap'><img decoding=\"async\" class='wp-image-28686 avia-img-lazy-loading-not-28686 avia_image' src=\"https:\/\/radiorevelacionfm.cl\/wp-content\/uploads\/2023\/03\/Cambio-Gabinete-2023-1-1.jpeg\" alt='' title='Cambio Gabinete 2023 (1) (1)' height=\"600\" width=\"902\"  itemprop=\"thumbnailUrl\" srcset=\"https:\/\/radiorevelacionfm.cl\/wp-content\/uploads\/2023\/03\/Cambio-Gabinete-2023-1-1.jpeg 902w, https:\/\/radiorevelacionfm.cl\/wp-content\/uploads\/2023\/03\/Cambio-Gabinete-2023-1-1-300x200.jpeg 300w, https:\/\/radiorevelacionfm.cl\/wp-content\/uploads\/2023\/03\/Cambio-Gabinete-2023-1-1-768x511.jpeg 768w, https:\/\/radiorevelacionfm.cl\/wp-content\/uploads\/2023\/03\/Cambio-Gabinete-2023-1-1-705x469.jpeg 705w, https:\/\/radiorevelacionfm.cl\/wp-content\/uploads\/2023\/03\/Cambio-Gabinete-2023-1-1-600x399.jpeg 600w\" sizes=\"(max-width: 902px) 100vw, 902px\" \/><\/div><\/div><\/div><\/div><div class=\"flex_column av_one_full  flex_column_div av-zero-column-padding first  avia-builder-el-2  el_after_av_one_full  el_before_av_one_full  column-top-margin\" style='border-radius:0px; '><section class=\"av_textblock_section \"  itemscope=\"itemscope\" itemtype=\"https:\/\/schema.org\/BlogPosting\" itemprop=\"blogPost\" ><div class='avia_textblock  '   itemprop=\"text\" ><p style=\"text-align: center;\"><strong><span style=\"font-size: 18pt;\">Presidente Boric y cambio de gabinete: \u201cSe busca conseguir acuerdos que tengan como norte el bien de Chile y de su gente, m\u00e1s all\u00e1 de las leg\u00edtimas diferencias propias de la pol\u00edtica\u201d<\/span><\/strong><\/p>\n<div id=\"gtx-trans\" style=\"position: absolute; left: -50px; top: 4.31534px;\">\n<div class=\"gtx-trans-icon\"><\/div>\n<\/div>\n<\/div><\/section><\/div><div class=\"flex_column av_one_full  flex_column_div av-zero-column-padding first  avia-builder-el-4  el_after_av_one_full  el_before_av_hr  column-top-margin\" style='border-radius:0px; '><section class=\"av_textblock_section \"  itemscope=\"itemscope\" itemtype=\"https:\/\/schema.org\/BlogPosting\" itemprop=\"blogPost\" ><div class='avia_textblock  '   itemprop=\"text\" ><p style=\"text-align: justify;\">Este viernes el Presidente Gabriel Boric oficializ\u00f3 el cambio de gabinete que se esperaba hace semanas de cara al comienzo de su segundo a\u00f1o de gobierno.<\/p>\n<p style=\"text-align: justify;\">El mandatario modific\u00f3 su grupo de ministros con la salida de cinco integrantes del equipo. Destaca el cambio en Relaciones Exteriores, Obras P\u00fablicas y Cultura. Adem\u00e1s, se realiz\u00f3 por segunda vez un relevo en Ciencias y cambi\u00f3 15 subsecretar\u00edas.<\/p>\n<p style=\"text-align: justify;\">Se registr\u00f3 cambio en Obras P\u00fablicas donde Juan Carlos Garc\u00eda dej\u00f3 el cargo para que asumiera la economista y cercana al Partido Socialista Jessica L\u00f3pez. En Cultura, Julieta Brodsky dio paso para que asuma Jaime de Aguirre y en Deportes Alexandra Benado dej\u00f3 el ministerio que asumir\u00e1 el exvolante de Colo Colo y exsubsecretario de Deportes de Michelle Bachelet, Jaime Pizarro.<\/p>\n<p style=\"text-align: justify;\">Por segunda vez el Presidente Boric modific\u00f3 la jefatura del Ministerio de Ciencias, Tecnolog\u00eda e Innovaci\u00f3n. Esta vez Silvia D\u00edaz sali\u00f3 de la cartera que asumi\u00f3 Ais\u00e9n Etcheberry Escudero, abogada de la Universidad de Chile y desde el 2019 se desempe\u00f1aba como directora ejecutiva de la Comisi\u00f3n Nacional de Investigaci\u00f3n Cient\u00edfica y Tecnol\u00f3gica.<\/p>\n<p style=\"text-align: justify;\">Tambi\u00e9n se registraron modificaciones en 15 subsecretar\u00edas: Gobierno, Hacienda, Defensa, Turismo, de la Ni\u00f1ez, Educaci\u00f3n, Educaci\u00f3n Superior, Derechos Humanos, Salud P\u00fablica, Agricultura, Transporte, Bienes Nacionales y Energ\u00eda.<\/p>\n<p>En resumen:<\/p>\n<p>&#8211; Canciller\u00eda: Sale Antonia Urrejola. Entra Alberto van Klaveren.<\/p>\n<p>&#8211; MOP: Sale Juan Carlos Garc\u00eda. Entra Jessica L\u00f3pez.<\/p>\n<p>&#8211; Ciencia: Sale Silvia D\u00edaz. Entra Ais\u00e9n Etcheverry.<\/p>\n<p>&#8211; Deportes: Sale Alexandra Benado. Entra Jaime Pizarro.<\/p>\n<p>&#8211; Cultura: Sale Julieta Brodsky. Entra Jaime de Aguirre.<\/p>\n<p style=\"text-align: justify;\">El Presidente Boric indic\u00f3 que lo que se busca es\u00a0\u201cconseguir acuerdos que tengan como norte el bien de Chile y de su gente, m\u00e1s all\u00e1 de las leg\u00edtimas diferencias propias de la pol\u00edtica\u201d.<\/p>\n<\/div><\/section><\/div><div  style='height:50px' class='hr hr-invisible   avia-builder-el-6  el_after_av_one_full  el_before_av_social_share '><span class='hr-inner ' ><span class='hr-inner-style'><\/span><\/span><\/div><\/p>\n<div  class='av-social-sharing-box  avia-builder-el-7  el_after_av_hr  el_before_av_hr  '><div class='av-share-box'><h5 class='av-share-link-description av-no-toc '>Compartir esta noticia<\/h5><ul class='av-share-box-list noLightbox'><li class='av-share-link av-social-link-facebook' ><a target=\"_blank\" aria-label=\"Compartir en Facebook\" href='https:\/\/www.facebook.com\/sharer.php?u=https:\/\/radiorevelacionfm.cl\/?p=28685&#038;t=Presidente%20Boric%20y%20cambio%20de%20gabinete%3A%20%E2%80%9CSe%20busca%20conseguir%20acuerdos%20que%20tengan%20como%20norte%20el%20bien%20de%20Chile%20y%20de%20su%20gente%2C%20m%C3%A1s%20all%C3%A1%20de%20las%20leg%C3%ADtimas%20diferencias%20propias%20de%20la%20pol%C3%ADtica%E2%80%9D' aria-hidden='false' data-av_icon='\ue8f3' data-av_iconfont='entypo-fontello' title='' data-avia-related-tooltip='Compartir en Facebook' rel=\"noopener\"><span class='avia_hidden_link_text'>Compartir en Facebook<\/span><\/a><\/li><li class='av-share-link av-social-link-twitter' ><a target=\"_blank\" aria-label=\"Compartir en Twitter\" href='https:\/\/twitter.com\/share?text=Presidente%20Boric%20y%20cambio%20de%20gabinete%3A%20%E2%80%9CSe%20busca%20conseguir%20acuerdos%20que%20tengan%20como%20norte%20el%20bien%20de%20Chile%20y%20de%20su%20gente%2C%20m%C3%A1s%20all%C3%A1%20de%20las%20leg%C3%ADtimas%20diferencias%20propias%20de%20la%20pol%C3%ADtica%E2%80%9D&#038;url=https:\/\/radiorevelacionfm.cl\/?p=28685' aria-hidden='false' data-av_icon='\ue8f1' data-av_iconfont='entypo-fontello' title='' data-avia-related-tooltip='Compartir en Twitter' rel=\"noopener\"><span class='avia_hidden_link_text'>Compartir en Twitter<\/span><\/a><\/li><li class='av-share-link av-social-link-whatsapp' ><a target=\"_blank\" aria-label=\"Compartir en Whatsapp\" href='https:\/\/api.whatsapp.com\/send?text=https:\/\/radiorevelacionfm.cl\/?p=28685' aria-hidden='false' data-av_icon='\uf232' data-av_iconfont='entypo-fontello' title='' data-avia-related-tooltip='Compartir en Whatsapp' rel=\"noopener\"><span class='avia_hidden_link_text'>Compartir en Whatsapp<\/span><\/a><\/li><li class='av-share-link av-social-link-linkedin' ><a target=\"_blank\" aria-label=\"Compartir en LinkedIn\" href='https:\/\/linkedin.com\/shareArticle?mini=true&#038;title=Presidente%20Boric%20y%20cambio%20de%20gabinete%3A%20%E2%80%9CSe%20busca%20conseguir%20acuerdos%20que%20tengan%20como%20norte%20el%20bien%20de%20Chile%20y%20de%20su%20gente%2C%20m%C3%A1s%20all%C3%A1%20de%20las%20leg%C3%ADtimas%20diferencias%20propias%20de%20la%20pol%C3%ADtica%E2%80%9D&#038;url=https:\/\/radiorevelacionfm.cl\/?p=28685' aria-hidden='false' data-av_icon='\ue8fc' data-av_iconfont='entypo-fontello' title='' data-avia-related-tooltip='Compartir en LinkedIn' rel=\"noopener\"><span class='avia_hidden_link_text'>Compartir en LinkedIn<\/span><\/a><\/li><li class='av-share-link av-social-link-mail' ><a  aria-label=\"Compartir por correo\" href='mailto:?subject=Presidente%20Boric%20y%20cambio%20de%20gabinete%3A%20%E2%80%9CSe%20busca%20conseguir%20acuerdos%20que%20tengan%20como%20norte%20el%20bien%20de%20Chile%20y%20de%20su%20gente%2C%20m%C3%A1s%20all%C3%A1%20de%20las%20leg%C3%ADtimas%20diferencias%20propias%20de%20la%20pol%C3%ADtica%E2%80%9D&#038;body=https:\/\/radiorevelacionfm.cl\/?p=28685' aria-hidden='false' data-av_icon='\ue805' data-av_iconfont='entypo-fontello' title='' data-avia-related-tooltip='Compartir por correo'><span class='avia_hidden_link_text'>Compartir por correo<\/span><\/a><\/li><\/ul><\/div><\/div>\n<div  style='height:50px' class='hr hr-invisible   avia-builder-el-8  el_after_av_social_share  el_before_av_comments_list '><span class='hr-inner ' ><span class='hr-inner-style'><\/span><\/span><\/div>\n<div  class='av-buildercomment  av-blog-meta-html-info-disabled av-blog-meta-tag-disabled  '><\/div>\n","protected":false},"excerpt":{"rendered":"","protected":false},"author":1,"featured_media":28686,"comment_status":"open","ping_status":"open","sticky":false,"template":"","format":"standard","meta":{"footnotes":""},"categories":[61],"tags":[],"class_list":["post-28685","post","type-post","status-publish","format-standard","has-post-thumbnail","hentry","category-nacional"],"jetpack_featured_media_url":"https:\/\/radiorevelacionfm.cl\/wp-content\/uploads\/2023\/03\/Cambio-Gabinete-2023-1-1.jpeg","_links":{"self":[{"href":"https:\/\/radiorevelacionfm.cl\/index.php?rest_route=\/wp\/v2\/posts\/28685","targetHints":{"allow":["GET"]}}],"collection":[{"href":"https:\/\/radiorevelacionfm.cl\/index.php?rest_route=\/wp\/v2\/posts"}],"about":[{"href":"https:\/\/radiorevelacionfm.cl\/index.php?rest_route=\/wp\/v2\/types\/post"}],"author":[{"embeddable":true,"href":"https:\/\/radiorevelacionfm.cl\/index.php?rest_route=\/wp\/v2\/users\/1"}],"replies":[{"embeddable":true,"href":"https:\/\/radiorevelacionfm.cl\/index.php?rest_route=%2Fwp%2Fv2%2Fcomments&post=28685"}],"version-history":[{"count":2,"href":"https:\/\/radiorevelacionfm.cl\/index.php?rest_route=\/wp\/v2\/posts\/28685\/revisions"}],"predecessor-version":[{"id":28688,"href":"https:\/\/radiorevelacionfm.cl\/index.php?rest_route=\/wp\/v2\/posts\/28685\/revisions\/28688"}],"wp:featuredmedia":[{"embeddable":true,"href":"https:\/\/radiorevelacionfm.cl\/index.php?rest_route=\/wp\/v2\/media\/28686"}],"wp:attachment":[{"href":"https:\/\/radiorevelacionfm.cl\/index.php?rest_route=%2Fwp%2Fv2%2Fmedia&parent=28685"}],"wp:term":[{"taxonomy":"category","embeddable":true,"href":"https:\/\/radiorevelacionfm.cl\/index.php?rest_route=%2Fwp%2Fv2%2Fcategories&post=28685"},{"taxonomy":"post_tag","embeddable":true,"href":"https:\/\/radiorevelacionfm.cl\/index.php?rest_route=%2Fwp%2Fv2%2Ftags&post=28685"}],"curies":[{"name":"wp","href":"https:\/\/api.w.org\/{rel}","templated":true}]}}