{"id":28669,"date":"2023-03-10T09:53:37","date_gmt":"2023-03-10T12:53:37","guid":{"rendered":"https:\/\/radiorevelacionfm.cl\/?p=28669"},"modified":"2023-03-10T09:53:37","modified_gmt":"2023-03-10T12:53:37","slug":"inauguran-cuatro-nuevos-paraderos-de-locomocion-en-melinka","status":"publish","type":"post","link":"https:\/\/radiorevelacionfm.cl\/?p=28669","title":{"rendered":"Inauguran cuatro nuevos paraderos de locomoci\u00f3n en Melinka"},"content":{"rendered":"<div class=\"flex_column av_one_full  flex_column_div av-zero-column-padding first  avia-builder-el-0  el_before_av_one_full  avia-builder-el-first  \" style='border-radius:0px; '><div  class='avia-image-container  av-styling-    avia-builder-el-1  avia-builder-el-no-sibling  avia-align-center '  itemprop=\"image\" itemscope=\"itemscope\" itemtype=\"https:\/\/schema.org\/ImageObject\"  ><div class='avia-image-container-inner'><div class='avia-image-overlay-wrap'><img decoding=\"async\" class='wp-image-28670 avia-img-lazy-loading-not-28670 avia_image' src=\"https:\/\/radiorevelacionfm.cl\/wp-content\/uploads\/2023\/03\/330372506_2380961555405878_8629440159798731136_n-1-1.jpg\" alt='' title='330372506_2380961555405878_8629440159798731136_n (1) (1)' height=\"600\" width=\"800\"  itemprop=\"thumbnailUrl\" srcset=\"https:\/\/radiorevelacionfm.cl\/wp-content\/uploads\/2023\/03\/330372506_2380961555405878_8629440159798731136_n-1-1.jpg 800w, https:\/\/radiorevelacionfm.cl\/wp-content\/uploads\/2023\/03\/330372506_2380961555405878_8629440159798731136_n-1-1-300x225.jpg 300w, https:\/\/radiorevelacionfm.cl\/wp-content\/uploads\/2023\/03\/330372506_2380961555405878_8629440159798731136_n-1-1-768x576.jpg 768w, https:\/\/radiorevelacionfm.cl\/wp-content\/uploads\/2023\/03\/330372506_2380961555405878_8629440159798731136_n-1-1-705x529.jpg 705w, https:\/\/radiorevelacionfm.cl\/wp-content\/uploads\/2023\/03\/330372506_2380961555405878_8629440159798731136_n-1-1-600x450.jpg 600w\" sizes=\"(max-width: 800px) 100vw, 800px\" \/><\/div><\/div><\/div><\/div><div class=\"flex_column av_one_full  flex_column_div av-zero-column-padding first  avia-builder-el-2  el_after_av_one_full  el_before_av_one_full  column-top-margin\" style='border-radius:0px; '><section class=\"av_textblock_section \"  itemscope=\"itemscope\" itemtype=\"https:\/\/schema.org\/BlogPosting\" itemprop=\"blogPost\" ><div class='avia_textblock  '   itemprop=\"text\" ><p style=\"text-align: center;\"><strong><span style=\"font-size: 18pt;\">Inauguran cuatro nuevos paraderos de locomoci\u00f3n en Melinka<\/span><\/strong><\/p>\n<div id=\"gtx-trans\" style=\"position: absolute; left: -50px; top: 4.31534px;\">\n<div class=\"gtx-trans-icon\"><\/div>\n<\/div>\n<\/div><\/section><\/div><div class=\"flex_column av_one_full  flex_column_div av-zero-column-padding first  avia-builder-el-4  el_after_av_one_full  el_before_av_hr  column-top-margin\" style='border-radius:0px; '><section class=\"av_textblock_section \"  itemscope=\"itemscope\" itemtype=\"https:\/\/schema.org\/BlogPosting\" itemprop=\"blogPost\" ><div class='avia_textblock  '   itemprop=\"text\" ><p style=\"text-align: justify;\">La comuna de Guaitecas cuenta con cuatro nuevos paraderos que, si bien est\u00e1n habilitados desde hace un tiempo, se inauguraron este martes para entregarlos oficialmente a la comunidad.<\/p>\n<p style=\"text-align: justify;\">Los cuatro paraderos se construyeron gracias a un proyecto por m\u00e1s de 23 millones de pesos que la Municipalidad de Guaitecas se adjudic\u00f3 en la Subsecretar\u00eda de Desarrollo Regional, SUBDERE y que se origin\u00f3 por la necesidad de contribuir a la seguridad de la comunidad, sobre todo de los ni\u00f1os que esperan el transporte que los lleva al liceo.<\/p>\n<p style=\"text-align: justify;\">Los paraderos se habilitaron en el sector Las Antenas, otro en Playa Raya, uno frente al estadio municipal y el cuarto, en el cual adem\u00e1s se desarroll\u00f3 la inauguraci\u00f3n, en Costanera, actividad a la cual acudieron autoridades locales, vecinos y estudiantes de la comuna.<\/p>\n<p style=\"text-align: justify;\">El alcalde de Guaitecas Marcos Silva manifest\u00f3 su alegr\u00eda por poder poner a disposici\u00f3n de los estudiantes esta infraestructura en una zona en donde llueve pr\u00e1cticamente durante todo el a\u00f1o.<\/p>\n<p style=\"text-align: justify;\">\u201cFelices pues finalmente damos por terminado este proyecto, que si bien no es una gran inversi\u00f3n, es un tremendo aporte a la comunidad, en espacios e infraestructura, pues en nuestra comuna y en regi\u00f3n llueve pr\u00e1cticamente todo el a\u00f1o, las distancias para poder llegar al liceo son mayores y felizmente tenemos un recorrido de buses para la ni\u00f1as y ni\u00f1os y no por ser una isla no podamos tambi\u00e9n tener infraestructura para mejorar la calidad de vida de nuestra gente, sobre todo de nuestros estudiantes\u201d, dijo el alcalde Marcos Silva, quien reconoci\u00f3 el trabajo que desde la Secretar\u00eda de Planificaci\u00f3n de la Municipalidad de Guaitecas se realiza para desarrollar este tipo de iniciativas y agradeci\u00f3 a la SUBDERE por financiar este y muchos otros proyectos para la comuna.<\/p>\n<p style=\"text-align: justify;\">Por otro lado, el alcalde Silva indic\u00f3 que paulatinamente se han ido haciendo inversiones en las calles de Melinka para aumentar la seguridad de los automovilistas como de los peatones.<\/p>\n<p style=\"text-align: justify;\">\u201cHemos ido avanzado: tenemos las calles en mejores condiciones, tenemos resaltos para la reducci\u00f3n de velocidad y ahora tenemos estos paraderos que viene a hacerse cargo de una necesidad que hab\u00eda en la comuna\u201d, dijo finalmente el alcalde Marcos Silva quien destac\u00f3 adem\u00e1s que la nueva infraestructura contempl\u00f3 tejuelas, vinculadas a la identidad de la comuna y sus habitantes.<\/p>\n<\/div><\/section><\/div><div  style='height:50px' class='hr hr-invisible   avia-builder-el-6  el_after_av_one_full  el_before_av_social_share '><span class='hr-inner ' ><span class='hr-inner-style'><\/span><\/span><\/div><\/p>\n<div  class='av-social-sharing-box  avia-builder-el-7  el_after_av_hr  el_before_av_hr  '><div class='av-share-box'><h5 class='av-share-link-description av-no-toc '>Compartir esta noticia<\/h5><ul class='av-share-box-list noLightbox'><li class='av-share-link av-social-link-facebook' ><a target=\"_blank\" aria-label=\"Compartir en Facebook\" href='https:\/\/www.facebook.com\/sharer.php?u=https:\/\/radiorevelacionfm.cl\/?p=28669&#038;t=Inauguran%20cuatro%20nuevos%20paraderos%20de%20locomoci%C3%B3n%20en%20Melinka' aria-hidden='false' data-av_icon='\ue8f3' data-av_iconfont='entypo-fontello' title='' data-avia-related-tooltip='Compartir en Facebook' rel=\"noopener\"><span class='avia_hidden_link_text'>Compartir en Facebook<\/span><\/a><\/li><li class='av-share-link av-social-link-twitter' ><a target=\"_blank\" aria-label=\"Compartir en Twitter\" href='https:\/\/twitter.com\/share?text=Inauguran%20cuatro%20nuevos%20paraderos%20de%20locomoci%C3%B3n%20en%20Melinka&#038;url=https:\/\/radiorevelacionfm.cl\/?p=28669' aria-hidden='false' data-av_icon='\ue8f1' data-av_iconfont='entypo-fontello' title='' data-avia-related-tooltip='Compartir en Twitter' rel=\"noopener\"><span class='avia_hidden_link_text'>Compartir en Twitter<\/span><\/a><\/li><li class='av-share-link av-social-link-whatsapp' ><a target=\"_blank\" aria-label=\"Compartir en Whatsapp\" href='https:\/\/api.whatsapp.com\/send?text=https:\/\/radiorevelacionfm.cl\/?p=28669' aria-hidden='false' data-av_icon='\uf232' data-av_iconfont='entypo-fontello' title='' data-avia-related-tooltip='Compartir en Whatsapp' rel=\"noopener\"><span class='avia_hidden_link_text'>Compartir en Whatsapp<\/span><\/a><\/li><li class='av-share-link av-social-link-linkedin' ><a target=\"_blank\" aria-label=\"Compartir en LinkedIn\" href='https:\/\/linkedin.com\/shareArticle?mini=true&#038;title=Inauguran%20cuatro%20nuevos%20paraderos%20de%20locomoci%C3%B3n%20en%20Melinka&#038;url=https:\/\/radiorevelacionfm.cl\/?p=28669' aria-hidden='false' data-av_icon='\ue8fc' data-av_iconfont='entypo-fontello' title='' data-avia-related-tooltip='Compartir en LinkedIn' rel=\"noopener\"><span class='avia_hidden_link_text'>Compartir en LinkedIn<\/span><\/a><\/li><li class='av-share-link av-social-link-mail' ><a  aria-label=\"Compartir por correo\" href='mailto:?subject=Inauguran%20cuatro%20nuevos%20paraderos%20de%20locomoci%C3%B3n%20en%20Melinka&#038;body=https:\/\/radiorevelacionfm.cl\/?p=28669' aria-hidden='false' data-av_icon='\ue805' data-av_iconfont='entypo-fontello' title='' data-avia-related-tooltip='Compartir por correo'><span class='avia_hidden_link_text'>Compartir por correo<\/span><\/a><\/li><\/ul><\/div><\/div>\n<div  style='height:50px' class='hr hr-invisible   avia-builder-el-8  el_after_av_social_share  el_before_av_comments_list '><span class='hr-inner ' ><span class='hr-inner-style'><\/span><\/span><\/div>\n<div  class='av-buildercomment  av-blog-meta-html-info-disabled av-blog-meta-tag-disabled  '><\/div>\n","protected":false},"excerpt":{"rendered":"","protected":false},"author":1,"featured_media":28670,"comment_status":"open","ping_status":"open","sticky":false,"template":"","format":"standard","meta":{"footnotes":""},"categories":[38],"tags":[],"class_list":["post-28669","post","type-post","status-publish","format-standard","has-post-thumbnail","hentry","category-regional"],"jetpack_featured_media_url":"https:\/\/radiorevelacionfm.cl\/wp-content\/uploads\/2023\/03\/330372506_2380961555405878_8629440159798731136_n-1-1.jpg","_links":{"self":[{"href":"https:\/\/radiorevelacionfm.cl\/index.php?rest_route=\/wp\/v2\/posts\/28669","targetHints":{"allow":["GET"]}}],"collection":[{"href":"https:\/\/radiorevelacionfm.cl\/index.php?rest_route=\/wp\/v2\/posts"}],"about":[{"href":"https:\/\/radiorevelacionfm.cl\/index.php?rest_route=\/wp\/v2\/types\/post"}],"author":[{"embeddable":true,"href":"https:\/\/radiorevelacionfm.cl\/index.php?rest_route=\/wp\/v2\/users\/1"}],"replies":[{"embeddable":true,"href":"https:\/\/radiorevelacionfm.cl\/index.php?rest_route=%2Fwp%2Fv2%2Fcomments&post=28669"}],"version-history":[{"count":2,"href":"https:\/\/radiorevelacionfm.cl\/index.php?rest_route=\/wp\/v2\/posts\/28669\/revisions"}],"predecessor-version":[{"id":28672,"href":"https:\/\/radiorevelacionfm.cl\/index.php?rest_route=\/wp\/v2\/posts\/28669\/revisions\/28672"}],"wp:featuredmedia":[{"embeddable":true,"href":"https:\/\/radiorevelacionfm.cl\/index.php?rest_route=\/wp\/v2\/media\/28670"}],"wp:attachment":[{"href":"https:\/\/radiorevelacionfm.cl\/index.php?rest_route=%2Fwp%2Fv2%2Fmedia&parent=28669"}],"wp:term":[{"taxonomy":"category","embeddable":true,"href":"https:\/\/radiorevelacionfm.cl\/index.php?rest_route=%2Fwp%2Fv2%2Fcategories&post=28669"},{"taxonomy":"post_tag","embeddable":true,"href":"https:\/\/radiorevelacionfm.cl\/index.php?rest_route=%2Fwp%2Fv2%2Ftags&post=28669"}],"curies":[{"name":"wp","href":"https:\/\/api.w.org\/{rel}","templated":true}]}}