{"id":28663,"date":"2023-03-09T19:39:47","date_gmt":"2023-03-09T22:39:47","guid":{"rendered":"https:\/\/radiorevelacionfm.cl\/?p=28663"},"modified":"2023-03-09T19:39:47","modified_gmt":"2023-03-09T22:39:47","slug":"puerto-aysen-carabineros-detiene-a-sujeto-por-robo-con-violencia-tras-intimidar-a-la-victima-con-un-arma","status":"publish","type":"post","link":"https:\/\/radiorevelacionfm.cl\/?p=28663","title":{"rendered":"Puerto Ays\u00e9n: Carabineros detiene a sujeto por robo con violencia tras intimidar a la v\u00edctima con un arma"},"content":{"rendered":"<div class=\"flex_column av_one_full  flex_column_div av-zero-column-padding first  avia-builder-el-0  el_before_av_one_full  avia-builder-el-first  \" style='border-radius:0px; '><div  class='avia-image-container  av-styling-    avia-builder-el-1  avia-builder-el-no-sibling  avia-align-center '  itemprop=\"image\" itemscope=\"itemscope\" itemtype=\"https:\/\/schema.org\/ImageObject\"  ><div class='avia-image-container-inner'><div class='avia-image-overlay-wrap'><img decoding=\"async\" class='wp-image-28664 avia-img-lazy-loading-not-28664 avia_image' src=\"https:\/\/radiorevelacionfm.cl\/wp-content\/uploads\/2023\/03\/FqzeqzBXwAMNqhC-1-1.jpg\" alt='' title='FqzeqzBXwAMNqhC (1) (1)' height=\"600\" width=\"800\"  itemprop=\"thumbnailUrl\" srcset=\"https:\/\/radiorevelacionfm.cl\/wp-content\/uploads\/2023\/03\/FqzeqzBXwAMNqhC-1-1.jpg 800w, https:\/\/radiorevelacionfm.cl\/wp-content\/uploads\/2023\/03\/FqzeqzBXwAMNqhC-1-1-300x225.jpg 300w, https:\/\/radiorevelacionfm.cl\/wp-content\/uploads\/2023\/03\/FqzeqzBXwAMNqhC-1-1-768x576.jpg 768w, https:\/\/radiorevelacionfm.cl\/wp-content\/uploads\/2023\/03\/FqzeqzBXwAMNqhC-1-1-705x529.jpg 705w, https:\/\/radiorevelacionfm.cl\/wp-content\/uploads\/2023\/03\/FqzeqzBXwAMNqhC-1-1-600x450.jpg 600w\" sizes=\"(max-width: 800px) 100vw, 800px\" \/><\/div><\/div><\/div><\/div><div class=\"flex_column av_one_full  flex_column_div av-zero-column-padding first  avia-builder-el-2  el_after_av_one_full  el_before_av_one_full  column-top-margin\" style='border-radius:0px; '><section class=\"av_textblock_section \"  itemscope=\"itemscope\" itemtype=\"https:\/\/schema.org\/BlogPosting\" itemprop=\"blogPost\" ><div class='avia_textblock  '   itemprop=\"text\" ><p style=\"text-align: center;\"><strong><span style=\"font-size: 18pt;\">Puerto Ays\u00e9n: Carabineros detiene a sujeto por robo con violencia tras intimidar a la v\u00edctima con un arma<\/span><\/strong><\/p>\n<div id=\"gtx-trans\" style=\"position: absolute; left: -50px; top: 4.31534px;\">\n<div class=\"gtx-trans-icon\"><\/div>\n<\/div>\n<\/div><\/section><\/div><div class=\"flex_column av_one_full  flex_column_div av-zero-column-padding first  avia-builder-el-4  el_after_av_one_full  el_before_av_hr  column-top-margin\" style='border-radius:0px; '><section class=\"av_textblock_section \"  itemscope=\"itemscope\" itemtype=\"https:\/\/schema.org\/BlogPosting\" itemprop=\"blogPost\" ><div class='avia_textblock  '   itemprop=\"text\" ><p style=\"text-align: justify;\">Este mi\u00e9rcoles, 08 de marzo 2023, una mujer adulta fue v\u00edctima de un robo con violencia en el sector Pangal de Puerto Ays\u00e9n.<\/p>\n<p style=\"text-align: justify;\">De acuerdo a informaci\u00f3n proporcionada por el Fiscal (s) Jos\u00e9 Luis Palominos, \u00abayer se dio cuenta a la Fiscal\u00eda de Ays\u00e9n de un procedimiento que se verific\u00f3 a las 14:30 horas aproximadamente, en sector Pangal, donde una mujer mayor de edad fue abordada e interceptada por dos sujetos, se desarrollaron diversas diligencias con personal de Carabineros a fin de lograr determinar la participaci\u00f3n de los imputados, logrando individualizar a uno de ellos, alrededor de la medianoche se solicit\u00f3 la orden de detenci\u00f3n al Tribunal de Garant\u00eda de Puerto Ays\u00e9n y una orden de registro, la cual se materializ\u00f3 a eso de las 05:15 horas de hoy, se verific\u00f3 el control de detenci\u00f3n del imputado, y fue formalizado por robo con violencia\u00bb, detall\u00f3.<\/p>\n<p style=\"text-align: justify;\">Tras diligencias investigativas de la S.I.P. de la 2da. Comisar\u00eda de Puerto Ays\u00e9n, se logr\u00f3 concretar la detenci\u00f3n de un sujeto, el que habr\u00eda cometido robo con violencia, tras intimidar con un armamento de fantas\u00eda a su v\u00edctima, seg\u00fan informaci\u00f3n de Carabineros. El detenido, registrar\u00eda 14 detenciones previas, 7 de ellas por delitos contra la propiedad, siendo puesto a disposici\u00f3n de Tribunales.<\/p>\n<p style=\"text-align: justify;\">Se fij\u00f3 un plazo de 100 d\u00edas para la investigaci\u00f3n, la Fiscal\u00eda solicit\u00f3 la medida cautelar de prisi\u00f3n preventiva, la que no fue acogida por el Tribunal, por lo cual el Ministerio P\u00fablico dedujo recurso de apelaci\u00f3n a la Corte de Apelaciones de Coyhaique.<\/p>\n<\/div><\/section><\/div><div  style='height:50px' class='hr hr-invisible   avia-builder-el-6  el_after_av_one_full  el_before_av_social_share '><span class='hr-inner ' ><span class='hr-inner-style'><\/span><\/span><\/div><\/p>\n<div  class='av-social-sharing-box  avia-builder-el-7  el_after_av_hr  el_before_av_hr  '><div class='av-share-box'><h5 class='av-share-link-description av-no-toc '>Compartir esta noticia<\/h5><ul class='av-share-box-list noLightbox'><li class='av-share-link av-social-link-facebook' ><a target=\"_blank\" aria-label=\"Compartir en Facebook\" href='https:\/\/www.facebook.com\/sharer.php?u=https:\/\/radiorevelacionfm.cl\/?p=28663&#038;t=Puerto%20Ays%C3%A9n%3A%20Carabineros%20detiene%20a%20sujeto%20por%20robo%20con%20violencia%20tras%20intimidar%20a%20la%20v%C3%ADctima%20con%20un%20arma' aria-hidden='false' data-av_icon='\ue8f3' data-av_iconfont='entypo-fontello' title='' data-avia-related-tooltip='Compartir en Facebook' rel=\"noopener\"><span class='avia_hidden_link_text'>Compartir en Facebook<\/span><\/a><\/li><li class='av-share-link av-social-link-twitter' ><a target=\"_blank\" aria-label=\"Compartir en Twitter\" href='https:\/\/twitter.com\/share?text=Puerto%20Ays%C3%A9n%3A%20Carabineros%20detiene%20a%20sujeto%20por%20robo%20con%20violencia%20tras%20intimidar%20a%20la%20v%C3%ADctima%20con%20un%20arma&#038;url=https:\/\/radiorevelacionfm.cl\/?p=28663' aria-hidden='false' data-av_icon='\ue8f1' data-av_iconfont='entypo-fontello' title='' data-avia-related-tooltip='Compartir en Twitter' rel=\"noopener\"><span class='avia_hidden_link_text'>Compartir en Twitter<\/span><\/a><\/li><li class='av-share-link av-social-link-whatsapp' ><a target=\"_blank\" aria-label=\"Compartir en Whatsapp\" href='https:\/\/api.whatsapp.com\/send?text=https:\/\/radiorevelacionfm.cl\/?p=28663' aria-hidden='false' data-av_icon='\uf232' data-av_iconfont='entypo-fontello' title='' data-avia-related-tooltip='Compartir en Whatsapp' rel=\"noopener\"><span class='avia_hidden_link_text'>Compartir en Whatsapp<\/span><\/a><\/li><li class='av-share-link av-social-link-linkedin' ><a target=\"_blank\" aria-label=\"Compartir en LinkedIn\" href='https:\/\/linkedin.com\/shareArticle?mini=true&#038;title=Puerto%20Ays%C3%A9n%3A%20Carabineros%20detiene%20a%20sujeto%20por%20robo%20con%20violencia%20tras%20intimidar%20a%20la%20v%C3%ADctima%20con%20un%20arma&#038;url=https:\/\/radiorevelacionfm.cl\/?p=28663' aria-hidden='false' data-av_icon='\ue8fc' data-av_iconfont='entypo-fontello' title='' data-avia-related-tooltip='Compartir en LinkedIn' rel=\"noopener\"><span class='avia_hidden_link_text'>Compartir en LinkedIn<\/span><\/a><\/li><li class='av-share-link av-social-link-mail' ><a  aria-label=\"Compartir por correo\" href='mailto:?subject=Puerto%20Ays%C3%A9n%3A%20Carabineros%20detiene%20a%20sujeto%20por%20robo%20con%20violencia%20tras%20intimidar%20a%20la%20v%C3%ADctima%20con%20un%20arma&#038;body=https:\/\/radiorevelacionfm.cl\/?p=28663' aria-hidden='false' data-av_icon='\ue805' data-av_iconfont='entypo-fontello' title='' data-avia-related-tooltip='Compartir por correo'><span class='avia_hidden_link_text'>Compartir por correo<\/span><\/a><\/li><\/ul><\/div><\/div>\n<div  style='height:50px' class='hr hr-invisible   avia-builder-el-8  el_after_av_social_share  el_before_av_comments_list '><span class='hr-inner ' ><span class='hr-inner-style'><\/span><\/span><\/div>\n<div  class='av-buildercomment  av-blog-meta-html-info-disabled av-blog-meta-tag-disabled  '><\/div>\n","protected":false},"excerpt":{"rendered":"","protected":false},"author":1,"featured_media":28664,"comment_status":"open","ping_status":"open","sticky":false,"template":"","format":"standard","meta":{"footnotes":""},"categories":[36],"tags":[],"class_list":["post-28663","post","type-post","status-publish","format-standard","has-post-thumbnail","hentry","category-policial"],"jetpack_featured_media_url":"https:\/\/radiorevelacionfm.cl\/wp-content\/uploads\/2023\/03\/FqzeqzBXwAMNqhC-1-1.jpg","_links":{"self":[{"href":"https:\/\/radiorevelacionfm.cl\/index.php?rest_route=\/wp\/v2\/posts\/28663","targetHints":{"allow":["GET"]}}],"collection":[{"href":"https:\/\/radiorevelacionfm.cl\/index.php?rest_route=\/wp\/v2\/posts"}],"about":[{"href":"https:\/\/radiorevelacionfm.cl\/index.php?rest_route=\/wp\/v2\/types\/post"}],"author":[{"embeddable":true,"href":"https:\/\/radiorevelacionfm.cl\/index.php?rest_route=\/wp\/v2\/users\/1"}],"replies":[{"embeddable":true,"href":"https:\/\/radiorevelacionfm.cl\/index.php?rest_route=%2Fwp%2Fv2%2Fcomments&post=28663"}],"version-history":[{"count":2,"href":"https:\/\/radiorevelacionfm.cl\/index.php?rest_route=\/wp\/v2\/posts\/28663\/revisions"}],"predecessor-version":[{"id":28666,"href":"https:\/\/radiorevelacionfm.cl\/index.php?rest_route=\/wp\/v2\/posts\/28663\/revisions\/28666"}],"wp:featuredmedia":[{"embeddable":true,"href":"https:\/\/radiorevelacionfm.cl\/index.php?rest_route=\/wp\/v2\/media\/28664"}],"wp:attachment":[{"href":"https:\/\/radiorevelacionfm.cl\/index.php?rest_route=%2Fwp%2Fv2%2Fmedia&parent=28663"}],"wp:term":[{"taxonomy":"category","embeddable":true,"href":"https:\/\/radiorevelacionfm.cl\/index.php?rest_route=%2Fwp%2Fv2%2Fcategories&post=28663"},{"taxonomy":"post_tag","embeddable":true,"href":"https:\/\/radiorevelacionfm.cl\/index.php?rest_route=%2Fwp%2Fv2%2Ftags&post=28663"}],"curies":[{"name":"wp","href":"https:\/\/api.w.org\/{rel}","templated":true}]}}