{"id":28647,"date":"2023-03-09T17:30:56","date_gmt":"2023-03-09T20:30:56","guid":{"rendered":"https:\/\/radiorevelacionfm.cl\/?p=28647"},"modified":"2023-03-09T17:30:56","modified_gmt":"2023-03-09T20:30:56","slug":"alta-participacion-y-alto-porcentaje-de-iniciativas-lideradas-por-mujeres-marcan-cierre-de-concurso-para-el-sector-hortofruticola","status":"publish","type":"post","link":"https:\/\/radiorevelacionfm.cl\/?p=28647","title":{"rendered":"Alta participaci\u00f3n y alto porcentaje de iniciativas lideradas por mujeres marcan cierre de concurso para el sector hortofrut\u00edcola"},"content":{"rendered":"<div class=\"flex_column av_one_full  flex_column_div av-zero-column-padding first  avia-builder-el-0  el_before_av_one_full  avia-builder-el-first  \" style='border-radius:0px; '><div  class='avia-image-container  av-styling-    avia-builder-el-1  avia-builder-el-no-sibling  avia-align-center '  itemprop=\"image\" itemscope=\"itemscope\" itemtype=\"https:\/\/schema.org\/ImageObject\"  ><div class='avia-image-container-inner'><div class='avia-image-overlay-wrap'><img decoding=\"async\" class='wp-image-28648 avia-img-lazy-loading-not-28648 avia_image' src=\"https:\/\/radiorevelacionfm.cl\/wp-content\/uploads\/2023\/03\/z9a8682-1-1_optimized-1.jpg\" alt='' title='_z9a8682-(1)-(1)_optimized (1)' height=\"600\" width=\"900\"  itemprop=\"thumbnailUrl\" srcset=\"https:\/\/radiorevelacionfm.cl\/wp-content\/uploads\/2023\/03\/z9a8682-1-1_optimized-1.jpg 900w, https:\/\/radiorevelacionfm.cl\/wp-content\/uploads\/2023\/03\/z9a8682-1-1_optimized-1-300x200.jpg 300w, https:\/\/radiorevelacionfm.cl\/wp-content\/uploads\/2023\/03\/z9a8682-1-1_optimized-1-768x512.jpg 768w, https:\/\/radiorevelacionfm.cl\/wp-content\/uploads\/2023\/03\/z9a8682-1-1_optimized-1-705x470.jpg 705w, https:\/\/radiorevelacionfm.cl\/wp-content\/uploads\/2023\/03\/z9a8682-1-1_optimized-1-600x400.jpg 600w\" sizes=\"(max-width: 900px) 100vw, 900px\" \/><\/div><\/div><\/div><\/div><div class=\"flex_column av_one_full  flex_column_div av-zero-column-padding first  avia-builder-el-2  el_after_av_one_full  el_before_av_one_full  column-top-margin\" style='border-radius:0px; '><section class=\"av_textblock_section \"  itemscope=\"itemscope\" itemtype=\"https:\/\/schema.org\/BlogPosting\" itemprop=\"blogPost\" ><div class='avia_textblock  '   itemprop=\"text\" ><p style=\"text-align: center;\"><span style=\"font-size: 18pt;\"><b><span class=\"v1ContentPasted0\">Alta participaci\u00f3n y alto porcentaje de iniciativas lideradas por mujeres marcan cierre de concurso para el sector hortofrut\u00edcola<\/span><\/b><\/span><\/p>\n<div id=\"gtx-trans\" style=\"position: absolute; left: -50px; top: 4.31534px;\">\n<div class=\"gtx-trans-icon\"><\/div>\n<\/div>\n<\/div><\/section><\/div><div class=\"flex_column av_one_full  flex_column_div av-zero-column-padding first  avia-builder-el-4  el_after_av_one_full  el_before_av_hr  column-top-margin\" style='border-radius:0px; '><section class=\"av_textblock_section \"  itemscope=\"itemscope\" itemtype=\"https:\/\/schema.org\/BlogPosting\" itemprop=\"blogPost\" ><div class='avia_textblock  '   itemprop=\"text\" ><p class=\"v1MsoNormal\" style=\"text-align: justify;\"><span class=\"v1ContentPasted0\">Un total de 96 proyectos ingresaron a la plataforma de la Fundaci\u00f3n Para la Innovaci\u00f3n Agraria (FIA), como resultado de la convocatoria impulsada desde la secretaria regional Ministerial de Agricultura de Ays\u00e9n para apoyar proyectos\u00a0<\/span>de innovaci\u00f3n en el rubro hortofrut\u00edcola en la regi\u00f3n.<\/p>\n<p class=\"v1MsoNormal\" style=\"text-align: justify;\"><span class=\"v1ContentPasted0\">Se trata de una l\u00ednea de financiamiento para proyectos de inversi\u00f3n y equipamiento en el rubro, que buscan materializar iniciativas que impliquen mejorar los procesos de cultivos, otorgar valor agregado e incorporar nuevas tecnolog\u00edas.\u00a0<\/span><\/p>\n<p class=\"v1MsoNormal\" style=\"text-align: justify;\"><span class=\"v1ContentPasted0\">Lo anterior gracias a recursos del del Programa \u00abTransferencia y Fortalecimiento a la Inversi\u00f3n para el Rubro Hortofrut\u00edcola\u00bb, que desarrolla la Seremi de Agricultura con fondos\u00a0del Gobierno Regional, y con el apoyo de FIA e INDAP.\u00a0<\/span><\/p>\n<p class=\"v1MsoNormal\" style=\"text-align: justify;\"><span class=\"v1ContentPasted0\">\u00abEstamos muy contentos pues tenemos presencia de proyectos desde Lago Verde hasta Villa O&#8217;Higgins, lo que se\u00f1ala la importancia que tiene el rubro hortofrut\u00edcola en Ays\u00e9n y nos indica la necesidad de seguir potenciando este rubro que est\u00e1 muy ligado con nuestros lineamientos ministeriales en torno a la soberan\u00eda\u00a0y seguridad alimentaria\u00bb, destac\u00f3 el Seremi de Agricultura, Alan Espinoza Ortiz.\u00a0<\/span><\/p>\n<p class=\"v1MsoNormal\" style=\"text-align: justify;\"><span class=\"v1ContentPasted0\">En este sentido, Espinoza, destac\u00f3\u00a0el trabajo implementado para apoyo y asesor\u00eda a las interesadas e interesados, a trav\u00e9s de profesionales contratados a trav\u00e9s del\u00a0programa, as\u00ed como la apuesta de trabajo realizada por la instituci\u00f3n para difundir esta convocatoria en terreno.\u00a0<\/span><\/p>\n<p class=\"v1MsoNormal\" style=\"text-align: justify;\"><span class=\"v1ContentPasted0\">\u00abTal cual es nuestro mandato, nos reunimos con organizaciones de casi todo el territorio, se realizaron giras conversando con productores. Para as\u00ed, informar sobre esta convocatoria y aclarar dudas en terreno\u00bb, sintetiz\u00f3.\u00a0<\/span><\/p>\n<p class=\"v1MsoNormal\" style=\"text-align: justify;\"><span class=\"v1ContentPasted0\">La alta participaci\u00f3n en la convocatoria estuvo tambi\u00e9n marcada por la alta tasa de proyectos presentados por mujeres, ya que 51 de las 96 las iniciativas (51%) fueron propuestas elaboradas por mujeres que buscan solucionar problemas asociados a la producci\u00f3n y comercializaci\u00f3n de los productos.\u00a0\u00a0<\/span><\/p>\n<p class=\"v1MsoNormal\" style=\"text-align: justify;\"><span class=\"v1ContentPasted0\">Tras la recepci\u00f3n de los proyectos, el proceso de selecci\u00f3n y priorizaci\u00f3n de los proyectos ser\u00e1 realizado por profesionales de la Seremi de Agricultura, junto a FIA quienes deber\u00e1n tener los resultados durante el mes de abril, para la implementaci\u00f3n de las iniciativas que deber\u00e1n ser desarrolladas en un plazo de seis meses.\u00a0\u00a0<\/span><\/p>\n<\/div><\/section><\/div><div  style='height:50px' class='hr hr-invisible   avia-builder-el-6  el_after_av_one_full  el_before_av_social_share '><span class='hr-inner ' ><span class='hr-inner-style'><\/span><\/span><\/div><\/p>\n<div  class='av-social-sharing-box  avia-builder-el-7  el_after_av_hr  el_before_av_hr  '><div class='av-share-box'><h5 class='av-share-link-description av-no-toc '>Compartir esta noticia<\/h5><ul class='av-share-box-list noLightbox'><li class='av-share-link av-social-link-facebook' ><a target=\"_blank\" aria-label=\"Compartir en Facebook\" href='https:\/\/www.facebook.com\/sharer.php?u=https:\/\/radiorevelacionfm.cl\/?p=28647&#038;t=Alta%20participaci%C3%B3n%20y%20alto%20porcentaje%20de%20iniciativas%20lideradas%20por%20mujeres%20marcan%20cierre%20de%20concurso%20para%20el%20sector%20hortofrut%C3%ADcola' aria-hidden='false' data-av_icon='\ue8f3' data-av_iconfont='entypo-fontello' title='' data-avia-related-tooltip='Compartir en Facebook' rel=\"noopener\"><span class='avia_hidden_link_text'>Compartir en Facebook<\/span><\/a><\/li><li class='av-share-link av-social-link-twitter' ><a target=\"_blank\" aria-label=\"Compartir en Twitter\" href='https:\/\/twitter.com\/share?text=Alta%20participaci%C3%B3n%20y%20alto%20porcentaje%20de%20iniciativas%20lideradas%20por%20mujeres%20marcan%20cierre%20de%20concurso%20para%20el%20sector%20hortofrut%C3%ADcola&#038;url=https:\/\/radiorevelacionfm.cl\/?p=28647' aria-hidden='false' data-av_icon='\ue8f1' data-av_iconfont='entypo-fontello' title='' data-avia-related-tooltip='Compartir en Twitter' rel=\"noopener\"><span class='avia_hidden_link_text'>Compartir en Twitter<\/span><\/a><\/li><li class='av-share-link av-social-link-whatsapp' ><a target=\"_blank\" aria-label=\"Compartir en Whatsapp\" href='https:\/\/api.whatsapp.com\/send?text=https:\/\/radiorevelacionfm.cl\/?p=28647' aria-hidden='false' data-av_icon='\uf232' data-av_iconfont='entypo-fontello' title='' data-avia-related-tooltip='Compartir en Whatsapp' rel=\"noopener\"><span class='avia_hidden_link_text'>Compartir en Whatsapp<\/span><\/a><\/li><li class='av-share-link av-social-link-linkedin' ><a target=\"_blank\" aria-label=\"Compartir en LinkedIn\" href='https:\/\/linkedin.com\/shareArticle?mini=true&#038;title=Alta%20participaci%C3%B3n%20y%20alto%20porcentaje%20de%20iniciativas%20lideradas%20por%20mujeres%20marcan%20cierre%20de%20concurso%20para%20el%20sector%20hortofrut%C3%ADcola&#038;url=https:\/\/radiorevelacionfm.cl\/?p=28647' aria-hidden='false' data-av_icon='\ue8fc' data-av_iconfont='entypo-fontello' title='' data-avia-related-tooltip='Compartir en LinkedIn' rel=\"noopener\"><span class='avia_hidden_link_text'>Compartir en LinkedIn<\/span><\/a><\/li><li class='av-share-link av-social-link-mail' ><a  aria-label=\"Compartir por correo\" href='mailto:?subject=Alta%20participaci%C3%B3n%20y%20alto%20porcentaje%20de%20iniciativas%20lideradas%20por%20mujeres%20marcan%20cierre%20de%20concurso%20para%20el%20sector%20hortofrut%C3%ADcola&#038;body=https:\/\/radiorevelacionfm.cl\/?p=28647' aria-hidden='false' data-av_icon='\ue805' data-av_iconfont='entypo-fontello' title='' data-avia-related-tooltip='Compartir por correo'><span class='avia_hidden_link_text'>Compartir por correo<\/span><\/a><\/li><\/ul><\/div><\/div>\n<div  style='height:50px' class='hr hr-invisible   avia-builder-el-8  el_after_av_social_share  el_before_av_comments_list '><span class='hr-inner ' ><span class='hr-inner-style'><\/span><\/span><\/div>\n<div  class='av-buildercomment  av-blog-meta-html-info-disabled av-blog-meta-tag-disabled  '><\/div>\n","protected":false},"excerpt":{"rendered":"","protected":false},"author":1,"featured_media":28648,"comment_status":"open","ping_status":"open","sticky":false,"template":"","format":"standard","meta":{"footnotes":""},"categories":[58],"tags":[],"class_list":["post-28647","post","type-post","status-publish","format-standard","has-post-thumbnail","hentry","category-agricultura"],"jetpack_featured_media_url":"https:\/\/radiorevelacionfm.cl\/wp-content\/uploads\/2023\/03\/z9a8682-1-1_optimized-1.jpg","_links":{"self":[{"href":"https:\/\/radiorevelacionfm.cl\/index.php?rest_route=\/wp\/v2\/posts\/28647","targetHints":{"allow":["GET"]}}],"collection":[{"href":"https:\/\/radiorevelacionfm.cl\/index.php?rest_route=\/wp\/v2\/posts"}],"about":[{"href":"https:\/\/radiorevelacionfm.cl\/index.php?rest_route=\/wp\/v2\/types\/post"}],"author":[{"embeddable":true,"href":"https:\/\/radiorevelacionfm.cl\/index.php?rest_route=\/wp\/v2\/users\/1"}],"replies":[{"embeddable":true,"href":"https:\/\/radiorevelacionfm.cl\/index.php?rest_route=%2Fwp%2Fv2%2Fcomments&post=28647"}],"version-history":[{"count":2,"href":"https:\/\/radiorevelacionfm.cl\/index.php?rest_route=\/wp\/v2\/posts\/28647\/revisions"}],"predecessor-version":[{"id":28654,"href":"https:\/\/radiorevelacionfm.cl\/index.php?rest_route=\/wp\/v2\/posts\/28647\/revisions\/28654"}],"wp:featuredmedia":[{"embeddable":true,"href":"https:\/\/radiorevelacionfm.cl\/index.php?rest_route=\/wp\/v2\/media\/28648"}],"wp:attachment":[{"href":"https:\/\/radiorevelacionfm.cl\/index.php?rest_route=%2Fwp%2Fv2%2Fmedia&parent=28647"}],"wp:term":[{"taxonomy":"category","embeddable":true,"href":"https:\/\/radiorevelacionfm.cl\/index.php?rest_route=%2Fwp%2Fv2%2Fcategories&post=28647"},{"taxonomy":"post_tag","embeddable":true,"href":"https:\/\/radiorevelacionfm.cl\/index.php?rest_route=%2Fwp%2Fv2%2Ftags&post=28647"}],"curies":[{"name":"wp","href":"https:\/\/api.w.org\/{rel}","templated":true}]}}