{"id":28643,"date":"2023-03-09T16:26:04","date_gmt":"2023-03-09T19:26:04","guid":{"rendered":"https:\/\/radiorevelacionfm.cl\/?p=28643"},"modified":"2023-03-09T16:26:04","modified_gmt":"2023-03-09T19:26:04","slug":"un-99-de-avance-presentan-viviendas-para-las-108-familias-del-comite-calafate-patagon-de-puerto-aysen","status":"publish","type":"post","link":"https:\/\/radiorevelacionfm.cl\/?p=28643","title":{"rendered":"Un 99% de avance presentan viviendas para las 108 familias del comit\u00e9 \u201cCalafate Patag\u00f3n\u201d de Puerto Ays\u00e9n"},"content":{"rendered":"<div class=\"flex_column av_one_full  flex_column_div av-zero-column-padding first  avia-builder-el-0  el_before_av_one_full  avia-builder-el-first  \" style='border-radius:0px; '><div  class='avia-image-container  av-styling-    avia-builder-el-1  avia-builder-el-no-sibling  avia-align-center '  itemprop=\"image\" itemscope=\"itemscope\" itemtype=\"https:\/\/schema.org\/ImageObject\"  ><div class='avia-image-container-inner'><div class='avia-image-overlay-wrap'><img decoding=\"async\" class='wp-image-28644 avia-img-lazy-loading-not-28644 avia_image' src=\"https:\/\/radiorevelacionfm.cl\/wp-content\/uploads\/2023\/03\/foto-casa-proyecto-108-familias-puerto-aysen-1_optimized.jpg\" alt='' title='foto-casa-proyecto-108-familias-puerto-ays\u00e9n-(1)_optimized' height=\"600\" width=\"900\"  itemprop=\"thumbnailUrl\" srcset=\"https:\/\/radiorevelacionfm.cl\/wp-content\/uploads\/2023\/03\/foto-casa-proyecto-108-familias-puerto-aysen-1_optimized.jpg 900w, https:\/\/radiorevelacionfm.cl\/wp-content\/uploads\/2023\/03\/foto-casa-proyecto-108-familias-puerto-aysen-1_optimized-300x200.jpg 300w, https:\/\/radiorevelacionfm.cl\/wp-content\/uploads\/2023\/03\/foto-casa-proyecto-108-familias-puerto-aysen-1_optimized-768x512.jpg 768w, https:\/\/radiorevelacionfm.cl\/wp-content\/uploads\/2023\/03\/foto-casa-proyecto-108-familias-puerto-aysen-1_optimized-705x470.jpg 705w, https:\/\/radiorevelacionfm.cl\/wp-content\/uploads\/2023\/03\/foto-casa-proyecto-108-familias-puerto-aysen-1_optimized-600x400.jpg 600w\" sizes=\"(max-width: 900px) 100vw, 900px\" \/><\/div><\/div><\/div><\/div><div class=\"flex_column av_one_full  flex_column_div av-zero-column-padding first  avia-builder-el-2  el_after_av_one_full  el_before_av_one_full  column-top-margin\" style='border-radius:0px; '><section class=\"av_textblock_section \"  itemscope=\"itemscope\" itemtype=\"https:\/\/schema.org\/BlogPosting\" itemprop=\"blogPost\" ><div class='avia_textblock  '   itemprop=\"text\" ><p style=\"text-align: center;\"><strong><span style=\"font-size: 18pt;\">Un 99% de avance presentan viviendas para las 108 familias del comit\u00e9 \u201cCalafate Patag\u00f3n\u201d de Puerto Ays\u00e9n<\/span><\/strong><\/p>\n<div id=\"gtx-trans\" style=\"position: absolute; left: -50px; top: 4.31534px;\">\n<div class=\"gtx-trans-icon\"><\/div>\n<\/div>\n<\/div><\/section><\/div><div class=\"flex_column av_one_full  flex_column_div av-zero-column-padding first  avia-builder-el-4  el_after_av_one_full  el_before_av_hr  column-top-margin\" style='border-radius:0px; '><section class=\"av_textblock_section \"  itemscope=\"itemscope\" itemtype=\"https:\/\/schema.org\/BlogPosting\" itemprop=\"blogPost\" ><div class='avia_textblock  '   itemprop=\"text\" ><p style=\"text-align: justify;\">Un 99 por ciento de avance f\u00edsico presentan las obras de construcci\u00f3n de 108 viviendas para las familias integrantes de los comit\u00e9s \u201cCalafate\u201d y \u201cSue\u00f1o Patag\u00f3n\u201d de Puerto Ays\u00e9n, restando solo detalles menores y la conexi\u00f3n a los servicios b\u00e1sicos de agua y energ\u00eda el\u00e9ctrica, que deber\u00edan estar operativos en las pr\u00f3ximas semanas.<\/p>\n<p style=\"text-align: justify;\">As\u00ed lo pudieron comprobar el pasado domingo los futuros propietarios de este gran conjunto habitacional, quienes realizaron una visita a la obra junto a la Seremi de Vivienda, Paulina Ruz y representantes de la empresa constructora Bellavista, a cargo de la ejecuci\u00f3n de los trabajos. En la oportunidad pudieron recorrer el nuevo barrio, conocer en detalle la ubicaci\u00f3n espec\u00edfica de sus hogares y entrar a los tres modelos de vivienda que contempla el proyecto.<\/p>\n<p style=\"text-align: justify;\">Cabe precisar que se trata de familias que llevan cerca de 15 a\u00f1os trabajando para obtener su casa propia, proceso que ahora entra en su etapa final con el apoyo de la Entidad Patrocinante municipal, el Gobierno Regional, el Ministerio de Vivienda y la empresa Bellavista, que ya inici\u00f3 la solicitud de recepci\u00f3n para las casas que se ubican en Avenida Pangal, en el lote b 1 del sector Ribera Norte de Puerto Ays\u00e9n.<\/p>\n<p style=\"text-align: justify;\">Tras finalizar el recorrido la Seremi de Vivienda, Paulina Ruz, destac\u00f3 el trabajo que se ha venido desarrollando para consolidar un proyecto con soluciones de gran calidad y llamativo dise\u00f1o, tal como se merecen las 108 familias. \u201cEsto por supuesto que nos llena de alegr\u00eda, de emoci\u00f3n, ya que cada vez falta mucho menos para garantizar su derecho a la vivienda digna a todas estas familias de la comuna de Ays\u00e9n. Y en el marco de nuestro Plan de Emergencia Habitacional avanzamos en la tarea de construir mil 293 viviendas a lo largo de este periodo de los cuatro a\u00f1os de Gobierno contemplando viviendas nuevas, pero tambi\u00e9n acelerando los procesos de las que ya estaban en ejecuci\u00f3n, como es el caso de Calafate Patag\u00f3n. Adem\u00e1s de esta visita, que nos llena de satisfacci\u00f3n, vamos a seguir acompa\u00f1ado a las familias en todos los tramites que se requieran tal y como lo hemos estado haciendo desde un comienzo\u201d, afirm\u00f3.<\/p>\n<p style=\"text-align: justify;\">Para la Presidenta del comit\u00e9 \u201cCalafate\u201d, Patricia Hern\u00e1ndez, se trata de un momento hist\u00f3rico que sin duda los contagia de optimismo, ya que son familias que han esperado por muchos a\u00f1os y ven que el final del camino est\u00e1 cerca. \u201cIgual ten\u00eda harto susto el d\u00eda de hoy, pero el escuchar a los socios que est\u00e1n contentos, para m\u00ed eso ya es impagable. Ya me siento m\u00e1s tranquila, ahora esperar solo lo \u00faltimo que falta que ser\u00eda ma\u00f1ana tratar de finalizar el tema del agua. Pero estamos en espera, as\u00ed que ojal\u00e1 que se termine pronto esto, ellos llevan muchos a\u00f1os de espera y la gente est\u00e1 muy ansiosa. Nosotros como dirigentes tambi\u00e9n, porque ha sido un tremendo desaf\u00edo y llegar hasta ac\u00e1 ha sido complicado, pero hemos superado muchas etapas y ha sido grato poder terminar con este tema, as\u00ed que ojal\u00e1 todo sea lo m\u00e1s r\u00e1pido posible para que pronto cada uno est\u00e9 viviendo en sus casas\u201d, manifest\u00f3.<\/p>\n<p style=\"text-align: justify;\">De igual forma la Presidenta del comit\u00e9 \u201cSue\u00f1o Patag\u00f3n\u201d, Viviana Benavides, manifest\u00f3 su deseo de que las etapas administrativas que faltan se cierren sin inconvenientes, ya que hoy de verdad sienten que est\u00e1n muy cerca de cumplir este sue\u00f1o. \u201cS\u00ed, han sido hartos a\u00f1os, queda muy poco, dos semanas m\u00e1s y yo creo que la empresa ya podr\u00e1 entregar a la Direcci\u00f3n de Obras Municipales. La emoci\u00f3n fue grande, como yo empec\u00e9 a trabajar ac\u00e1 ya hab\u00eda visto las casas al comienzo, pero es diferente verlas ahora y contarle a la gente que sus casas est\u00e1n pr\u00e1cticamente terminadas y lo que estar\u00eda faltando es una conexi\u00f3n de aguas nada m\u00e1s. Queda muy poquito para cumplir nuestro anhelado sue\u00f1o, as\u00ed que un poquito de paciencia, esto ya se va concretar y la gente lo va a ver ahora que est\u00e1n recorriendo sus calles y sus casas\u201d, afirm\u00f3.<\/p>\n<p style=\"text-align: justify;\">Tanto los representantes de la empresa constructora, como las autoridades regionales del Minvu y las mismas dirigentas, coincidieron en que se mantendr\u00e1n alertas y coordinados para verificar el buen t\u00e9rmino de los tr\u00e1mites que faltan para cerrar este gran proyecto que contempla viviendas de 50 metros cuadrados en promedio, \u00e1reas verdes y una sala de uso m\u00faltiple, espacios que sin duda cambiar\u00e1n muy pronto y para siempre la vida de estas 108 familias de Puerto Ays\u00e9n.<\/p>\n<\/div><\/section><\/div><div  style='height:50px' class='hr hr-invisible   avia-builder-el-6  el_after_av_one_full  el_before_av_social_share '><span class='hr-inner ' ><span class='hr-inner-style'><\/span><\/span><\/div><\/p>\n<div  class='av-social-sharing-box  avia-builder-el-7  el_after_av_hr  el_before_av_hr  '><div class='av-share-box'><h5 class='av-share-link-description av-no-toc '>Compartir esta noticia<\/h5><ul class='av-share-box-list noLightbox'><li class='av-share-link av-social-link-facebook' ><a target=\"_blank\" aria-label=\"Compartir en Facebook\" href='https:\/\/www.facebook.com\/sharer.php?u=https:\/\/radiorevelacionfm.cl\/?p=28643&#038;t=Un%2099%25%20de%20avance%20presentan%20viviendas%20para%20las%20108%20familias%20del%20comit%C3%A9%20%E2%80%9CCalafate%20Patag%C3%B3n%E2%80%9D%20de%20Puerto%20Ays%C3%A9n' aria-hidden='false' data-av_icon='\ue8f3' data-av_iconfont='entypo-fontello' title='' data-avia-related-tooltip='Compartir en Facebook' rel=\"noopener\"><span class='avia_hidden_link_text'>Compartir en Facebook<\/span><\/a><\/li><li class='av-share-link av-social-link-twitter' ><a target=\"_blank\" aria-label=\"Compartir en Twitter\" href='https:\/\/twitter.com\/share?text=Un%2099%25%20de%20avance%20presentan%20viviendas%20para%20las%20108%20familias%20del%20comit%C3%A9%20%E2%80%9CCalafate%20Patag%C3%B3n%E2%80%9D%20de%20Puerto%20Ays%C3%A9n&#038;url=https:\/\/radiorevelacionfm.cl\/?p=28643' aria-hidden='false' data-av_icon='\ue8f1' data-av_iconfont='entypo-fontello' title='' data-avia-related-tooltip='Compartir en Twitter' rel=\"noopener\"><span class='avia_hidden_link_text'>Compartir en Twitter<\/span><\/a><\/li><li class='av-share-link av-social-link-whatsapp' ><a target=\"_blank\" aria-label=\"Compartir en Whatsapp\" href='https:\/\/api.whatsapp.com\/send?text=https:\/\/radiorevelacionfm.cl\/?p=28643' aria-hidden='false' data-av_icon='\uf232' data-av_iconfont='entypo-fontello' title='' data-avia-related-tooltip='Compartir en Whatsapp' rel=\"noopener\"><span class='avia_hidden_link_text'>Compartir en Whatsapp<\/span><\/a><\/li><li class='av-share-link av-social-link-linkedin' ><a target=\"_blank\" aria-label=\"Compartir en LinkedIn\" href='https:\/\/linkedin.com\/shareArticle?mini=true&#038;title=Un%2099%25%20de%20avance%20presentan%20viviendas%20para%20las%20108%20familias%20del%20comit%C3%A9%20%E2%80%9CCalafate%20Patag%C3%B3n%E2%80%9D%20de%20Puerto%20Ays%C3%A9n&#038;url=https:\/\/radiorevelacionfm.cl\/?p=28643' aria-hidden='false' data-av_icon='\ue8fc' data-av_iconfont='entypo-fontello' title='' data-avia-related-tooltip='Compartir en LinkedIn' rel=\"noopener\"><span class='avia_hidden_link_text'>Compartir en LinkedIn<\/span><\/a><\/li><li class='av-share-link av-social-link-mail' ><a  aria-label=\"Compartir por correo\" href='mailto:?subject=Un%2099%25%20de%20avance%20presentan%20viviendas%20para%20las%20108%20familias%20del%20comit%C3%A9%20%E2%80%9CCalafate%20Patag%C3%B3n%E2%80%9D%20de%20Puerto%20Ays%C3%A9n&#038;body=https:\/\/radiorevelacionfm.cl\/?p=28643' aria-hidden='false' data-av_icon='\ue805' data-av_iconfont='entypo-fontello' title='' data-avia-related-tooltip='Compartir por correo'><span class='avia_hidden_link_text'>Compartir por correo<\/span><\/a><\/li><\/ul><\/div><\/div>\n<div  style='height:50px' class='hr hr-invisible   avia-builder-el-8  el_after_av_social_share  el_before_av_comments_list '><span class='hr-inner ' ><span class='hr-inner-style'><\/span><\/span><\/div>\n<div  class='av-buildercomment  av-blog-meta-html-info-disabled av-blog-meta-tag-disabled  '><\/div>\n","protected":false},"excerpt":{"rendered":"","protected":false},"author":1,"featured_media":28644,"comment_status":"open","ping_status":"open","sticky":false,"template":"","format":"standard","meta":{"footnotes":""},"categories":[57],"tags":[],"class_list":["post-28643","post","type-post","status-publish","format-standard","has-post-thumbnail","hentry","category-vivienda"],"jetpack_featured_media_url":"https:\/\/radiorevelacionfm.cl\/wp-content\/uploads\/2023\/03\/foto-casa-proyecto-108-familias-puerto-aysen-1_optimized.jpg","_links":{"self":[{"href":"https:\/\/radiorevelacionfm.cl\/index.php?rest_route=\/wp\/v2\/posts\/28643","targetHints":{"allow":["GET"]}}],"collection":[{"href":"https:\/\/radiorevelacionfm.cl\/index.php?rest_route=\/wp\/v2\/posts"}],"about":[{"href":"https:\/\/radiorevelacionfm.cl\/index.php?rest_route=\/wp\/v2\/types\/post"}],"author":[{"embeddable":true,"href":"https:\/\/radiorevelacionfm.cl\/index.php?rest_route=\/wp\/v2\/users\/1"}],"replies":[{"embeddable":true,"href":"https:\/\/radiorevelacionfm.cl\/index.php?rest_route=%2Fwp%2Fv2%2Fcomments&post=28643"}],"version-history":[{"count":2,"href":"https:\/\/radiorevelacionfm.cl\/index.php?rest_route=\/wp\/v2\/posts\/28643\/revisions"}],"predecessor-version":[{"id":28646,"href":"https:\/\/radiorevelacionfm.cl\/index.php?rest_route=\/wp\/v2\/posts\/28643\/revisions\/28646"}],"wp:featuredmedia":[{"embeddable":true,"href":"https:\/\/radiorevelacionfm.cl\/index.php?rest_route=\/wp\/v2\/media\/28644"}],"wp:attachment":[{"href":"https:\/\/radiorevelacionfm.cl\/index.php?rest_route=%2Fwp%2Fv2%2Fmedia&parent=28643"}],"wp:term":[{"taxonomy":"category","embeddable":true,"href":"https:\/\/radiorevelacionfm.cl\/index.php?rest_route=%2Fwp%2Fv2%2Fcategories&post=28643"},{"taxonomy":"post_tag","embeddable":true,"href":"https:\/\/radiorevelacionfm.cl\/index.php?rest_route=%2Fwp%2Fv2%2Ftags&post=28643"}],"curies":[{"name":"wp","href":"https:\/\/api.w.org\/{rel}","templated":true}]}}