{"id":28639,"date":"2023-03-09T20:37:54","date_gmt":"2023-03-09T23:37:54","guid":{"rendered":"https:\/\/radiorevelacionfm.cl\/?p=28639"},"modified":"2023-03-09T20:37:54","modified_gmt":"2023-03-09T23:37:54","slug":"mejor-ninez-conmemoro-el-8m-con-un-conversatorio-sobre-violencia-de-genero-y-derechos-humanos","status":"publish","type":"post","link":"https:\/\/radiorevelacionfm.cl\/?p=28639","title":{"rendered":"Mejor Ni\u00f1ez conmemor\u00f3 el 8M con un conversatorio sobre violencia de g\u00e9nero y derechos humanos"},"content":{"rendered":"<div class=\"flex_column av_one_full  flex_column_div av-zero-column-padding first  avia-builder-el-0  el_before_av_one_full  avia-builder-el-first  \" style='border-radius:0px; '><div  class='avia-image-container  av-styling-    avia-builder-el-1  avia-builder-el-no-sibling  avia-align-center '  itemprop=\"image\" itemscope=\"itemscope\" itemtype=\"https:\/\/schema.org\/ImageObject\"  ><div class='avia-image-container-inner'><div class='avia-image-overlay-wrap'><img decoding=\"async\" class='wp-image-28640 avia-img-lazy-loading-not-28640 avia_image' src=\"https:\/\/radiorevelacionfm.cl\/wp-content\/uploads\/2023\/03\/1-46-1-1-1.jpg\" alt='' title='1 (46) (1) (1) (1)' height=\"600\" width=\"830\"  itemprop=\"thumbnailUrl\" srcset=\"https:\/\/radiorevelacionfm.cl\/wp-content\/uploads\/2023\/03\/1-46-1-1-1.jpg 830w, https:\/\/radiorevelacionfm.cl\/wp-content\/uploads\/2023\/03\/1-46-1-1-1-300x217.jpg 300w, https:\/\/radiorevelacionfm.cl\/wp-content\/uploads\/2023\/03\/1-46-1-1-1-768x555.jpg 768w, https:\/\/radiorevelacionfm.cl\/wp-content\/uploads\/2023\/03\/1-46-1-1-1-705x510.jpg 705w, https:\/\/radiorevelacionfm.cl\/wp-content\/uploads\/2023\/03\/1-46-1-1-1-600x434.jpg 600w\" sizes=\"(max-width: 830px) 100vw, 830px\" \/><\/div><\/div><\/div><\/div><div class=\"flex_column av_one_full  flex_column_div av-zero-column-padding first  avia-builder-el-2  el_after_av_one_full  el_before_av_one_full  column-top-margin\" style='border-radius:0px; '><section class=\"av_textblock_section \"  itemscope=\"itemscope\" itemtype=\"https:\/\/schema.org\/BlogPosting\" itemprop=\"blogPost\" ><div class='avia_textblock  '   itemprop=\"text\" ><p style=\"text-align: center;\"><strong><span style=\"font-size: 18pt;\">Mejor Ni\u00f1ez conmemor\u00f3 el 8M con un conversatorio sobre violencia de g\u00e9nero y derechos humanos<\/span><\/strong><\/p>\n<div id=\"gtx-trans\" style=\"position: absolute; left: -50px; top: 4.31534px;\">\n<div class=\"gtx-trans-icon\"><\/div>\n<\/div>\n<\/div><\/section><\/div><div class=\"flex_column av_one_full  flex_column_div av-zero-column-padding first  avia-builder-el-4  el_after_av_one_full  el_before_av_hr  column-top-margin\" style='border-radius:0px; '><section class=\"av_textblock_section \"  itemscope=\"itemscope\" itemtype=\"https:\/\/schema.org\/BlogPosting\" itemprop=\"blogPost\" ><div class='avia_textblock  '   itemprop=\"text\" ><p style=\"font-weight: 400; text-align: justify;\">La iniciativa uni\u00f3 a las profesionales de las distintas unidades de la direcci\u00f3n regional del Servicio Nacional de Protecci\u00f3n Especializada a la Ni\u00f1ez y Adolescencia y de la Residencia Familiar de administraci\u00f3n directa de Ays\u00e9n, en torno a la tem\u00e1tica de violencia hacia la mujer, mediante una exposici\u00f3n a cargo del Instituto Nacional de Derechos Humanos presente en la regi\u00f3n.<\/p>\n<p style=\"font-weight: 400; text-align: justify;\">Para Joaqu\u00edn Bizama, jefe regional del INDH y expositor de este conversatorio, esta actividad \u201ctuvo como objetivo entregar contexto, pero tambi\u00e9n las principales cifras de violencia hacia la mujer que lamentablemente es una realidad en nuestra regi\u00f3n. Entregamos los principales conceptos sobre los derechos humanos y los factores de riesgo que propician la violencia. Actualmente tenemos \u00edndices y datos muy elevados y preocupantes sobre violencia familiar donde las principales v\u00edctimas son mujeres y eso fue un tema que abordamos desde distintas miradas las que fueron expuestas con las funcionarias y profesionales que asistieron a esta actividad\u201d.<\/p>\n<p style=\"font-weight: 400; text-align: justify;\">En tanto, para el director regional del Servicio Nacional de Protecci\u00f3n Especializada a la ni\u00f1ez y Adolescencia Sergio Becerra, la realizaci\u00f3n de esta actividad indic\u00f3 \u201ces parte de las acciones que se enmarcan en el d\u00eda internacional de la mujer, donde encontramos propicio disponer de un espacio de conversaci\u00f3n especialmente dise\u00f1ado para nuestras funcionarias tanto de la direcci\u00f3n regional como las que pertenecen a la residencia familiar de administraci\u00f3n directa. Junto con ello relevamos a la mujer no s\u00f3lo en su d\u00eda, sino que tambi\u00e9n en toda \u00e9poca del a\u00f1o, destacando su aporte en cada una de las \u00e1reas de nuestra instituci\u00f3n con una mirada especialmente dirigida a la protecci\u00f3n de los ni\u00f1os, ni\u00f1as y adolescentes de nuestra extensa Patagonia\u201d.<\/p>\n<p style=\"font-weight: 400; text-align: justify;\">Consignar que desde dicho conversatorio es parte de una serie de acciones que se enmarcan en el mes de la mujer y que desde la direcci\u00f3n regional de Ays\u00e9n se est\u00e1n elaborando y que son dirigidas para las profesionales y funcionarias que son parte de la instituci\u00f3n en la Patagonia.<\/p>\n<p style=\"font-weight: 400; text-align: justify;\">Ante cualquier duda, consulta o denuncia respecto de violencia contra la mujer est\u00e1 disponible el Fono de orientaci\u00f3n en violencia contra las mujeres 1455. Dicho servicio telef\u00f3nico es gratuito y confidencial y est\u00e1 disponible las 24 horas del d\u00eda, todo el a\u00f1o (incluso festivos).<\/p>\n<\/div><\/section><\/div><div  style='height:50px' class='hr hr-invisible   avia-builder-el-6  el_after_av_one_full  el_before_av_social_share '><span class='hr-inner ' ><span class='hr-inner-style'><\/span><\/span><\/div><\/p>\n<div  class='av-social-sharing-box  avia-builder-el-7  el_after_av_hr  el_before_av_hr  '><div class='av-share-box'><h5 class='av-share-link-description av-no-toc '>Compartir esta noticia<\/h5><ul class='av-share-box-list noLightbox'><li class='av-share-link av-social-link-facebook' ><a target=\"_blank\" aria-label=\"Compartir en Facebook\" href='https:\/\/www.facebook.com\/sharer.php?u=https:\/\/radiorevelacionfm.cl\/?p=28639&#038;t=Mejor%20Ni%C3%B1ez%20conmemor%C3%B3%20el%208M%20con%20un%20conversatorio%20sobre%20violencia%20de%20g%C3%A9nero%20y%20derechos%20humanos' aria-hidden='false' data-av_icon='\ue8f3' data-av_iconfont='entypo-fontello' title='' data-avia-related-tooltip='Compartir en Facebook' rel=\"noopener\"><span class='avia_hidden_link_text'>Compartir en Facebook<\/span><\/a><\/li><li class='av-share-link av-social-link-twitter' ><a target=\"_blank\" aria-label=\"Compartir en Twitter\" href='https:\/\/twitter.com\/share?text=Mejor%20Ni%C3%B1ez%20conmemor%C3%B3%20el%208M%20con%20un%20conversatorio%20sobre%20violencia%20de%20g%C3%A9nero%20y%20derechos%20humanos&#038;url=https:\/\/radiorevelacionfm.cl\/?p=28639' aria-hidden='false' data-av_icon='\ue8f1' data-av_iconfont='entypo-fontello' title='' data-avia-related-tooltip='Compartir en Twitter' rel=\"noopener\"><span class='avia_hidden_link_text'>Compartir en Twitter<\/span><\/a><\/li><li class='av-share-link av-social-link-whatsapp' ><a target=\"_blank\" aria-label=\"Compartir en Whatsapp\" href='https:\/\/api.whatsapp.com\/send?text=https:\/\/radiorevelacionfm.cl\/?p=28639' aria-hidden='false' data-av_icon='\uf232' data-av_iconfont='entypo-fontello' title='' data-avia-related-tooltip='Compartir en Whatsapp' rel=\"noopener\"><span class='avia_hidden_link_text'>Compartir en Whatsapp<\/span><\/a><\/li><li class='av-share-link av-social-link-linkedin' ><a target=\"_blank\" aria-label=\"Compartir en LinkedIn\" href='https:\/\/linkedin.com\/shareArticle?mini=true&#038;title=Mejor%20Ni%C3%B1ez%20conmemor%C3%B3%20el%208M%20con%20un%20conversatorio%20sobre%20violencia%20de%20g%C3%A9nero%20y%20derechos%20humanos&#038;url=https:\/\/radiorevelacionfm.cl\/?p=28639' aria-hidden='false' data-av_icon='\ue8fc' data-av_iconfont='entypo-fontello' title='' data-avia-related-tooltip='Compartir en LinkedIn' rel=\"noopener\"><span class='avia_hidden_link_text'>Compartir en LinkedIn<\/span><\/a><\/li><li class='av-share-link av-social-link-mail' ><a  aria-label=\"Compartir por correo\" href='mailto:?subject=Mejor%20Ni%C3%B1ez%20conmemor%C3%B3%20el%208M%20con%20un%20conversatorio%20sobre%20violencia%20de%20g%C3%A9nero%20y%20derechos%20humanos&#038;body=https:\/\/radiorevelacionfm.cl\/?p=28639' aria-hidden='false' data-av_icon='\ue805' data-av_iconfont='entypo-fontello' title='' data-avia-related-tooltip='Compartir por correo'><span class='avia_hidden_link_text'>Compartir por correo<\/span><\/a><\/li><\/ul><\/div><\/div>\n<div  style='height:50px' class='hr hr-invisible   avia-builder-el-8  el_after_av_social_share  el_before_av_comments_list '><span class='hr-inner ' ><span class='hr-inner-style'><\/span><\/span><\/div>\n<div  class='av-buildercomment  av-blog-meta-html-info-disabled av-blog-meta-tag-disabled  '><\/div>\n","protected":false},"excerpt":{"rendered":"","protected":false},"author":1,"featured_media":28640,"comment_status":"open","ping_status":"open","sticky":false,"template":"","format":"standard","meta":{"footnotes":""},"categories":[38],"tags":[],"class_list":["post-28639","post","type-post","status-publish","format-standard","has-post-thumbnail","hentry","category-regional"],"jetpack_featured_media_url":"https:\/\/radiorevelacionfm.cl\/wp-content\/uploads\/2023\/03\/1-46-1-1-1.jpg","_links":{"self":[{"href":"https:\/\/radiorevelacionfm.cl\/index.php?rest_route=\/wp\/v2\/posts\/28639","targetHints":{"allow":["GET"]}}],"collection":[{"href":"https:\/\/radiorevelacionfm.cl\/index.php?rest_route=\/wp\/v2\/posts"}],"about":[{"href":"https:\/\/radiorevelacionfm.cl\/index.php?rest_route=\/wp\/v2\/types\/post"}],"author":[{"embeddable":true,"href":"https:\/\/radiorevelacionfm.cl\/index.php?rest_route=\/wp\/v2\/users\/1"}],"replies":[{"embeddable":true,"href":"https:\/\/radiorevelacionfm.cl\/index.php?rest_route=%2Fwp%2Fv2%2Fcomments&post=28639"}],"version-history":[{"count":2,"href":"https:\/\/radiorevelacionfm.cl\/index.php?rest_route=\/wp\/v2\/posts\/28639\/revisions"}],"predecessor-version":[{"id":28668,"href":"https:\/\/radiorevelacionfm.cl\/index.php?rest_route=\/wp\/v2\/posts\/28639\/revisions\/28668"}],"wp:featuredmedia":[{"embeddable":true,"href":"https:\/\/radiorevelacionfm.cl\/index.php?rest_route=\/wp\/v2\/media\/28640"}],"wp:attachment":[{"href":"https:\/\/radiorevelacionfm.cl\/index.php?rest_route=%2Fwp%2Fv2%2Fmedia&parent=28639"}],"wp:term":[{"taxonomy":"category","embeddable":true,"href":"https:\/\/radiorevelacionfm.cl\/index.php?rest_route=%2Fwp%2Fv2%2Fcategories&post=28639"},{"taxonomy":"post_tag","embeddable":true,"href":"https:\/\/radiorevelacionfm.cl\/index.php?rest_route=%2Fwp%2Fv2%2Ftags&post=28639"}],"curies":[{"name":"wp","href":"https:\/\/api.w.org\/{rel}","templated":true}]}}