{"id":28629,"date":"2023-03-09T12:01:44","date_gmt":"2023-03-09T15:01:44","guid":{"rendered":"https:\/\/radiorevelacionfm.cl\/?p=28629"},"modified":"2023-03-09T12:09:15","modified_gmt":"2023-03-09T15:09:15","slug":"nuevo-sistema-frontal-de-vientos-y-lluvias-que-afectaran-a-la-region-de-aysen-este-fin-de-semana","status":"publish","type":"post","link":"https:\/\/radiorevelacionfm.cl\/?p=28629","title":{"rendered":"Nuevo sistema frontal de vientos y lluvias afectar\u00e1n a la regi\u00f3n de Ays\u00e9n este fin de semana"},"content":{"rendered":"<div class=\"flex_column av_one_full  flex_column_div av-zero-column-padding first  avia-builder-el-0  el_before_av_one_full  avia-builder-el-first  \" style='border-radius:0px; '><div  class='avia-image-container  av-styling-    avia-builder-el-1  avia-builder-el-no-sibling  avia-align-center '  itemprop=\"image\" itemscope=\"itemscope\" itemtype=\"https:\/\/schema.org\/ImageObject\"  ><div class='avia-image-container-inner'><div class='avia-image-overlay-wrap'><img decoding=\"async\" class='wp-image-28630 avia-img-lazy-loading-not-28630 avia_image' src=\"https:\/\/radiorevelacionfm.cl\/wp-content\/uploads\/2023\/03\/330769872_1539630229892360_6600374853536414943_n-1-1.jpg\" alt='' title='330769872_1539630229892360_6600374853536414943_n (1) (1)' height=\"600\" width=\"850\"  itemprop=\"thumbnailUrl\" srcset=\"https:\/\/radiorevelacionfm.cl\/wp-content\/uploads\/2023\/03\/330769872_1539630229892360_6600374853536414943_n-1-1.jpg 850w, https:\/\/radiorevelacionfm.cl\/wp-content\/uploads\/2023\/03\/330769872_1539630229892360_6600374853536414943_n-1-1-300x212.jpg 300w, https:\/\/radiorevelacionfm.cl\/wp-content\/uploads\/2023\/03\/330769872_1539630229892360_6600374853536414943_n-1-1-768x542.jpg 768w, https:\/\/radiorevelacionfm.cl\/wp-content\/uploads\/2023\/03\/330769872_1539630229892360_6600374853536414943_n-1-1-260x185.jpg 260w, https:\/\/radiorevelacionfm.cl\/wp-content\/uploads\/2023\/03\/330769872_1539630229892360_6600374853536414943_n-1-1-705x498.jpg 705w, https:\/\/radiorevelacionfm.cl\/wp-content\/uploads\/2023\/03\/330769872_1539630229892360_6600374853536414943_n-1-1-600x424.jpg 600w\" sizes=\"(max-width: 850px) 100vw, 850px\" \/><\/div><\/div><\/div><\/div>\n<div class=\"flex_column av_one_full  flex_column_div av-zero-column-padding first  avia-builder-el-2  el_after_av_one_full  el_before_av_one_full  column-top-margin\" style='border-radius:0px; '><section class=\"av_textblock_section \"  itemscope=\"itemscope\" itemtype=\"https:\/\/schema.org\/BlogPosting\" itemprop=\"blogPost\" ><div class='avia_textblock  '   itemprop=\"text\" ><p style=\"text-align: center;\"><strong><span style=\"font-size: 18pt;\">Nuevo sistema frontal de vientos y lluvias afectar\u00e1n a la regi\u00f3n de Ays\u00e9n este fin de semana<\/span><\/strong><\/p>\n<div id=\"gtx-trans\" style=\"position: absolute; left: -50px; top: 4.31534px;\">\n<div class=\"gtx-trans-icon\"><\/div>\n<\/div>\n<\/div><\/section><\/div><div class=\"flex_column av_one_full  flex_column_div av-zero-column-padding first  avia-builder-el-4  el_after_av_one_full  el_before_av_hr  column-top-margin\" style='border-radius:0px; '><section class=\"av_textblock_section \"  itemscope=\"itemscope\" itemtype=\"https:\/\/schema.org\/BlogPosting\" itemprop=\"blogPost\" ><div class='avia_textblock  '   itemprop=\"text\" ><p style=\"text-align: justify;\">De acuerdo con la informaci\u00f3n proporcionada por la Direcci\u00f3n Meteorol\u00f3gica de Chile a trav\u00e9s de su Aviso Meteorol\u00f3gico A81\/2023, emitido el martes 07 de Marzo del 2023, en el que se indica viento normal a moderado, para la tarde del viernes 10 de Marzo de 2023 hasta la tarde del S\u00e1bado 11 de marzo del 2023 y que afectar\u00e1 a la Regi\u00f3n de Ays\u00e9n en la zona Insular norte. Condici\u00f3n sin\u00f3ptica sistema frontal.<\/p>\n<p style=\"text-align: justify;\">Adicionalmente el Aviso Meteorol\u00f3gico A83\/2023, emitido el mi\u00e9rcoles 08 de Marzo 2023, el cual indica Precipitaciones normales a moderadas con Isoterma Cero Alta, para la tarde del d\u00eda viernes 10 de Marzo de 2023 hasta la tarde del S\u00e1bado 11 de marzo del 2023, afectando zonas (Insular Norte, Litoral Interior Norte, Cordillera Austral Norte, Patagonia Subandina Norte) de la Regi\u00f3n de Ays\u00e9n. Condici\u00f3n sin\u00f3ptica Sistema Frontal.<\/p>\n<p style=\"text-align: justify;\">En consideraci\u00f3n a estos antecedentes meteorol\u00f3gicos y la existencia de factores propicios para deshielos en pre-cordillera y cordillera subandina, como tambi\u00e9n la ocurrencia de aumento de caudales en r\u00edos y arroyos. Los cuales podr\u00edan ocasionar interrupciones de conectividad, inundaciones y alteraciones de servicios b\u00e1sicos, el Servicio Nacional de Prevenci\u00f3n y respuesta ante desastres (SENAPRED) Declara Alerta Verde Temprana Preventiva para la Regi\u00f3n de Ays\u00e9n por Evento Meteorol\u00f3gico, vigente a contar de hoy y hasta que las condiciones meteorol\u00f3gicas as\u00ed lo ameriten.<\/p>\n<p style=\"text-align: justify;\">Con relaci\u00f3n a las precipitaciones se debe tener especial resguardo, por acumulaci\u00f3n de agua en sectores bajos, posibles aumentos de caudal de los cursos de agua con potencial desborde, por lo que se deber\u00e1 monitorear estado de r\u00edos y caminos. Adem\u00e1s, se deber\u00e1 mantener monitoreo de los cursos de agua y quebradas que se pudieran activar o generar arrastre de sedimento con las precipitaciones.<\/p>\n<p style=\"text-align: justify;\">En atenci\u00f3n a la condici\u00f3n de viento, el Sistema Nacional de Prevenci\u00f3n y Respuesta ante Desastres (SINAPRED), deber\u00e1 mantener las coordinaciones necesarias para la efectividad de los mecanismos de alerta y de gestiones de prevenci\u00f3n a fin de evitar situaciones de riesgo para la poblaci\u00f3n, ya que se podr\u00eda generar afectaci\u00f3n por voladuras de techumbres, alteraci\u00f3n de conectividad, interrupci\u00f3n de suministro el\u00e9ctrico y telef\u00f3nico por ca\u00eddas de \u00e1rboles o parte de sus ramas en tendido el\u00e9ctrico, tanto en sectores rurales como urbanos, adem\u00e1s se podr\u00eda afectar muros y cierres de sitios en construcci\u00f3n. Se recomienda a la poblaci\u00f3n asegurar techumbre de las viviendas, realizar poda de \u00e1rboles y ramas y asegurar objetos colgantes que pudieran desprenderse por acci\u00f3n del viento, generando situaciones de emergencia.<\/p>\n<\/div><\/section><\/div><\/p>\n<div  style='height:50px' class='hr hr-invisible   avia-builder-el-6  el_after_av_one_full  el_before_av_social_share '><span class='hr-inner ' ><span class='hr-inner-style'><\/span><\/span><\/div>\n<div  class='av-social-sharing-box  avia-builder-el-7  el_after_av_hr  el_before_av_hr  '><div class='av-share-box'><h5 class='av-share-link-description av-no-toc '>Compartir esta noticia<\/h5><ul class='av-share-box-list noLightbox'><li class='av-share-link av-social-link-facebook' ><a target=\"_blank\" aria-label=\"Compartir en Facebook\" href='https:\/\/www.facebook.com\/sharer.php?u=https:\/\/radiorevelacionfm.cl\/?p=28629&#038;t=Nuevo%20sistema%20frontal%20de%20vientos%20y%20lluvias%20afectar%C3%A1n%20a%20la%20regi%C3%B3n%20de%20Ays%C3%A9n%20este%20fin%20de%20semana' aria-hidden='false' data-av_icon='\ue8f3' data-av_iconfont='entypo-fontello' title='' data-avia-related-tooltip='Compartir en Facebook' rel=\"noopener\"><span class='avia_hidden_link_text'>Compartir en Facebook<\/span><\/a><\/li><li class='av-share-link av-social-link-twitter' ><a target=\"_blank\" aria-label=\"Compartir en Twitter\" href='https:\/\/twitter.com\/share?text=Nuevo%20sistema%20frontal%20de%20vientos%20y%20lluvias%20afectar%C3%A1n%20a%20la%20regi%C3%B3n%20de%20Ays%C3%A9n%20este%20fin%20de%20semana&#038;url=https:\/\/radiorevelacionfm.cl\/?p=28629' aria-hidden='false' data-av_icon='\ue8f1' data-av_iconfont='entypo-fontello' title='' data-avia-related-tooltip='Compartir en Twitter' rel=\"noopener\"><span class='avia_hidden_link_text'>Compartir en Twitter<\/span><\/a><\/li><li class='av-share-link av-social-link-whatsapp' ><a target=\"_blank\" aria-label=\"Compartir en Whatsapp\" href='https:\/\/api.whatsapp.com\/send?text=https:\/\/radiorevelacionfm.cl\/?p=28629' aria-hidden='false' data-av_icon='\uf232' data-av_iconfont='entypo-fontello' title='' data-avia-related-tooltip='Compartir en Whatsapp' rel=\"noopener\"><span class='avia_hidden_link_text'>Compartir en Whatsapp<\/span><\/a><\/li><li class='av-share-link av-social-link-linkedin' ><a target=\"_blank\" aria-label=\"Compartir en LinkedIn\" href='https:\/\/linkedin.com\/shareArticle?mini=true&#038;title=Nuevo%20sistema%20frontal%20de%20vientos%20y%20lluvias%20afectar%C3%A1n%20a%20la%20regi%C3%B3n%20de%20Ays%C3%A9n%20este%20fin%20de%20semana&#038;url=https:\/\/radiorevelacionfm.cl\/?p=28629' aria-hidden='false' data-av_icon='\ue8fc' data-av_iconfont='entypo-fontello' title='' data-avia-related-tooltip='Compartir en LinkedIn' rel=\"noopener\"><span class='avia_hidden_link_text'>Compartir en LinkedIn<\/span><\/a><\/li><li class='av-share-link av-social-link-mail' ><a  aria-label=\"Compartir por correo\" href='mailto:?subject=Nuevo%20sistema%20frontal%20de%20vientos%20y%20lluvias%20afectar%C3%A1n%20a%20la%20regi%C3%B3n%20de%20Ays%C3%A9n%20este%20fin%20de%20semana&#038;body=https:\/\/radiorevelacionfm.cl\/?p=28629' aria-hidden='false' data-av_icon='\ue805' data-av_iconfont='entypo-fontello' title='' data-avia-related-tooltip='Compartir por correo'><span class='avia_hidden_link_text'>Compartir por correo<\/span><\/a><\/li><\/ul><\/div><\/div>\n<div  style='height:50px' class='hr hr-invisible   avia-builder-el-8  el_after_av_social_share  el_before_av_comments_list '><span class='hr-inner ' ><span class='hr-inner-style'><\/span><\/span><\/div>\n<div  class='av-buildercomment  av-blog-meta-html-info-disabled av-blog-meta-tag-disabled  '><\/div>\n","protected":false},"excerpt":{"rendered":"","protected":false},"author":1,"featured_media":28630,"comment_status":"open","ping_status":"open","sticky":false,"template":"","format":"standard","meta":{"footnotes":""},"categories":[38],"tags":[],"class_list":["post-28629","post","type-post","status-publish","format-standard","has-post-thumbnail","hentry","category-regional"],"jetpack_featured_media_url":"https:\/\/radiorevelacionfm.cl\/wp-content\/uploads\/2023\/03\/330769872_1539630229892360_6600374853536414943_n-1-1.jpg","_links":{"self":[{"href":"https:\/\/radiorevelacionfm.cl\/index.php?rest_route=\/wp\/v2\/posts\/28629","targetHints":{"allow":["GET"]}}],"collection":[{"href":"https:\/\/radiorevelacionfm.cl\/index.php?rest_route=\/wp\/v2\/posts"}],"about":[{"href":"https:\/\/radiorevelacionfm.cl\/index.php?rest_route=\/wp\/v2\/types\/post"}],"author":[{"embeddable":true,"href":"https:\/\/radiorevelacionfm.cl\/index.php?rest_route=\/wp\/v2\/users\/1"}],"replies":[{"embeddable":true,"href":"https:\/\/radiorevelacionfm.cl\/index.php?rest_route=%2Fwp%2Fv2%2Fcomments&post=28629"}],"version-history":[{"count":4,"href":"https:\/\/radiorevelacionfm.cl\/index.php?rest_route=\/wp\/v2\/posts\/28629\/revisions"}],"predecessor-version":[{"id":28633,"href":"https:\/\/radiorevelacionfm.cl\/index.php?rest_route=\/wp\/v2\/posts\/28629\/revisions\/28633"}],"wp:featuredmedia":[{"embeddable":true,"href":"https:\/\/radiorevelacionfm.cl\/index.php?rest_route=\/wp\/v2\/media\/28630"}],"wp:attachment":[{"href":"https:\/\/radiorevelacionfm.cl\/index.php?rest_route=%2Fwp%2Fv2%2Fmedia&parent=28629"}],"wp:term":[{"taxonomy":"category","embeddable":true,"href":"https:\/\/radiorevelacionfm.cl\/index.php?rest_route=%2Fwp%2Fv2%2Fcategories&post=28629"},{"taxonomy":"post_tag","embeddable":true,"href":"https:\/\/radiorevelacionfm.cl\/index.php?rest_route=%2Fwp%2Fv2%2Ftags&post=28629"}],"curies":[{"name":"wp","href":"https:\/\/api.w.org\/{rel}","templated":true}]}}