{"id":28623,"date":"2023-03-09T11:21:56","date_gmt":"2023-03-09T14:21:56","guid":{"rendered":"https:\/\/radiorevelacionfm.cl\/?p=28623"},"modified":"2023-03-09T11:23:40","modified_gmt":"2023-03-09T14:23:40","slug":"dirigentes-de-once-sectores-rurales-se-capacitan-en-tematicas-claves-que-aborda-la-direccion-general-de-aguas-del-mop","status":"publish","type":"post","link":"https:\/\/radiorevelacionfm.cl\/?p=28623","title":{"rendered":"Dirigentes de once sectores rurales se capacitan en tem\u00e1ticas claves que aborda la Direcci\u00f3n General de Aguas del MOP"},"content":{"rendered":"<div class=\"flex_column av_one_full  flex_column_div av-zero-column-padding first  avia-builder-el-0  el_before_av_one_full  avia-builder-el-first  \" style='border-radius:0px; '><div  class='avia-image-container  av-styling-    avia-builder-el-1  avia-builder-el-no-sibling  avia-align-center '  itemprop=\"image\" itemscope=\"itemscope\" itemtype=\"https:\/\/schema.org\/ImageObject\"  ><div class='avia-image-container-inner'><div class='avia-image-overlay-wrap'><img decoding=\"async\" class='wp-image-28627 avia-img-lazy-loading-not-28627 avia_image' src=\"https:\/\/radiorevelacionfm.cl\/wp-content\/uploads\/2023\/03\/dga-4-def-2_optimized.jpg\" alt='' title='dga-4-def-(2)_optimized' height=\"600\" width=\"1105\"  itemprop=\"thumbnailUrl\" srcset=\"https:\/\/radiorevelacionfm.cl\/wp-content\/uploads\/2023\/03\/dga-4-def-2_optimized.jpg 1105w, https:\/\/radiorevelacionfm.cl\/wp-content\/uploads\/2023\/03\/dga-4-def-2_optimized-300x163.jpg 300w, https:\/\/radiorevelacionfm.cl\/wp-content\/uploads\/2023\/03\/dga-4-def-2_optimized-1030x559.jpg 1030w, https:\/\/radiorevelacionfm.cl\/wp-content\/uploads\/2023\/03\/dga-4-def-2_optimized-768x417.jpg 768w, https:\/\/radiorevelacionfm.cl\/wp-content\/uploads\/2023\/03\/dga-4-def-2_optimized-705x383.jpg 705w, https:\/\/radiorevelacionfm.cl\/wp-content\/uploads\/2023\/03\/dga-4-def-2_optimized-600x326.jpg 600w\" sizes=\"(max-width: 1105px) 100vw, 1105px\" \/><\/div><\/div><\/div><\/div><div class=\"flex_column av_one_full  flex_column_div av-zero-column-padding first  avia-builder-el-2  el_after_av_one_full  el_before_av_one_full  column-top-margin\" style='border-radius:0px; '><section class=\"av_textblock_section \"  itemscope=\"itemscope\" itemtype=\"https:\/\/schema.org\/BlogPosting\" itemprop=\"blogPost\" ><div class='avia_textblock  '   itemprop=\"text\" ><p style=\"text-align: center;\"><strong><span style=\"font-size: 18pt;\">Dirigentes de once sectores rurales se capacitan en tem\u00e1ticas claves que aborda la Direcci\u00f3n General de Aguas del MOP<\/span><\/strong><\/p>\n<div id=\"gtx-trans\" style=\"position: absolute; left: -50px; top: 4.31534px;\">\n<div class=\"gtx-trans-icon\"><\/div>\n<\/div>\n<\/div><\/section><\/div><\/p>\n<div class=\"flex_column av_one_full  flex_column_div av-zero-column-padding first  avia-builder-el-4  el_after_av_one_full  el_before_av_hr  column-top-margin\" style='border-radius:0px; '><section class=\"av_textblock_section \"  itemscope=\"itemscope\" itemtype=\"https:\/\/schema.org\/BlogPosting\" itemprop=\"blogPost\" ><div class='avia_textblock  '   itemprop=\"text\" ><p style=\"text-align: justify;\">El Secretario Regional Ministerial de Obras P\u00fablicas, Patricio Sanhueza Ulloa, destac\u00f3 esta semana la realizaci\u00f3n de una capacitaci\u00f3n a participantes del proyecto \u201cFormaci\u00f3n de Dirigentes Vecinales\u201d de once comunidades rurales de la comuna de Coyhaique y dirigentes de Comit\u00e9s de Servicios Sanitarios Rurales, en la funci\u00f3n que cumple la Direcci\u00f3n General de Aguas del MOP, la que es clave para el desarrollo de diversas \u00e1reas y sectores en la regi\u00f3n de Ays\u00e9n.<\/p>\n<p style=\"text-align: justify;\">Sobre el particular, el SEREMI del MOP indic\u00f3 \u201cNuestro Director de la Direcci\u00f3n General de Aguas en la regi\u00f3n de Ays\u00e9n H\u00e9ctor Cort\u00e9s Gaete y el abogado del Servicio Carlos Flores Olivares dieron a conocer a los y las dirigentes la funci\u00f3n que cumple la Direcci\u00f3n General de Aguas del MOP, las nuevas y aquellas que fueron fortalecidas dentro del contexto de la modificaci\u00f3n del C\u00f3digo de Aguas -publicada el 06 de abril de 2022- as\u00ed como tambi\u00e9n, respondieron las consultas de los asistentes relacionadas con el C\u00f3digo de Aguas, la fiscalizaci\u00f3n a las infracciones y los procedimientos asociados a la adquisici\u00f3n de derechos de aprovechamiento de Aguas. Instancias como estas nos dejan muy conformes, porque como gobierno y Ministerio de Obras P\u00fablicas estamos escuchando a las comunidades, retroalimentarnos con sus necesidades, experiencias y anhelos, as\u00ed como tambi\u00e9n los apoyamos con la entrega de los conocimientos de nuestros profesionales para que ellos cuenten con la orientaci\u00f3n y las herramientas necesarias para conocer nuestras \u00e1reas de expertiz, as\u00ed como tambi\u00e9n las tem\u00e1ticas que abordan otras Instituciones para que puedan acceder a ellas. Para nosotros acercar nuestro quehacer a la comunidad y trabajar juntos en actividades como estas son siempre bienvenidas, en particular cuando uno de los pilares centrales de nuestro gobierno es garantizar el acceso al agua como un derecho humano y bien com\u00fan para el desarrollo sustentable de nuestro pa\u00eds\u201d.<\/p>\n<p style=\"text-align: justify;\">De la comuna de Coyhaique, asistieron a la capacitaci\u00f3n dirigentes de Balmaceda, El Blanco, Valle Simpson, Villa Frei, R\u00edo Paloma, Callej\u00f3n Fournier, Seis Lagunas, R\u00edo Claro, Lago Atravesado y entre ellos estaba Gabriel Orellana, vecino de la comunidad de Valle Simpson quien evalu\u00f3 positivamente esta instancia, se\u00f1alando que \u201cnuestro objetivo era poder acercar las Direcciones del MOP hacia las comunidades cercanas a Coyhaique. Quer\u00edamos resolver un problema y enorme espacio que hay respecto a algunas facultades que tienen las Direcciones y por supuesto, quer\u00edamos resolver algunas tem\u00e1ticas que se presentan en el territorio rural como la extracci\u00f3n ilegal de aguas, derechos de aguas y extracciones de \u00e1ridos y se cumpli\u00f3 el objetivo. Fueron s\u00faper claras y din\u00e1micas las presentaciones por parte de los Directores y al mismo tiempo en resolver las preguntas. Tambi\u00e9n se generaron acuerdos, entre ellos una reuni\u00f3n con el SEREMI y ojal\u00e1 generar una mesa de trabajo. Fue bien nutrida la capacitaci\u00f3n, porque hay presidentes de Juntas de Vecinos que tienen 20 a\u00f1os de experiencia trabajando con comunidades y otros llevaban meses, as\u00ed que combinar esto en charlas y poder escuchar experiencias previas, soluciones y cu\u00e1les son los conductos regulares para llegar a una autoridad p\u00fablica, sin duda fueron muy \u00fatiles para los dirigentes vecinales. Antiguamente, la formaci\u00f3n de dirigentes vecinales era algo muy com\u00fan que se hac\u00eda, me imagino en los a\u00f1os 90 o a principios del 2000, me comentaban algunos dirigentes vecinales. Ahora, hacer este proyecto y realizarlo a trav\u00e9s del financiamiento del Gobierno Regional, fue un poco reactivar esto y encuentro que se logr\u00f3 lo que ten\u00edamos propuesto en el proyecto. Estamos muy satisfechos con el apoyo que tuvimos del Ministerio de Obras P\u00fablicas\u201d.<\/p>\n<p style=\"text-align: justify;\">El Director de la Direcci\u00f3n General de Aguas del MOP, H\u00e9ctor Cort\u00e9s Gaete coment\u00f3 la experiencia, resaltando que esta es parte de las actividades de difusi\u00f3n que realizan como Direcci\u00f3n de Aguas, la que se replic\u00f3 con la comunidad del sector Bajada R\u00edo Ib\u00e1\u00f1ez, en el marco de la participaci\u00f3n activa en la construcci\u00f3n de un trabajo mancomunado de nuestra Direcci\u00f3n con las vecinas, vecinos y comunidad, acci\u00f3n que continuaremos replicando en otros sectores de esta zona del pa\u00eds para escuchar y abordar en forma integral las necesidades de la comunidad. \u00a0\u201cEl proyecto de formaci\u00f3n de dirigentes vecinales de once comunidades rurales de la comuna de Coyhaique y dirigentes de los Servicios Sanitarios Rurales ex-APR fue una oportunidad de aprendizaje mutuo, en donde nuestros equipos entregaron sus conocimientos y experiencia a la comunidad y ellos y ellas compartieron con nosotros las diferentes experiencias que viven en cada sector del territorio, por lo tanto contribuyen a nuestro quehacer, y sirve de nexo para las propias vecinas y vecinos, quienes tienen la oportunidad de compartir con sus pares sus problem\u00e1ticas como las alternativas de soluci\u00f3n que aplican en cada sector de la comuna, y los intereses de cada uno, los que en esta ocasi\u00f3n abarcaron tem\u00e1ticas relativas al uso del agua, uso indiscriminado de esta, uso de pozos y la extracci\u00f3n de \u00e1ridos, y por nuestra parte informamos y orientamos a las y los vecinos hacia el Servicio P\u00fablico que canalice mejor sus necesidades. En esta tarea, tambi\u00e9n contamos con el apoyo del equipo de la Direcci\u00f3n Regional de Obras Hidr\u00e1ulicas y profesionales de la Ilustre Municipalidad de Coyhaique, quienes expusieron acerca de la planificaci\u00f3n territorial rural y aislamiento t\u00e9rmico para zonas rurales, as\u00ed que ha sido un trabajo muy enriquecedor para nosotros\u201d.<\/p>\n<\/div><\/section><\/div>\n<div  style='height:50px' class='hr hr-invisible   avia-builder-el-6  el_after_av_one_full  el_before_av_social_share '><span class='hr-inner ' ><span class='hr-inner-style'><\/span><\/span><\/div>\n<div  class='av-social-sharing-box  avia-builder-el-7  el_after_av_hr  el_before_av_hr  '><div class='av-share-box'><h5 class='av-share-link-description av-no-toc '>Compartir esta noticia<\/h5><ul class='av-share-box-list noLightbox'><li class='av-share-link av-social-link-facebook' ><a target=\"_blank\" aria-label=\"Compartir en Facebook\" href='https:\/\/www.facebook.com\/sharer.php?u=https:\/\/radiorevelacionfm.cl\/?p=28623&#038;t=Dirigentes%20de%20once%20sectores%20rurales%20se%20capacitan%20en%20tem%C3%A1ticas%20claves%20que%20aborda%20la%20Direcci%C3%B3n%20General%20de%20Aguas%20del%20MOP' aria-hidden='false' data-av_icon='\ue8f3' data-av_iconfont='entypo-fontello' title='' data-avia-related-tooltip='Compartir en Facebook' rel=\"noopener\"><span class='avia_hidden_link_text'>Compartir en Facebook<\/span><\/a><\/li><li class='av-share-link av-social-link-twitter' ><a target=\"_blank\" aria-label=\"Compartir en Twitter\" href='https:\/\/twitter.com\/share?text=Dirigentes%20de%20once%20sectores%20rurales%20se%20capacitan%20en%20tem%C3%A1ticas%20claves%20que%20aborda%20la%20Direcci%C3%B3n%20General%20de%20Aguas%20del%20MOP&#038;url=https:\/\/radiorevelacionfm.cl\/?p=28623' aria-hidden='false' data-av_icon='\ue8f1' data-av_iconfont='entypo-fontello' title='' data-avia-related-tooltip='Compartir en Twitter' rel=\"noopener\"><span class='avia_hidden_link_text'>Compartir en Twitter<\/span><\/a><\/li><li class='av-share-link av-social-link-whatsapp' ><a target=\"_blank\" aria-label=\"Compartir en Whatsapp\" href='https:\/\/api.whatsapp.com\/send?text=https:\/\/radiorevelacionfm.cl\/?p=28623' aria-hidden='false' data-av_icon='\uf232' data-av_iconfont='entypo-fontello' title='' data-avia-related-tooltip='Compartir en Whatsapp' rel=\"noopener\"><span class='avia_hidden_link_text'>Compartir en Whatsapp<\/span><\/a><\/li><li class='av-share-link av-social-link-linkedin' ><a target=\"_blank\" aria-label=\"Compartir en LinkedIn\" href='https:\/\/linkedin.com\/shareArticle?mini=true&#038;title=Dirigentes%20de%20once%20sectores%20rurales%20se%20capacitan%20en%20tem%C3%A1ticas%20claves%20que%20aborda%20la%20Direcci%C3%B3n%20General%20de%20Aguas%20del%20MOP&#038;url=https:\/\/radiorevelacionfm.cl\/?p=28623' aria-hidden='false' data-av_icon='\ue8fc' data-av_iconfont='entypo-fontello' title='' data-avia-related-tooltip='Compartir en LinkedIn' rel=\"noopener\"><span class='avia_hidden_link_text'>Compartir en LinkedIn<\/span><\/a><\/li><li class='av-share-link av-social-link-mail' ><a  aria-label=\"Compartir por correo\" href='mailto:?subject=Dirigentes%20de%20once%20sectores%20rurales%20se%20capacitan%20en%20tem%C3%A1ticas%20claves%20que%20aborda%20la%20Direcci%C3%B3n%20General%20de%20Aguas%20del%20MOP&#038;body=https:\/\/radiorevelacionfm.cl\/?p=28623' aria-hidden='false' data-av_icon='\ue805' data-av_iconfont='entypo-fontello' title='' data-avia-related-tooltip='Compartir por correo'><span class='avia_hidden_link_text'>Compartir por correo<\/span><\/a><\/li><\/ul><\/div><\/div>\n<div  style='height:50px' class='hr hr-invisible   avia-builder-el-8  el_after_av_social_share  el_before_av_comments_list '><span class='hr-inner ' ><span class='hr-inner-style'><\/span><\/span><\/div>\n<div  class='av-buildercomment  av-blog-meta-html-info-disabled av-blog-meta-tag-disabled  '><\/div>\n","protected":false},"excerpt":{"rendered":"","protected":false},"author":1,"featured_media":28627,"comment_status":"open","ping_status":"open","sticky":false,"template":"","format":"standard","meta":{"footnotes":""},"categories":[38],"tags":[],"class_list":["post-28623","post","type-post","status-publish","format-standard","has-post-thumbnail","hentry","category-regional"],"jetpack_featured_media_url":"https:\/\/radiorevelacionfm.cl\/wp-content\/uploads\/2023\/03\/dga-4-def-2_optimized.jpg","_links":{"self":[{"href":"https:\/\/radiorevelacionfm.cl\/index.php?rest_route=\/wp\/v2\/posts\/28623","targetHints":{"allow":["GET"]}}],"collection":[{"href":"https:\/\/radiorevelacionfm.cl\/index.php?rest_route=\/wp\/v2\/posts"}],"about":[{"href":"https:\/\/radiorevelacionfm.cl\/index.php?rest_route=\/wp\/v2\/types\/post"}],"author":[{"embeddable":true,"href":"https:\/\/radiorevelacionfm.cl\/index.php?rest_route=\/wp\/v2\/users\/1"}],"replies":[{"embeddable":true,"href":"https:\/\/radiorevelacionfm.cl\/index.php?rest_route=%2Fwp%2Fv2%2Fcomments&post=28623"}],"version-history":[{"count":3,"href":"https:\/\/radiorevelacionfm.cl\/index.php?rest_route=\/wp\/v2\/posts\/28623\/revisions"}],"predecessor-version":[{"id":28626,"href":"https:\/\/radiorevelacionfm.cl\/index.php?rest_route=\/wp\/v2\/posts\/28623\/revisions\/28626"}],"wp:featuredmedia":[{"embeddable":true,"href":"https:\/\/radiorevelacionfm.cl\/index.php?rest_route=\/wp\/v2\/media\/28627"}],"wp:attachment":[{"href":"https:\/\/radiorevelacionfm.cl\/index.php?rest_route=%2Fwp%2Fv2%2Fmedia&parent=28623"}],"wp:term":[{"taxonomy":"category","embeddable":true,"href":"https:\/\/radiorevelacionfm.cl\/index.php?rest_route=%2Fwp%2Fv2%2Fcategories&post=28623"},{"taxonomy":"post_tag","embeddable":true,"href":"https:\/\/radiorevelacionfm.cl\/index.php?rest_route=%2Fwp%2Fv2%2Ftags&post=28623"}],"curies":[{"name":"wp","href":"https:\/\/api.w.org\/{rel}","templated":true}]}}