{"id":28620,"date":"2023-03-09T14:43:53","date_gmt":"2023-03-09T17:43:53","guid":{"rendered":"https:\/\/radiorevelacionfm.cl\/?p=28620"},"modified":"2023-03-09T14:43:53","modified_gmt":"2023-03-09T17:43:53","slug":"en-el-marco-del-dia-internacional-de-la-mujer-coyhaiquinas-dialogan-sobre-su-autonomia-fisica","status":"publish","type":"post","link":"https:\/\/radiorevelacionfm.cl\/?p=28620","title":{"rendered":"En el marco del D\u00eda Internacional de la Mujer coyhaiquinas dialogan sobre su autonom\u00eda f\u00edsica"},"content":{"rendered":"<div class=\"flex_column av_one_full  flex_column_div av-zero-column-padding first  avia-builder-el-0  el_before_av_one_full  avia-builder-el-first  \" style='border-radius:0px; '><div  class='avia-image-container  av-styling-    avia-builder-el-1  avia-builder-el-no-sibling  avia-align-center '  itemprop=\"image\" itemscope=\"itemscope\" itemtype=\"https:\/\/schema.org\/ImageObject\"  ><div class='avia-image-container-inner'><div class='avia-image-overlay-wrap'><img decoding=\"async\" class='wp-image-28621 avia-img-lazy-loading-not-28621 avia_image' src=\"https:\/\/radiorevelacionfm.cl\/wp-content\/uploads\/2023\/03\/Conversatorio-8M-Coyhaique-19-1-1.jpg\" alt='' title='Conversatorio #8M Coyhaique (19) (1) (1)' height=\"600\" width=\"833\"  itemprop=\"thumbnailUrl\" srcset=\"https:\/\/radiorevelacionfm.cl\/wp-content\/uploads\/2023\/03\/Conversatorio-8M-Coyhaique-19-1-1.jpg 833w, https:\/\/radiorevelacionfm.cl\/wp-content\/uploads\/2023\/03\/Conversatorio-8M-Coyhaique-19-1-1-300x216.jpg 300w, https:\/\/radiorevelacionfm.cl\/wp-content\/uploads\/2023\/03\/Conversatorio-8M-Coyhaique-19-1-1-768x553.jpg 768w, https:\/\/radiorevelacionfm.cl\/wp-content\/uploads\/2023\/03\/Conversatorio-8M-Coyhaique-19-1-1-705x508.jpg 705w, https:\/\/radiorevelacionfm.cl\/wp-content\/uploads\/2023\/03\/Conversatorio-8M-Coyhaique-19-1-1-600x432.jpg 600w\" sizes=\"(max-width: 833px) 100vw, 833px\" \/><\/div><\/div><\/div><\/div><div class=\"flex_column av_one_full  flex_column_div av-zero-column-padding first  avia-builder-el-2  el_after_av_one_full  el_before_av_one_full  column-top-margin\" style='border-radius:0px; '><section class=\"av_textblock_section \"  itemscope=\"itemscope\" itemtype=\"https:\/\/schema.org\/BlogPosting\" itemprop=\"blogPost\" ><div class='avia_textblock  '   itemprop=\"text\" ><p style=\"text-align: center;\"><strong><span style=\"font-size: 18pt;\">En el marco del D\u00eda Internacional de la Mujer coyhaiquinas dialogan sobre su autonom\u00eda f\u00edsica<\/span><\/strong><\/p>\n<div id=\"gtx-trans\" style=\"position: absolute; left: -50px; top: 4.31534px;\">\n<div class=\"gtx-trans-icon\"><\/div>\n<\/div>\n<\/div><\/section><\/div><div class=\"flex_column av_one_full  flex_column_div av-zero-column-padding first  avia-builder-el-4  el_after_av_one_full  el_before_av_hr  column-top-margin\" style='border-radius:0px; '><section class=\"av_textblock_section \"  itemscope=\"itemscope\" itemtype=\"https:\/\/schema.org\/BlogPosting\" itemprop=\"blogPost\" ><div class='avia_textblock  '   itemprop=\"text\" ><p style=\"text-align: justify;\">\u00abMujer y placer sexual: un camino libre de culpas y violencias\u00bb se denomin\u00f3 el conversatorio, enmarcado en la conmemoraci\u00f3n del D\u00eda Internacional de la Mujer, organizado por el programa de Prevenci\u00f3n en Violencia contra las Mujeres del Servicio Nacional de la Mujer y la Equidad de G\u00e9nero, que se ejecuta en convenio con la Municipalidad de Coyhaique.<\/p>\n<p style=\"text-align: justify;\">La Seremi de la Mujer y la Equidad de G\u00e9nero, Andrea M\u00e9ndez Valenzuela, sostuvo que \u201ces importante este tipo de iniciativas, porque se les consult\u00f3 a las asistentes cu\u00e1l era su vinculaci\u00f3n con la educaci\u00f3n sexual y sus respuestas permiten hacer una revisi\u00f3n cr\u00edtica de la inexistencia de \u00e9sta y sus consecuencias. Tambi\u00e9n, nos entrega la enorme responsabilidad de pensar en una educaci\u00f3n sexual integral, que como Gobierno estamos promoviendo; justamente para resolver esta inequidad. As\u00ed mismo, para proyectar la vinculaci\u00f3n con la afectividad y la sexualidad, de manera mucho m\u00e1s positiva en las nuevas generaciones\u201d.<\/p>\n<p style=\"text-align: justify;\">Por su parte, la Directora Regional (S) de SernamEG, Carla Arriagada Malague\u00f1o, explic\u00f3 que \u201ces relevante destacar el trabajo que se efect\u00faa para alcanzar las autonom\u00edas de las mujeres en los \u00e1mbitos f\u00edsico, econ\u00f3mico y en la toma de decisiones. La autonom\u00eda f\u00edsica sigue siendo un aspecto que se encuentra transversalmente en diferentes \u00e1reas de desarrollo de las mujeres. Pero aquella relacionada con la libertad de los cuerpos es una deuda pendiente, por lo que quisimos sentarnos a conversar sobre la sexualidad y c\u00f3mo \u00e9sta se encuentra presente de manera particular y \u00fanica en la vida de cada una de ellas\u00bb.<\/p>\n<p style=\"text-align: justify;\">Junto con destacar el convenio entre ambas instituciones, la Encargada de la Oficina Municipal de la Mujer, Nicole Troc Soto, se refiri\u00f3 a la relevancia que tiene para la Municipalidad de Coyhaique dar respuesta a las necesidades de las mujeres en el territorio. Respecto a la actividad, precis\u00f3: \u201cesta es una iniciativa para seguir empoderando a las mujeres, para la Oficina Municipal de la Mujer es una tarea constante el relevar el papel de la mujer en la sociedad, pero nos hemos dado cuenta que en la autonom\u00eda f\u00edsica debemos incentivar m\u00e1s acciones que la promuevan, tanto en sus derechos relativos a su sexualidad como a una vida libre de violencia\u201d.<\/p>\n<p style=\"text-align: justify;\">MUJER Y PLACER SEXUAL<\/p>\n<p style=\"text-align: justify;\">Catalina Ram\u00edrez Pontigo, comunicadora y creativa, diplomada en Sexualidad, fue la encargada de dirigir la actividad, de forma l\u00fadica propici\u00f3 una escucha activa de las experiencias de las participantes del encuentro; y al mismo tiempo, entreg\u00f3 informaci\u00f3n actualizada sobre sexualidad, autoestima, entre otras materias. Respecto a la recepci\u00f3n de las participantes, mencion\u00f3 que \u00abven\u00eda con varios prejuicios de que aqu\u00ed en la regi\u00f3n eran muy conservadoras e iba a costar que entraran en confianza. Por eso, realic\u00e9 una din\u00e1mica que no era tan personal, y al poco andar, comenzamos a contarnos toda la vida. Eso me parece que nos uni\u00f3, lo que nos permiti\u00f3 escuchar relatos que son transversales y darse cuenta de que todav\u00eda hay gente que necesita aprender, eso me da m\u00e1s ganas de estar en esta labor. Super\u00f3 mis expectativas\u00bb.<\/p>\n<p style=\"text-align: justify;\">Una de las asistentes al conversatorio fue Macarena Silva Espinoza, quien dio a conocer su experiencia, precisando que \u201cfue muy interesante juntarnos a hablar sobre sexualidad, ya que no existen muchos espacios donde se\u00a0 pueda conversar abiertamente. Me quedo con la impresi\u00f3n de que a todas nos hac\u00eda mucha falta. Cuando se abri\u00f3 la conversaci\u00f3n, la mayor\u00eda quiso intervenir y contar sus historias.<\/p>\n<p style=\"text-align: justify;\">En tanto, M\u00f3nica Molina Quezada, manifest\u00f3 que \u00abfue una actividad muy enriquecedora y estoy agradecida por la invitaci\u00f3n, lo que me permiti\u00f3 conocer tantas historias bonitas y chistosas, porque los temas tab\u00faes han existido siempre\u00bb. Finalmente, Daniela Ugarte Rojas, aclar\u00f3 que \u00abencuentro que el conversatorio fue genial, ya que al escuchar los relatos una se identificaba y lo pasamos muy bien\u00bb.<\/p>\n<\/div><\/section><\/div><div  style='height:50px' class='hr hr-invisible   avia-builder-el-6  el_after_av_one_full  el_before_av_social_share '><span class='hr-inner ' ><span class='hr-inner-style'><\/span><\/span><\/div><\/p>\n<div  class='av-social-sharing-box  avia-builder-el-7  el_after_av_hr  el_before_av_hr  '><div class='av-share-box'><h5 class='av-share-link-description av-no-toc '>Compartir esta noticia<\/h5><ul class='av-share-box-list noLightbox'><li class='av-share-link av-social-link-facebook' ><a target=\"_blank\" aria-label=\"Compartir en Facebook\" href='https:\/\/www.facebook.com\/sharer.php?u=https:\/\/radiorevelacionfm.cl\/?p=28620&#038;t=En%20el%20marco%20del%20D%C3%ADa%20Internacional%20de%20la%20Mujer%20coyhaiquinas%20dialogan%20sobre%20su%20autonom%C3%ADa%20f%C3%ADsica' aria-hidden='false' data-av_icon='\ue8f3' data-av_iconfont='entypo-fontello' title='' data-avia-related-tooltip='Compartir en Facebook' rel=\"noopener\"><span class='avia_hidden_link_text'>Compartir en Facebook<\/span><\/a><\/li><li class='av-share-link av-social-link-twitter' ><a target=\"_blank\" aria-label=\"Compartir en Twitter\" href='https:\/\/twitter.com\/share?text=En%20el%20marco%20del%20D%C3%ADa%20Internacional%20de%20la%20Mujer%20coyhaiquinas%20dialogan%20sobre%20su%20autonom%C3%ADa%20f%C3%ADsica&#038;url=https:\/\/radiorevelacionfm.cl\/?p=28620' aria-hidden='false' data-av_icon='\ue8f1' data-av_iconfont='entypo-fontello' title='' data-avia-related-tooltip='Compartir en Twitter' rel=\"noopener\"><span class='avia_hidden_link_text'>Compartir en Twitter<\/span><\/a><\/li><li class='av-share-link av-social-link-whatsapp' ><a target=\"_blank\" aria-label=\"Compartir en Whatsapp\" href='https:\/\/api.whatsapp.com\/send?text=https:\/\/radiorevelacionfm.cl\/?p=28620' aria-hidden='false' data-av_icon='\uf232' data-av_iconfont='entypo-fontello' title='' data-avia-related-tooltip='Compartir en Whatsapp' rel=\"noopener\"><span class='avia_hidden_link_text'>Compartir en Whatsapp<\/span><\/a><\/li><li class='av-share-link av-social-link-linkedin' ><a target=\"_blank\" aria-label=\"Compartir en LinkedIn\" href='https:\/\/linkedin.com\/shareArticle?mini=true&#038;title=En%20el%20marco%20del%20D%C3%ADa%20Internacional%20de%20la%20Mujer%20coyhaiquinas%20dialogan%20sobre%20su%20autonom%C3%ADa%20f%C3%ADsica&#038;url=https:\/\/radiorevelacionfm.cl\/?p=28620' aria-hidden='false' data-av_icon='\ue8fc' data-av_iconfont='entypo-fontello' title='' data-avia-related-tooltip='Compartir en LinkedIn' rel=\"noopener\"><span class='avia_hidden_link_text'>Compartir en LinkedIn<\/span><\/a><\/li><li class='av-share-link av-social-link-mail' ><a  aria-label=\"Compartir por correo\" href='mailto:?subject=En%20el%20marco%20del%20D%C3%ADa%20Internacional%20de%20la%20Mujer%20coyhaiquinas%20dialogan%20sobre%20su%20autonom%C3%ADa%20f%C3%ADsica&#038;body=https:\/\/radiorevelacionfm.cl\/?p=28620' aria-hidden='false' data-av_icon='\ue805' data-av_iconfont='entypo-fontello' title='' data-avia-related-tooltip='Compartir por correo'><span class='avia_hidden_link_text'>Compartir por correo<\/span><\/a><\/li><\/ul><\/div><\/div>\n<div  style='height:50px' class='hr hr-invisible   avia-builder-el-8  el_after_av_social_share  el_before_av_comments_list '><span class='hr-inner ' ><span class='hr-inner-style'><\/span><\/span><\/div>\n<div  class='av-buildercomment  av-blog-meta-html-info-disabled av-blog-meta-tag-disabled  '><\/div>\n","protected":false},"excerpt":{"rendered":"","protected":false},"author":1,"featured_media":28621,"comment_status":"open","ping_status":"open","sticky":false,"template":"","format":"standard","meta":{"footnotes":""},"categories":[38],"tags":[],"class_list":["post-28620","post","type-post","status-publish","format-standard","has-post-thumbnail","hentry","category-regional"],"jetpack_featured_media_url":"https:\/\/radiorevelacionfm.cl\/wp-content\/uploads\/2023\/03\/Conversatorio-8M-Coyhaique-19-1-1.jpg","_links":{"self":[{"href":"https:\/\/radiorevelacionfm.cl\/index.php?rest_route=\/wp\/v2\/posts\/28620","targetHints":{"allow":["GET"]}}],"collection":[{"href":"https:\/\/radiorevelacionfm.cl\/index.php?rest_route=\/wp\/v2\/posts"}],"about":[{"href":"https:\/\/radiorevelacionfm.cl\/index.php?rest_route=\/wp\/v2\/types\/post"}],"author":[{"embeddable":true,"href":"https:\/\/radiorevelacionfm.cl\/index.php?rest_route=\/wp\/v2\/users\/1"}],"replies":[{"embeddable":true,"href":"https:\/\/radiorevelacionfm.cl\/index.php?rest_route=%2Fwp%2Fv2%2Fcomments&post=28620"}],"version-history":[{"count":2,"href":"https:\/\/radiorevelacionfm.cl\/index.php?rest_route=\/wp\/v2\/posts\/28620\/revisions"}],"predecessor-version":[{"id":28642,"href":"https:\/\/radiorevelacionfm.cl\/index.php?rest_route=\/wp\/v2\/posts\/28620\/revisions\/28642"}],"wp:featuredmedia":[{"embeddable":true,"href":"https:\/\/radiorevelacionfm.cl\/index.php?rest_route=\/wp\/v2\/media\/28621"}],"wp:attachment":[{"href":"https:\/\/radiorevelacionfm.cl\/index.php?rest_route=%2Fwp%2Fv2%2Fmedia&parent=28620"}],"wp:term":[{"taxonomy":"category","embeddable":true,"href":"https:\/\/radiorevelacionfm.cl\/index.php?rest_route=%2Fwp%2Fv2%2Fcategories&post=28620"},{"taxonomy":"post_tag","embeddable":true,"href":"https:\/\/radiorevelacionfm.cl\/index.php?rest_route=%2Fwp%2Fv2%2Ftags&post=28620"}],"curies":[{"name":"wp","href":"https:\/\/api.w.org\/{rel}","templated":true}]}}