{"id":2861,"date":"2021-02-22T16:02:45","date_gmt":"2021-02-22T19:02:45","guid":{"rendered":"https:\/\/radiorevelacionfm.cl\/?p=2861"},"modified":"2021-02-22T16:14:31","modified_gmt":"2021-02-22T19:14:31","slug":"tras-denuncias-de-vecinos-serviu-actuara-como-garante-en-reparaciones-del-edificio-lomas-de-coyhaique","status":"publish","type":"post","link":"https:\/\/radiorevelacionfm.cl\/?p=2861","title":{"rendered":"Tras denuncia de vecinos Serviu actuar\u00e1 como garante en reparaciones del edificio Lomas de Coyhaique"},"content":{"rendered":"<div class=\"flex_column av_one_full  flex_column_div av-zero-column-padding first  avia-builder-el-0  el_before_av_one_full  avia-builder-el-first  \" style='border-radius:0px; '><div  class='avia-image-container  av-styling-    avia-builder-el-1  avia-builder-el-no-sibling  avia-align-center '  itemprop=\"image\" itemscope=\"itemscope\" itemtype=\"https:\/\/schema.org\/ImageObject\"  ><div class='avia-image-container-inner'><div class='avia-image-overlay-wrap'><img decoding=\"async\" class='wp-image-0 avia-img-lazy-loading-not-0 avia_image' src=\"https:\/\/radiorevelacionfm.cl\/wp-content\/uploads\/2021\/02\/Lomas-de-Coyhaique-1-1.jpg\" alt='' title=''   itemprop=\"thumbnailUrl\"  \/><\/div><\/div><\/div><\/div>\n<div class=\"flex_column av_one_full  flex_column_div av-zero-column-padding first  avia-builder-el-2  el_after_av_one_full  el_before_av_one_full  column-top-margin\" style='border-radius:0px; '><section class=\"av_textblock_section \"  itemscope=\"itemscope\" itemtype=\"https:\/\/schema.org\/BlogPosting\" itemprop=\"blogPost\" ><div class='avia_textblock  '   itemprop=\"text\" ><p style=\"text-align: center;\"><strong><span style=\"font-size: 18pt;\">Tras denuncia de vecinos Serviu actuar\u00e1 como garante en reparaciones del edificio Lomas de Coyhaique<\/span><\/strong><\/p>\n<div id=\"gtx-trans\" style=\"position: absolute; left: -50px; top: 4.31534px;\">\n<div class=\"gtx-trans-icon\"><\/div>\n<\/div>\n<\/div><\/section><\/div><div class=\"flex_column av_one_full  flex_column_div av-zero-column-padding first  avia-builder-el-4  el_after_av_one_full  el_before_av_hr  column-top-margin\" style='border-radius:0px; '><section class=\"av_textblock_section \"  itemscope=\"itemscope\" itemtype=\"https:\/\/schema.org\/BlogPosting\" itemprop=\"blogPost\" ><div class='avia_textblock  '   itemprop=\"text\" ><p style=\"text-align: justify;\">El Director del Serviu, Nelson Quinteros, asegur\u00f3 que la empresa constructora a cargo del proyecto se comprometi\u00f3 a la reparaci\u00f3n de los da\u00f1os denunciados por los vecinos del condominio.<\/p>\n<p style=\"text-align: justify;\">Luego de algunos d\u00edas, finalmente la pol\u00e9mica generada por la denuncia de algunos vecinos del Condominio Lomas de Coyhaique, parece tener soluci\u00f3n. As\u00ed lo asegur\u00f3 el Director del Servicio de Vivienda y Urbanizaci\u00f3n (Serviu); Nelson Quinteros, luego de mantener comunicaci\u00f3n directa con la empresa constructora a cargo del proyecto.<\/p>\n<p style=\"text-align: justify;\">La autoridad del Minvu plante\u00f3 que la informaci\u00f3n que manejan \u201cse remite a la publicada por la prensa, porque nosotros tenemos nuestros propios canales de denuncia y ac\u00e1 no ha llegado ninguna, pero nuestros equipos se dieron a la b\u00fasqueda de investigar y tenemos claridad absoluta respecto de cu\u00e1l fue el problema, c\u00f3mo se cre\u00f3, c\u00f3mo se est\u00e1 solucionando y c\u00f3mo vamos a actuar nosotros respecto de esto\u201d.<\/p>\n<p style=\"text-align: justify;\">Nelson Quinteros explic\u00f3 que la principal falla se gener\u00f3 por un derrame de agua potable en una tina que, a partir de los compromisos de post venta, se repar\u00f3 y dichas reparaciones fueron las que se publicaron en redes sociales. Pero esa dificultad, ya est\u00e1 solucionada\u201d, plante\u00f3 el Director del Serviu. \u201cAdem\u00e1s, pedimos una revisi\u00f3n general de todos los puntos parecidos y esa es una labor que se est\u00e1 haciendo y es preventiva\u201d, adelant\u00f3.<\/p>\n<p style=\"text-align: justify;\">Tambi\u00e9n \u201cse hizo una reuni\u00f3n entre las familias, la constructora y representantes nuestros, para levantar dudas y posibles fallas e inconvenientes que tuvieran las familias. Hubo conformidad con eso y nosotros, como somos garantes que la construcci\u00f3n se haga bien y, por otro lado, como somos representantes directos de 40 de estas familias, nos contactamos directamente con la inmobiliaria para atender a estas familias\u201d, recalc\u00f3 el director Serviu.<\/p>\n<p style=\"text-align: justify;\">\u201cLa gerencia comercial, el administrador y el representante regional (de la Constructora ICuadra) ya se comunicaron con nosotros y los compromisos de reparaci\u00f3n de da\u00f1os, est\u00e1n y por otro lado, las dudas razonables que ten\u00edan las familias ya se atendieron y estamos en contacto permanente con ellos para resolver cualquier problema\u201d, sentenci\u00f3 el Director del Serviu.<\/p>\n<p style=\"text-align: justify;\">Adem\u00e1s, explic\u00f3 que como en marzo se comenzar\u00e1 la construcci\u00f3n de la segunda etapa de este proyecto en el terreno colindante, \u201cexistir\u00e1 disposici\u00f3n directa tanto de materiales como de mano de obra, por lo que ser\u00e1 mucho m\u00e1s fluido el proceso de reparar las eventuales fallas que se presenten y eso, tambi\u00e9n les entregar\u00e1 mayor tranquilidad a las familias\u201d, subray\u00f3 Nelson Quinteros.<\/p>\n<p style=\"text-align: justify;\">Para poner en contexto, el Condominio Lomas de Coyhaique es un proyecto privado que puso a disposici\u00f3n de los beneficiarios 40 de sus departamentos para el Programa de Integraci\u00f3n Social D.S. 19, para ser ocupados por familias vulnerables de la regi\u00f3n. Al resto de los departamentos, adem\u00e1s, pueden postular familias emergentes, a trav\u00e9s de subsidios habitacionales de los Programas D.S. 49 y D.S. 1.<\/p>\n<\/div><\/section><\/div><\/p>\n<div  style='height:50px' class='hr hr-invisible   avia-builder-el-6  el_after_av_one_full  el_before_av_social_share '><span class='hr-inner ' ><span class='hr-inner-style'><\/span><\/span><\/div>\n<div  class='av-social-sharing-box  avia-builder-el-7  el_after_av_hr  el_before_av_hr  '><div class='av-share-box'><h5 class='av-share-link-description av-no-toc '>Compartir esta noticia<\/h5><ul class='av-share-box-list noLightbox'><li class='av-share-link av-social-link-facebook' ><a target=\"_blank\" aria-label=\"Compartir en Facebook\" href='https:\/\/www.facebook.com\/sharer.php?u=https:\/\/radiorevelacionfm.cl\/?p=2861&#038;t=Tras%20denuncia%20de%20vecinos%20Serviu%20actuar%C3%A1%20como%20garante%20en%20reparaciones%20del%20edificio%20Lomas%20de%20Coyhaique' aria-hidden='false' data-av_icon='\ue8f3' data-av_iconfont='entypo-fontello' title='' data-avia-related-tooltip='Compartir en Facebook' rel=\"noopener\"><span class='avia_hidden_link_text'>Compartir en Facebook<\/span><\/a><\/li><li class='av-share-link av-social-link-twitter' ><a target=\"_blank\" aria-label=\"Compartir en Twitter\" href='https:\/\/twitter.com\/share?text=Tras%20denuncia%20de%20vecinos%20Serviu%20actuar%C3%A1%20como%20garante%20en%20reparaciones%20del%20edificio%20Lomas%20de%20Coyhaique&#038;url=https:\/\/radiorevelacionfm.cl\/?p=2861' aria-hidden='false' data-av_icon='\ue8f1' data-av_iconfont='entypo-fontello' title='' data-avia-related-tooltip='Compartir en Twitter' rel=\"noopener\"><span class='avia_hidden_link_text'>Compartir en Twitter<\/span><\/a><\/li><li class='av-share-link av-social-link-whatsapp' ><a target=\"_blank\" aria-label=\"Compartir en Whatsapp\" href='https:\/\/api.whatsapp.com\/send?text=https:\/\/radiorevelacionfm.cl\/?p=2861' aria-hidden='false' data-av_icon='\uf232' data-av_iconfont='entypo-fontello' title='' data-avia-related-tooltip='Compartir en Whatsapp' rel=\"noopener\"><span class='avia_hidden_link_text'>Compartir en Whatsapp<\/span><\/a><\/li><li class='av-share-link av-social-link-linkedin' ><a target=\"_blank\" aria-label=\"Compartir en LinkedIn\" href='https:\/\/linkedin.com\/shareArticle?mini=true&#038;title=Tras%20denuncia%20de%20vecinos%20Serviu%20actuar%C3%A1%20como%20garante%20en%20reparaciones%20del%20edificio%20Lomas%20de%20Coyhaique&#038;url=https:\/\/radiorevelacionfm.cl\/?p=2861' aria-hidden='false' data-av_icon='\ue8fc' data-av_iconfont='entypo-fontello' title='' data-avia-related-tooltip='Compartir en LinkedIn' rel=\"noopener\"><span class='avia_hidden_link_text'>Compartir en LinkedIn<\/span><\/a><\/li><li class='av-share-link av-social-link-mail' ><a  aria-label=\"Compartir por correo\" href='mailto:?subject=Tras%20denuncia%20de%20vecinos%20Serviu%20actuar%C3%A1%20como%20garante%20en%20reparaciones%20del%20edificio%20Lomas%20de%20Coyhaique&#038;body=https:\/\/radiorevelacionfm.cl\/?p=2861' aria-hidden='false' data-av_icon='\ue805' data-av_iconfont='entypo-fontello' title='' data-avia-related-tooltip='Compartir por correo'><span class='avia_hidden_link_text'>Compartir por correo<\/span><\/a><\/li><\/ul><\/div><\/div>\n<div  style='height:50px' class='hr hr-invisible   avia-builder-el-8  el_after_av_social_share  el_before_av_comments_list '><span class='hr-inner ' ><span class='hr-inner-style'><\/span><\/span><\/div>\n<div  class='av-buildercomment  av-blog-meta-html-info-disabled av-blog-meta-tag-disabled  '><\/div>\n","protected":false},"excerpt":{"rendered":"","protected":false},"author":1,"featured_media":0,"comment_status":"open","ping_status":"open","sticky":false,"template":"","format":"standard","meta":{"footnotes":""},"categories":[57],"tags":[],"class_list":["post-2861","post","type-post","status-publish","format-standard","hentry","category-vivienda"],"jetpack_featured_media_url":"","_links":{"self":[{"href":"https:\/\/radiorevelacionfm.cl\/index.php?rest_route=\/wp\/v2\/posts\/2861","targetHints":{"allow":["GET"]}}],"collection":[{"href":"https:\/\/radiorevelacionfm.cl\/index.php?rest_route=\/wp\/v2\/posts"}],"about":[{"href":"https:\/\/radiorevelacionfm.cl\/index.php?rest_route=\/wp\/v2\/types\/post"}],"author":[{"embeddable":true,"href":"https:\/\/radiorevelacionfm.cl\/index.php?rest_route=\/wp\/v2\/users\/1"}],"replies":[{"embeddable":true,"href":"https:\/\/radiorevelacionfm.cl\/index.php?rest_route=%2Fwp%2Fv2%2Fcomments&post=2861"}],"version-history":[{"count":2,"href":"https:\/\/radiorevelacionfm.cl\/index.php?rest_route=\/wp\/v2\/posts\/2861\/revisions"}],"predecessor-version":[{"id":2864,"href":"https:\/\/radiorevelacionfm.cl\/index.php?rest_route=\/wp\/v2\/posts\/2861\/revisions\/2864"}],"wp:attachment":[{"href":"https:\/\/radiorevelacionfm.cl\/index.php?rest_route=%2Fwp%2Fv2%2Fmedia&parent=2861"}],"wp:term":[{"taxonomy":"category","embeddable":true,"href":"https:\/\/radiorevelacionfm.cl\/index.php?rest_route=%2Fwp%2Fv2%2Fcategories&post=2861"},{"taxonomy":"post_tag","embeddable":true,"href":"https:\/\/radiorevelacionfm.cl\/index.php?rest_route=%2Fwp%2Fv2%2Ftags&post=2861"}],"curies":[{"name":"wp","href":"https:\/\/api.w.org\/{rel}","templated":true}]}}