{"id":28599,"date":"2023-03-09T10:02:21","date_gmt":"2023-03-09T13:02:21","guid":{"rendered":"https:\/\/radiorevelacionfm.cl\/?p=28599"},"modified":"2023-03-09T10:02:21","modified_gmt":"2023-03-09T13:02:21","slug":"estudiantes-de-universidad-de-chile-se-reunen-con-alcalde-uribe-para-abordar-proyectos-en-aysen","status":"publish","type":"post","link":"https:\/\/radiorevelacionfm.cl\/?p=28599","title":{"rendered":"Estudiantes de Universidad de Chile se re\u00fanen con alcalde Uribe para abordar proyectos en Ays\u00e9n"},"content":{"rendered":"<div class=\"flex_column av_one_full  flex_column_div av-zero-column-padding first  avia-builder-el-0  el_before_av_one_full  avia-builder-el-first  \" style='border-radius:0px; '><div  class='avia-image-container  av-styling-    avia-builder-el-1  avia-builder-el-no-sibling  avia-align-center '  itemprop=\"image\" itemscope=\"itemscope\" itemtype=\"https:\/\/schema.org\/ImageObject\"  ><div class='avia-image-container-inner'><div class='avia-image-overlay-wrap'><img decoding=\"async\" class='wp-image-28600 avia-img-lazy-loading-not-28600 avia_image' src=\"https:\/\/radiorevelacionfm.cl\/wp-content\/uploads\/2023\/03\/fotografia-51-1_optimized.jpg\" alt='' title='fotograf\u00eda-(5)1-(1)_optimized' height=\"600\" width=\"1398\"  itemprop=\"thumbnailUrl\" srcset=\"https:\/\/radiorevelacionfm.cl\/wp-content\/uploads\/2023\/03\/fotografia-51-1_optimized.jpg 1398w, https:\/\/radiorevelacionfm.cl\/wp-content\/uploads\/2023\/03\/fotografia-51-1_optimized-300x129.jpg 300w, https:\/\/radiorevelacionfm.cl\/wp-content\/uploads\/2023\/03\/fotografia-51-1_optimized-1030x442.jpg 1030w, https:\/\/radiorevelacionfm.cl\/wp-content\/uploads\/2023\/03\/fotografia-51-1_optimized-768x330.jpg 768w, https:\/\/radiorevelacionfm.cl\/wp-content\/uploads\/2023\/03\/fotografia-51-1_optimized-705x303.jpg 705w, https:\/\/radiorevelacionfm.cl\/wp-content\/uploads\/2023\/03\/fotografia-51-1_optimized-600x258.jpg 600w\" sizes=\"(max-width: 1398px) 100vw, 1398px\" \/><\/div><\/div><\/div><\/div><div class=\"flex_column av_one_full  flex_column_div av-zero-column-padding first  avia-builder-el-2  el_after_av_one_full  el_before_av_one_full  column-top-margin\" style='border-radius:0px; '><section class=\"av_textblock_section \"  itemscope=\"itemscope\" itemtype=\"https:\/\/schema.org\/BlogPosting\" itemprop=\"blogPost\" ><div class='avia_textblock  '   itemprop=\"text\" ><p style=\"text-align: center;\"><strong><span style=\"font-size: 18pt;\">Estudiantes de Universidad de Chile se re\u00fanen con alcalde Uribe para abordar proyectos en Ays\u00e9n<\/span><\/strong><\/p>\n<div id=\"gtx-trans\" style=\"position: absolute; left: -50px; top: 4.31534px;\">\n<div class=\"gtx-trans-icon\"><\/div>\n<\/div>\n<\/div><\/section><\/div><div class=\"flex_column av_one_full  flex_column_div av-zero-column-padding first  avia-builder-el-4  el_after_av_one_full  el_before_av_hr  column-top-margin\" style='border-radius:0px; '><section class=\"av_textblock_section \"  itemscope=\"itemscope\" itemtype=\"https:\/\/schema.org\/BlogPosting\" itemprop=\"blogPost\" ><div class='avia_textblock  '   itemprop=\"text\" ><p style=\"text-align: justify;\">Para visualizar el Ays\u00e9n de ma\u00f1ana, la construcci\u00f3n de ciudad que se proyecta; el alcalde Julio Uribe Alvarado se reuni\u00f3 con estudiantes de Ingenier\u00eda Civil Industrial de la Universidad de Chile para discutir sobre los principales desaf\u00edos que enfrenta la comuna de Ays\u00e9n y que estos estudiantes pueden aportar desde sus \u00e1reas de conocimiento a trav\u00e9s de una innovadora colaboraci\u00f3n con el municipio.<\/p>\n<p style=\"text-align: justify;\">\u201cPara el municipio son muy importantes estos lazos. Nosotros estamos trabajando con la Universidad de Chile en varios campos, como en el \u00e1rea de la geotermia y en el \u00e1rea del calafate; as\u00ed que nos est\u00e1n apoyando desde las carreras de Nutrici\u00f3n e Ingenier\u00eda Civil Industrial, trabajando en conjunto con la Secretar\u00eda de Planificaci\u00f3n Comunal y la Unidad de Organizaciones Comunitarias de DIDECO. En este \u00faltima, con la realizaci\u00f3n de los talleres de capital social impartidos a las organizaciones sociocomunitarias\u201d, enfatiz\u00f3 el alcalde de la comuna, Julio Uribe Alvarado.<\/p>\n<p style=\"text-align: justify;\">Por su parte \u00c1lvaro Contreras, Ingeniero Civil Industrial de la Universidad de Chile y coordinador de la delegaci\u00f3n de estudiantes que viajaron a Puerto Ays\u00e9n, coment\u00f3 que les interesaba conocer la visi\u00f3n del alcalde de la comuna para dilucidar, \u201ccu\u00e1les son los principales desaf\u00edos, la historia de la comuna y c\u00f3mo ella se est\u00e1 proyectando a futuro. Conversamos con el alcalde los distintos proyectos que se estaban desarrollando en el municipio actualmente y los principales desaf\u00edos que se mantienen a corto y largo plazo, y como se podr\u00eda llevar a cabo esta colaboraci\u00f3n desde el Departamento de Ingenier\u00eda Industrial de la Universidad de Chile\u201d, comenta.<\/p>\n<p style=\"text-align: justify;\">\u00c1lvaro, agrega que ya se est\u00e1 trabajando con la Secretar\u00eda de Planificaci\u00f3n Comunal del Municipio de Ays\u00e9n, \u201ctenemos dos estudiantes realizando sus memorias de t\u00edtulo en proyectos p\u00fablicos de Ays\u00e9n; en particular, una evaluaci\u00f3n de impacto del Polideportivo y un proyecto en torno a los buses el\u00e9ctricos. Lo que nos coment\u00f3 el alcalde, es que donde m\u00e1s podemos colaborar es en la parte de formulaci\u00f3n a la evaluaci\u00f3n t\u00e9cnica de los proyectos, que tambi\u00e9n es una de nuestras especialidades. Entonces, est\u00e1 la posibilidad de que estudiantes sigan haciendo sus memorias, sigan haciendo proyectos de investigaci\u00f3n en la comuna. Estamos dispuestos a continuar colaborando por una comuna tan bella como Ays\u00e9n\u201d, finaliza.<\/p>\n<\/div><\/section><\/div><div  style='height:50px' class='hr hr-invisible   avia-builder-el-6  el_after_av_one_full  el_before_av_social_share '><span class='hr-inner ' ><span class='hr-inner-style'><\/span><\/span><\/div><\/p>\n<div  class='av-social-sharing-box  avia-builder-el-7  el_after_av_hr  el_before_av_hr  '><div class='av-share-box'><h5 class='av-share-link-description av-no-toc '>Compartir esta noticia<\/h5><ul class='av-share-box-list noLightbox'><li class='av-share-link av-social-link-facebook' ><a target=\"_blank\" aria-label=\"Compartir en Facebook\" href='https:\/\/www.facebook.com\/sharer.php?u=https:\/\/radiorevelacionfm.cl\/?p=28599&#038;t=Estudiantes%20de%20Universidad%20de%20Chile%20se%20re%C3%BAnen%20con%20alcalde%20Uribe%20para%20abordar%20proyectos%20en%20Ays%C3%A9n' aria-hidden='false' data-av_icon='\ue8f3' data-av_iconfont='entypo-fontello' title='' data-avia-related-tooltip='Compartir en Facebook' rel=\"noopener\"><span class='avia_hidden_link_text'>Compartir en Facebook<\/span><\/a><\/li><li class='av-share-link av-social-link-twitter' ><a target=\"_blank\" aria-label=\"Compartir en Twitter\" href='https:\/\/twitter.com\/share?text=Estudiantes%20de%20Universidad%20de%20Chile%20se%20re%C3%BAnen%20con%20alcalde%20Uribe%20para%20abordar%20proyectos%20en%20Ays%C3%A9n&#038;url=https:\/\/radiorevelacionfm.cl\/?p=28599' aria-hidden='false' data-av_icon='\ue8f1' data-av_iconfont='entypo-fontello' title='' data-avia-related-tooltip='Compartir en Twitter' rel=\"noopener\"><span class='avia_hidden_link_text'>Compartir en Twitter<\/span><\/a><\/li><li class='av-share-link av-social-link-whatsapp' ><a target=\"_blank\" aria-label=\"Compartir en Whatsapp\" href='https:\/\/api.whatsapp.com\/send?text=https:\/\/radiorevelacionfm.cl\/?p=28599' aria-hidden='false' data-av_icon='\uf232' data-av_iconfont='entypo-fontello' title='' data-avia-related-tooltip='Compartir en Whatsapp' rel=\"noopener\"><span class='avia_hidden_link_text'>Compartir en Whatsapp<\/span><\/a><\/li><li class='av-share-link av-social-link-linkedin' ><a target=\"_blank\" aria-label=\"Compartir en LinkedIn\" href='https:\/\/linkedin.com\/shareArticle?mini=true&#038;title=Estudiantes%20de%20Universidad%20de%20Chile%20se%20re%C3%BAnen%20con%20alcalde%20Uribe%20para%20abordar%20proyectos%20en%20Ays%C3%A9n&#038;url=https:\/\/radiorevelacionfm.cl\/?p=28599' aria-hidden='false' data-av_icon='\ue8fc' data-av_iconfont='entypo-fontello' title='' data-avia-related-tooltip='Compartir en LinkedIn' rel=\"noopener\"><span class='avia_hidden_link_text'>Compartir en LinkedIn<\/span><\/a><\/li><li class='av-share-link av-social-link-mail' ><a  aria-label=\"Compartir por correo\" href='mailto:?subject=Estudiantes%20de%20Universidad%20de%20Chile%20se%20re%C3%BAnen%20con%20alcalde%20Uribe%20para%20abordar%20proyectos%20en%20Ays%C3%A9n&#038;body=https:\/\/radiorevelacionfm.cl\/?p=28599' aria-hidden='false' data-av_icon='\ue805' data-av_iconfont='entypo-fontello' title='' data-avia-related-tooltip='Compartir por correo'><span class='avia_hidden_link_text'>Compartir por correo<\/span><\/a><\/li><\/ul><\/div><\/div>\n<div  style='height:50px' class='hr hr-invisible   avia-builder-el-8  el_after_av_social_share  el_before_av_comments_list '><span class='hr-inner ' ><span class='hr-inner-style'><\/span><\/span><\/div>\n<div  class='av-buildercomment  av-blog-meta-html-info-disabled av-blog-meta-tag-disabled  '><\/div>\n","protected":false},"excerpt":{"rendered":"","protected":false},"author":1,"featured_media":28600,"comment_status":"open","ping_status":"open","sticky":false,"template":"","format":"standard","meta":{"footnotes":""},"categories":[38],"tags":[],"class_list":["post-28599","post","type-post","status-publish","format-standard","has-post-thumbnail","hentry","category-regional"],"jetpack_featured_media_url":"https:\/\/radiorevelacionfm.cl\/wp-content\/uploads\/2023\/03\/fotografia-51-1_optimized.jpg","_links":{"self":[{"href":"https:\/\/radiorevelacionfm.cl\/index.php?rest_route=\/wp\/v2\/posts\/28599","targetHints":{"allow":["GET"]}}],"collection":[{"href":"https:\/\/radiorevelacionfm.cl\/index.php?rest_route=\/wp\/v2\/posts"}],"about":[{"href":"https:\/\/radiorevelacionfm.cl\/index.php?rest_route=\/wp\/v2\/types\/post"}],"author":[{"embeddable":true,"href":"https:\/\/radiorevelacionfm.cl\/index.php?rest_route=\/wp\/v2\/users\/1"}],"replies":[{"embeddable":true,"href":"https:\/\/radiorevelacionfm.cl\/index.php?rest_route=%2Fwp%2Fv2%2Fcomments&post=28599"}],"version-history":[{"count":2,"href":"https:\/\/radiorevelacionfm.cl\/index.php?rest_route=\/wp\/v2\/posts\/28599\/revisions"}],"predecessor-version":[{"id":28618,"href":"https:\/\/radiorevelacionfm.cl\/index.php?rest_route=\/wp\/v2\/posts\/28599\/revisions\/28618"}],"wp:featuredmedia":[{"embeddable":true,"href":"https:\/\/radiorevelacionfm.cl\/index.php?rest_route=\/wp\/v2\/media\/28600"}],"wp:attachment":[{"href":"https:\/\/radiorevelacionfm.cl\/index.php?rest_route=%2Fwp%2Fv2%2Fmedia&parent=28599"}],"wp:term":[{"taxonomy":"category","embeddable":true,"href":"https:\/\/radiorevelacionfm.cl\/index.php?rest_route=%2Fwp%2Fv2%2Fcategories&post=28599"},{"taxonomy":"post_tag","embeddable":true,"href":"https:\/\/radiorevelacionfm.cl\/index.php?rest_route=%2Fwp%2Fv2%2Ftags&post=28599"}],"curies":[{"name":"wp","href":"https:\/\/api.w.org\/{rel}","templated":true}]}}