{"id":28595,"date":"2023-03-08T17:13:15","date_gmt":"2023-03-08T20:13:15","guid":{"rendered":"https:\/\/radiorevelacionfm.cl\/?p=28595"},"modified":"2023-03-08T17:13:15","modified_gmt":"2023-03-08T20:13:15","slug":"iv-division-de-ejercito-conmemoro-el-dia-internacional-de-la-mujer","status":"publish","type":"post","link":"https:\/\/radiorevelacionfm.cl\/?p=28595","title":{"rendered":"IV Divisi\u00f3n de Ej\u00e9rcito conmemor\u00f3 el D\u00eda Internacional de la Mujer"},"content":{"rendered":"<div class=\"flex_column av_one_full  flex_column_div av-zero-column-padding first  avia-builder-el-0  el_before_av_one_full  avia-builder-el-first  \" style='border-radius:0px; '><div  class='avia-image-container  av-styling-    avia-builder-el-1  avia-builder-el-no-sibling  avia-align-center '  itemprop=\"image\" itemscope=\"itemscope\" itemtype=\"https:\/\/schema.org\/ImageObject\"  ><div class='avia-image-container-inner'><div class='avia-image-overlay-wrap'><img decoding=\"async\" class='wp-image-28596 avia-img-lazy-loading-not-28596 avia_image' src=\"https:\/\/radiorevelacionfm.cl\/wp-content\/uploads\/2023\/03\/whatsapp-image-2023-03-08-at-10_optimized.42.27-1-1.jpeg\" alt='' title='whatsapp-image-2023-03-08-at-10_optimized.42.27-(1)-(1)' height=\"600\" width=\"901\"  itemprop=\"thumbnailUrl\" srcset=\"https:\/\/radiorevelacionfm.cl\/wp-content\/uploads\/2023\/03\/whatsapp-image-2023-03-08-at-10_optimized.42.27-1-1.jpeg 901w, https:\/\/radiorevelacionfm.cl\/wp-content\/uploads\/2023\/03\/whatsapp-image-2023-03-08-at-10_optimized.42.27-1-1-300x200.jpeg 300w, https:\/\/radiorevelacionfm.cl\/wp-content\/uploads\/2023\/03\/whatsapp-image-2023-03-08-at-10_optimized.42.27-1-1-768x511.jpeg 768w, https:\/\/radiorevelacionfm.cl\/wp-content\/uploads\/2023\/03\/whatsapp-image-2023-03-08-at-10_optimized.42.27-1-1-705x469.jpeg 705w, https:\/\/radiorevelacionfm.cl\/wp-content\/uploads\/2023\/03\/whatsapp-image-2023-03-08-at-10_optimized.42.27-1-1-600x400.jpeg 600w\" sizes=\"(max-width: 901px) 100vw, 901px\" \/><\/div><\/div><\/div><\/div><div class=\"flex_column av_one_full  flex_column_div av-zero-column-padding first  avia-builder-el-2  el_after_av_one_full  el_before_av_one_full  column-top-margin\" style='border-radius:0px; '><section class=\"av_textblock_section \"  itemscope=\"itemscope\" itemtype=\"https:\/\/schema.org\/BlogPosting\" itemprop=\"blogPost\" ><div class='avia_textblock  '   itemprop=\"text\" ><p style=\"text-align: center;\"><span style=\"font-size: 18pt;\"><strong>IV Divisi\u00f3n de Ej\u00e9rcito conmemor\u00f3 el D\u00eda Internacional de la Mujer<\/strong><\/span><\/p>\n<div id=\"gtx-trans\" style=\"position: absolute; left: -50px; top: 4.31534px;\">\n<div class=\"gtx-trans-icon\"><\/div>\n<\/div>\n<\/div><\/section><\/div><div class=\"flex_column av_one_full  flex_column_div av-zero-column-padding first  avia-builder-el-4  el_after_av_one_full  el_before_av_hr  column-top-margin\" style='border-radius:0px; '><section class=\"av_textblock_section \"  itemscope=\"itemscope\" itemtype=\"https:\/\/schema.org\/BlogPosting\" itemprop=\"blogPost\" ><div class='avia_textblock  '   itemprop=\"text\" ><p style=\"text-align: justify;\">El rol de la mujer a trav\u00e9s de la historia, como su participaci\u00f3n en el Ej\u00e9rcito, ha sido significativo desde la labor de las cantineras en la Guerra del Pac\u00edfico hasta nuestros d\u00edas. El Ej\u00e9rcito de Chile, ha sido precursor en la incorporaci\u00f3n de la mujer en todos los \u00e1mbitos, desde 1974 a la fecha integr\u00e1ndose la mujer en la actualidad en forma totalmente igualitaria trabajando d\u00eda a d\u00eda para cumplir altas expectativas y desaf\u00edos.<\/p>\n<p style=\"text-align: justify;\">En este contexto, las diferentes unidades dependientes de la IV Divisi\u00f3n de Ej\u00e9rcito, conmemoraron el \u201cD\u00eda Internacional de la Mujer\u201d, saludando a cada una de las integrantes tanto militares como civiles que forman parte de la Unidad Divisionaria.<\/p>\n<p style=\"text-align: justify;\">En la ocasi\u00f3n, el Jefe de Estado Mayor, Coronel Cristi\u00e1n Valenzuela I, en sus palabras destac\u00f3 la historia de esta conmemoraci\u00f3n y la importancia de la mujer en la Instituci\u00f3n.<\/p>\n<p style=\"text-align: justify;\">Por otro lado, el Comandante del Destacamento Motorizado N\u00b014\u201dAys\u00e9n\u201d, Coronel El\u00edas Abuyeres M., salud\u00f3 a las soldados conscriptos y el personal femenino de la unidad, resaltando el \u00a0compromiso, calidez, constancia y entrega profesional, que\u00a0 desempe\u00f1an en cada tarea asignada.<\/p>\n<\/div><\/section><\/div><div  style='height:50px' class='hr hr-invisible   avia-builder-el-6  el_after_av_one_full  el_before_av_social_share '><span class='hr-inner ' ><span class='hr-inner-style'><\/span><\/span><\/div><\/p>\n<div  class='av-social-sharing-box  avia-builder-el-7  el_after_av_hr  el_before_av_hr  '><div class='av-share-box'><h5 class='av-share-link-description av-no-toc '>Compartir esta noticia<\/h5><ul class='av-share-box-list noLightbox'><li class='av-share-link av-social-link-facebook' ><a target=\"_blank\" aria-label=\"Compartir en Facebook\" href='https:\/\/www.facebook.com\/sharer.php?u=https:\/\/radiorevelacionfm.cl\/?p=28595&#038;t=IV%20Divisi%C3%B3n%20de%20Ej%C3%A9rcito%20conmemor%C3%B3%20el%20D%C3%ADa%20Internacional%20de%20la%20Mujer' aria-hidden='false' data-av_icon='\ue8f3' data-av_iconfont='entypo-fontello' title='' data-avia-related-tooltip='Compartir en Facebook' rel=\"noopener\"><span class='avia_hidden_link_text'>Compartir en Facebook<\/span><\/a><\/li><li class='av-share-link av-social-link-twitter' ><a target=\"_blank\" aria-label=\"Compartir en Twitter\" href='https:\/\/twitter.com\/share?text=IV%20Divisi%C3%B3n%20de%20Ej%C3%A9rcito%20conmemor%C3%B3%20el%20D%C3%ADa%20Internacional%20de%20la%20Mujer&#038;url=https:\/\/radiorevelacionfm.cl\/?p=28595' aria-hidden='false' data-av_icon='\ue8f1' data-av_iconfont='entypo-fontello' title='' data-avia-related-tooltip='Compartir en Twitter' rel=\"noopener\"><span class='avia_hidden_link_text'>Compartir en Twitter<\/span><\/a><\/li><li class='av-share-link av-social-link-whatsapp' ><a target=\"_blank\" aria-label=\"Compartir en Whatsapp\" href='https:\/\/api.whatsapp.com\/send?text=https:\/\/radiorevelacionfm.cl\/?p=28595' aria-hidden='false' data-av_icon='\uf232' data-av_iconfont='entypo-fontello' title='' data-avia-related-tooltip='Compartir en Whatsapp' rel=\"noopener\"><span class='avia_hidden_link_text'>Compartir en Whatsapp<\/span><\/a><\/li><li class='av-share-link av-social-link-linkedin' ><a target=\"_blank\" aria-label=\"Compartir en LinkedIn\" href='https:\/\/linkedin.com\/shareArticle?mini=true&#038;title=IV%20Divisi%C3%B3n%20de%20Ej%C3%A9rcito%20conmemor%C3%B3%20el%20D%C3%ADa%20Internacional%20de%20la%20Mujer&#038;url=https:\/\/radiorevelacionfm.cl\/?p=28595' aria-hidden='false' data-av_icon='\ue8fc' data-av_iconfont='entypo-fontello' title='' data-avia-related-tooltip='Compartir en LinkedIn' rel=\"noopener\"><span class='avia_hidden_link_text'>Compartir en LinkedIn<\/span><\/a><\/li><li class='av-share-link av-social-link-mail' ><a  aria-label=\"Compartir por correo\" href='mailto:?subject=IV%20Divisi%C3%B3n%20de%20Ej%C3%A9rcito%20conmemor%C3%B3%20el%20D%C3%ADa%20Internacional%20de%20la%20Mujer&#038;body=https:\/\/radiorevelacionfm.cl\/?p=28595' aria-hidden='false' data-av_icon='\ue805' data-av_iconfont='entypo-fontello' title='' data-avia-related-tooltip='Compartir por correo'><span class='avia_hidden_link_text'>Compartir por correo<\/span><\/a><\/li><\/ul><\/div><\/div>\n<div  style='height:50px' class='hr hr-invisible   avia-builder-el-8  el_after_av_social_share  el_before_av_comments_list '><span class='hr-inner ' ><span class='hr-inner-style'><\/span><\/span><\/div>\n<div  class='av-buildercomment  av-blog-meta-html-info-disabled av-blog-meta-tag-disabled  '><\/div>\n","protected":false},"excerpt":{"rendered":"","protected":false},"author":1,"featured_media":28596,"comment_status":"open","ping_status":"open","sticky":false,"template":"","format":"standard","meta":{"footnotes":""},"categories":[38],"tags":[],"class_list":["post-28595","post","type-post","status-publish","format-standard","has-post-thumbnail","hentry","category-regional"],"jetpack_featured_media_url":"https:\/\/radiorevelacionfm.cl\/wp-content\/uploads\/2023\/03\/whatsapp-image-2023-03-08-at-10_optimized.42.27-1-1.jpeg","_links":{"self":[{"href":"https:\/\/radiorevelacionfm.cl\/index.php?rest_route=\/wp\/v2\/posts\/28595","targetHints":{"allow":["GET"]}}],"collection":[{"href":"https:\/\/radiorevelacionfm.cl\/index.php?rest_route=\/wp\/v2\/posts"}],"about":[{"href":"https:\/\/radiorevelacionfm.cl\/index.php?rest_route=\/wp\/v2\/types\/post"}],"author":[{"embeddable":true,"href":"https:\/\/radiorevelacionfm.cl\/index.php?rest_route=\/wp\/v2\/users\/1"}],"replies":[{"embeddable":true,"href":"https:\/\/radiorevelacionfm.cl\/index.php?rest_route=%2Fwp%2Fv2%2Fcomments&post=28595"}],"version-history":[{"count":2,"href":"https:\/\/radiorevelacionfm.cl\/index.php?rest_route=\/wp\/v2\/posts\/28595\/revisions"}],"predecessor-version":[{"id":28598,"href":"https:\/\/radiorevelacionfm.cl\/index.php?rest_route=\/wp\/v2\/posts\/28595\/revisions\/28598"}],"wp:featuredmedia":[{"embeddable":true,"href":"https:\/\/radiorevelacionfm.cl\/index.php?rest_route=\/wp\/v2\/media\/28596"}],"wp:attachment":[{"href":"https:\/\/radiorevelacionfm.cl\/index.php?rest_route=%2Fwp%2Fv2%2Fmedia&parent=28595"}],"wp:term":[{"taxonomy":"category","embeddable":true,"href":"https:\/\/radiorevelacionfm.cl\/index.php?rest_route=%2Fwp%2Fv2%2Fcategories&post=28595"},{"taxonomy":"post_tag","embeddable":true,"href":"https:\/\/radiorevelacionfm.cl\/index.php?rest_route=%2Fwp%2Fv2%2Ftags&post=28595"}],"curies":[{"name":"wp","href":"https:\/\/api.w.org\/{rel}","templated":true}]}}