{"id":28592,"date":"2023-03-08T20:23:42","date_gmt":"2023-03-08T23:23:42","guid":{"rendered":"https:\/\/radiorevelacionfm.cl\/?p=28592"},"modified":"2023-03-08T20:23:42","modified_gmt":"2023-03-08T23:23:42","slug":"seremi-de-gobierno-lamento-rechazo-a-la-reforma-tributaria-es-una-mala-noticia-para-el-pais-y-nuestra-region","status":"publish","type":"post","link":"https:\/\/radiorevelacionfm.cl\/?p=28592","title":{"rendered":"Seremi de Gobierno lament\u00f3 rechazo a la Reforma Tributaria: \u00abEs una mala noticia para el pa\u00eds y nuestra regi\u00f3n\u00bb"},"content":{"rendered":"<div class=\"flex_column av_one_full  flex_column_div av-zero-column-padding first  avia-builder-el-0  el_before_av_one_full  avia-builder-el-first  \" style='border-radius:0px; '><div  class='avia-image-container  av-styling-    avia-builder-el-1  avia-builder-el-no-sibling  avia-align-center '  itemprop=\"image\" itemscope=\"itemscope\" itemtype=\"https:\/\/schema.org\/ImageObject\"  ><div class='avia-image-container-inner'><div class='avia-image-overlay-wrap'><img decoding=\"async\" class='wp-image-28593 avia-img-lazy-loading-not-28593 avia_image' src=\"https:\/\/radiorevelacionfm.cl\/wp-content\/uploads\/2023\/03\/Seremi-1-4-1-1.jpeg\" alt='' title='Seremi 1 (4) (1) (1)' height=\"600\" width=\"901\"  itemprop=\"thumbnailUrl\" srcset=\"https:\/\/radiorevelacionfm.cl\/wp-content\/uploads\/2023\/03\/Seremi-1-4-1-1.jpeg 901w, https:\/\/radiorevelacionfm.cl\/wp-content\/uploads\/2023\/03\/Seremi-1-4-1-1-300x200.jpeg 300w, https:\/\/radiorevelacionfm.cl\/wp-content\/uploads\/2023\/03\/Seremi-1-4-1-1-768x511.jpeg 768w, https:\/\/radiorevelacionfm.cl\/wp-content\/uploads\/2023\/03\/Seremi-1-4-1-1-705x469.jpeg 705w, https:\/\/radiorevelacionfm.cl\/wp-content\/uploads\/2023\/03\/Seremi-1-4-1-1-600x400.jpeg 600w\" sizes=\"(max-width: 901px) 100vw, 901px\" \/><\/div><\/div><\/div><\/div><div class=\"flex_column av_one_full  flex_column_div av-zero-column-padding first  avia-builder-el-2  el_after_av_one_full  el_before_av_one_full  column-top-margin\" style='border-radius:0px; '><section class=\"av_textblock_section \"  itemscope=\"itemscope\" itemtype=\"https:\/\/schema.org\/BlogPosting\" itemprop=\"blogPost\" ><div class='avia_textblock  '   itemprop=\"text\" ><p class=\"v1MsoNormal\" style=\"text-align: center;\"><span style=\"font-size: 18pt;\"><b>Seremi de Gobierno lament\u00f3 rechazo a la Reforma Tributaria: <\/b><b>\u00abEs una mala noticia para el pa\u00eds y nuestra regi\u00f3n\u00bb<\/b><\/span><\/p>\n<div id=\"gtx-trans\" style=\"position: absolute; left: -50px; top: 4.31534px;\">\n<div class=\"gtx-trans-icon\"><\/div>\n<\/div>\n<\/div><\/section><\/div><div class=\"flex_column av_one_full  flex_column_div av-zero-column-padding first  avia-builder-el-4  el_after_av_one_full  el_before_av_hr  column-top-margin\" style='border-radius:0px; '><section class=\"av_textblock_section \"  itemscope=\"itemscope\" itemtype=\"https:\/\/schema.org\/BlogPosting\" itemprop=\"blogPost\" ><div class='avia_textblock  '   itemprop=\"text\" ><div>\n<p class=\"v1MsoNormal\" style=\"text-align: justify;\">Tras conocerse este mi\u00e9rcoles el rechazo de la Reforma Previsional en la C\u00e1mara de Diputados, la Seremi de Gobierno de Ays\u00e9n, Tatiana Pl\u00e1 \u00c1lvarez, lament\u00f3 la situaci\u00f3n se\u00f1alando que lo que se rechaz\u00f3 por dos votos de diferencia fue la idea de legislar, es decir, la idea de que exista una reforma tributaria y adem\u00e1s con todos sus componentes.<\/p>\n<p class=\"v1MsoNormal\" style=\"text-align: justify;\">\u00abA ra\u00edz de esta decisi\u00f3n -explic\u00f3 la portavoz-, ya no se puede volver a legislar sobre esta materia hasta dentro de un a\u00f1o m\u00e1s, por lo que los 2\/3 del articulado referido a la reducci\u00f3n de la evasi\u00f3n y la elusi\u00f3n no van a poder legislarse, no importan los argumentos que se den. La consecuencia de votar en contra de la idea de legislar es que no se va a legislar sobre esas materias\u00bb.<\/p>\n<p class=\"v1MsoNormal\" style=\"text-align: justify;\">\u00abLa votaci\u00f3n de hoy es una mala noticia para los pensionados, para la inversi\u00f3n y la productividad. Hubi\u00e9ramos querido contarles que segu\u00edamos adelante con esta reforma tributaria cuyo fin es movilizar recursos en favor de las necesidades de la ciudadan\u00eda, obteniendo los recursos de donde m\u00e1s dinero y fortuna existe, pero \u00a0eso es lo que se rechaz\u00f3 y junto con eso se rechaz\u00f3 cada uno de los componentes del proyecto\u00bb, agreg\u00f3.<\/p>\n<p class=\"v1MsoNormal\" style=\"text-align: justify;\">La Seremi precis\u00f3 tambi\u00e9n que tras la decisi\u00f3n de la C\u00e1mara Baja, el aumento de la PGU a 250 mil pesos qued\u00f3 sin financiamiento, lo que es una muy mala noticia para las mujeres, para las PYME, para la clase media, la pol\u00edtica y la ciudadan\u00eda, que aspiraba a un sistema tributario m\u00e1s justo.<\/p>\n<p class=\"v1MsoNormal\" style=\"text-align: justify;\">\u00abLa decisi\u00f3n de votar en contra la Reforma Tributaria, que apoyaron dos diputados de derecha de nuestra regi\u00f3n, tiene efectos en muchas direcciones. Lamentamos que se haya dado as\u00ed y estar dando un motivo para celebraci\u00f3n de quienes deb\u00edan aportar m\u00e1s en el esfuerzo tributario. Por supuesto que vamos a reevaluar toda esta situaci\u00f3n para ver c\u00f3mo seguimos adelante con la agenda del Gobierno\u00bb, dijo Pl\u00e1 \u00c1varez.<\/p>\n<p class=\"v1MsoNormal\" style=\"text-align: justify;\">\u00abCreo que el hecho de que se haya votado en contra de la idea de legislar sobre una reforma tributaria y todos sus componentes, es un tema de la mayor gravedad pol\u00edtica, econ\u00f3mica y social\u00bb, concluy\u00f3 la Seremi.<\/p>\n<\/div>\n<div style=\"text-align: justify;\"><\/div>\n<\/div><\/section><\/div><div  style='height:50px' class='hr hr-invisible   avia-builder-el-6  el_after_av_one_full  el_before_av_social_share '><span class='hr-inner ' ><span class='hr-inner-style'><\/span><\/span><\/div><\/p>\n<div  class='av-social-sharing-box  avia-builder-el-7  el_after_av_hr  el_before_av_hr  '><div class='av-share-box'><h5 class='av-share-link-description av-no-toc '>Compartir esta noticia<\/h5><ul class='av-share-box-list noLightbox'><li class='av-share-link av-social-link-facebook' ><a target=\"_blank\" aria-label=\"Compartir en Facebook\" href='https:\/\/www.facebook.com\/sharer.php?u=https:\/\/radiorevelacionfm.cl\/?p=28592&#038;t=Seremi%20de%20Gobierno%20lament%C3%B3%20rechazo%20a%20la%20Reforma%20Tributaria%3A%20%C2%ABEs%20una%20mala%20noticia%20para%20el%20pa%C3%ADs%20y%20nuestra%20regi%C3%B3n%C2%BB' aria-hidden='false' data-av_icon='\ue8f3' data-av_iconfont='entypo-fontello' title='' data-avia-related-tooltip='Compartir en Facebook' rel=\"noopener\"><span class='avia_hidden_link_text'>Compartir en Facebook<\/span><\/a><\/li><li class='av-share-link av-social-link-twitter' ><a target=\"_blank\" aria-label=\"Compartir en Twitter\" href='https:\/\/twitter.com\/share?text=Seremi%20de%20Gobierno%20lament%C3%B3%20rechazo%20a%20la%20Reforma%20Tributaria%3A%20%C2%ABEs%20una%20mala%20noticia%20para%20el%20pa%C3%ADs%20y%20nuestra%20regi%C3%B3n%C2%BB&#038;url=https:\/\/radiorevelacionfm.cl\/?p=28592' aria-hidden='false' data-av_icon='\ue8f1' data-av_iconfont='entypo-fontello' title='' data-avia-related-tooltip='Compartir en Twitter' rel=\"noopener\"><span class='avia_hidden_link_text'>Compartir en Twitter<\/span><\/a><\/li><li class='av-share-link av-social-link-whatsapp' ><a target=\"_blank\" aria-label=\"Compartir en Whatsapp\" href='https:\/\/api.whatsapp.com\/send?text=https:\/\/radiorevelacionfm.cl\/?p=28592' aria-hidden='false' data-av_icon='\uf232' data-av_iconfont='entypo-fontello' title='' data-avia-related-tooltip='Compartir en Whatsapp' rel=\"noopener\"><span class='avia_hidden_link_text'>Compartir en Whatsapp<\/span><\/a><\/li><li class='av-share-link av-social-link-linkedin' ><a target=\"_blank\" aria-label=\"Compartir en LinkedIn\" href='https:\/\/linkedin.com\/shareArticle?mini=true&#038;title=Seremi%20de%20Gobierno%20lament%C3%B3%20rechazo%20a%20la%20Reforma%20Tributaria%3A%20%C2%ABEs%20una%20mala%20noticia%20para%20el%20pa%C3%ADs%20y%20nuestra%20regi%C3%B3n%C2%BB&#038;url=https:\/\/radiorevelacionfm.cl\/?p=28592' aria-hidden='false' data-av_icon='\ue8fc' data-av_iconfont='entypo-fontello' title='' data-avia-related-tooltip='Compartir en LinkedIn' rel=\"noopener\"><span class='avia_hidden_link_text'>Compartir en LinkedIn<\/span><\/a><\/li><li class='av-share-link av-social-link-mail' ><a  aria-label=\"Compartir por correo\" href='mailto:?subject=Seremi%20de%20Gobierno%20lament%C3%B3%20rechazo%20a%20la%20Reforma%20Tributaria%3A%20%C2%ABEs%20una%20mala%20noticia%20para%20el%20pa%C3%ADs%20y%20nuestra%20regi%C3%B3n%C2%BB&#038;body=https:\/\/radiorevelacionfm.cl\/?p=28592' aria-hidden='false' data-av_icon='\ue805' data-av_iconfont='entypo-fontello' title='' data-avia-related-tooltip='Compartir por correo'><span class='avia_hidden_link_text'>Compartir por correo<\/span><\/a><\/li><\/ul><\/div><\/div>\n<div  style='height:50px' class='hr hr-invisible   avia-builder-el-8  el_after_av_social_share  el_before_av_comments_list '><span class='hr-inner ' ><span class='hr-inner-style'><\/span><\/span><\/div>\n<div  class='av-buildercomment  av-blog-meta-html-info-disabled av-blog-meta-tag-disabled  '><\/div>\n","protected":false},"excerpt":{"rendered":"","protected":false},"author":1,"featured_media":28593,"comment_status":"open","ping_status":"open","sticky":false,"template":"","format":"standard","meta":{"footnotes":""},"categories":[38],"tags":[],"class_list":["post-28592","post","type-post","status-publish","format-standard","has-post-thumbnail","hentry","category-regional"],"jetpack_featured_media_url":"https:\/\/radiorevelacionfm.cl\/wp-content\/uploads\/2023\/03\/Seremi-1-4-1-1.jpeg","_links":{"self":[{"href":"https:\/\/radiorevelacionfm.cl\/index.php?rest_route=\/wp\/v2\/posts\/28592","targetHints":{"allow":["GET"]}}],"collection":[{"href":"https:\/\/radiorevelacionfm.cl\/index.php?rest_route=\/wp\/v2\/posts"}],"about":[{"href":"https:\/\/radiorevelacionfm.cl\/index.php?rest_route=\/wp\/v2\/types\/post"}],"author":[{"embeddable":true,"href":"https:\/\/radiorevelacionfm.cl\/index.php?rest_route=\/wp\/v2\/users\/1"}],"replies":[{"embeddable":true,"href":"https:\/\/radiorevelacionfm.cl\/index.php?rest_route=%2Fwp%2Fv2%2Fcomments&post=28592"}],"version-history":[{"count":2,"href":"https:\/\/radiorevelacionfm.cl\/index.php?rest_route=\/wp\/v2\/posts\/28592\/revisions"}],"predecessor-version":[{"id":28612,"href":"https:\/\/radiorevelacionfm.cl\/index.php?rest_route=\/wp\/v2\/posts\/28592\/revisions\/28612"}],"wp:featuredmedia":[{"embeddable":true,"href":"https:\/\/radiorevelacionfm.cl\/index.php?rest_route=\/wp\/v2\/media\/28593"}],"wp:attachment":[{"href":"https:\/\/radiorevelacionfm.cl\/index.php?rest_route=%2Fwp%2Fv2%2Fmedia&parent=28592"}],"wp:term":[{"taxonomy":"category","embeddable":true,"href":"https:\/\/radiorevelacionfm.cl\/index.php?rest_route=%2Fwp%2Fv2%2Fcategories&post=28592"},{"taxonomy":"post_tag","embeddable":true,"href":"https:\/\/radiorevelacionfm.cl\/index.php?rest_route=%2Fwp%2Fv2%2Ftags&post=28592"}],"curies":[{"name":"wp","href":"https:\/\/api.w.org\/{rel}","templated":true}]}}