{"id":28586,"date":"2023-03-08T16:09:23","date_gmt":"2023-03-08T19:09:23","guid":{"rendered":"https:\/\/radiorevelacionfm.cl\/?p=28586"},"modified":"2023-03-08T16:13:04","modified_gmt":"2023-03-08T19:13:04","slug":"artesanas-locales-reciben-llaves-de-sus-nuevos-puestos-en-costanera-de-puerto-cisnes","status":"publish","type":"post","link":"https:\/\/radiorevelacionfm.cl\/?p=28586","title":{"rendered":"Artesanas locales reciben llaves de sus nuevos puestos en Costanera de Puerto Cisnes"},"content":{"rendered":"<div class=\"flex_column av_one_full  flex_column_div av-zero-column-padding first  avia-builder-el-0  el_before_av_one_full  avia-builder-el-first  \" style='border-radius:0px; '><div  class='avia-image-container  av-styling-    avia-builder-el-1  avia-builder-el-no-sibling  avia-align-center '  itemprop=\"image\" itemscope=\"itemscope\" itemtype=\"https:\/\/schema.org\/ImageObject\"  ><div class='avia-image-container-inner'><div class='avia-image-overlay-wrap'><img decoding=\"async\" class='wp-image-28590 avia-img-lazy-loading-not-28590 avia_image' src=\"https:\/\/radiorevelacionfm.cl\/wp-content\/uploads\/2023\/03\/artesanas-cisnes-10-1_optimized.jpg\" alt='' title='artesanas-cisnes-10-(1)_optimized' height=\"600\" width=\"1067\"  itemprop=\"thumbnailUrl\" srcset=\"https:\/\/radiorevelacionfm.cl\/wp-content\/uploads\/2023\/03\/artesanas-cisnes-10-1_optimized.jpg 1067w, https:\/\/radiorevelacionfm.cl\/wp-content\/uploads\/2023\/03\/artesanas-cisnes-10-1_optimized-300x169.jpg 300w, https:\/\/radiorevelacionfm.cl\/wp-content\/uploads\/2023\/03\/artesanas-cisnes-10-1_optimized-1030x579.jpg 1030w, https:\/\/radiorevelacionfm.cl\/wp-content\/uploads\/2023\/03\/artesanas-cisnes-10-1_optimized-768x432.jpg 768w, https:\/\/radiorevelacionfm.cl\/wp-content\/uploads\/2023\/03\/artesanas-cisnes-10-1_optimized-705x396.jpg 705w, https:\/\/radiorevelacionfm.cl\/wp-content\/uploads\/2023\/03\/artesanas-cisnes-10-1_optimized-600x337.jpg 600w\" sizes=\"(max-width: 1067px) 100vw, 1067px\" \/><\/div><\/div><\/div><\/div><div class=\"flex_column av_one_full  flex_column_div av-zero-column-padding first  avia-builder-el-2  el_after_av_one_full  el_before_av_one_full  column-top-margin\" style='border-radius:0px; '><section class=\"av_textblock_section \"  itemscope=\"itemscope\" itemtype=\"https:\/\/schema.org\/BlogPosting\" itemprop=\"blogPost\" ><div class='avia_textblock  '   itemprop=\"text\" ><p style=\"text-align: center;\"><strong><span style=\"font-size: 18pt;\">Artesanas locales reciben llaves de sus nuevos puestos en Costanera de Puerto Cisnes <\/span><\/strong><\/p>\n<div id=\"gtx-trans\" style=\"position: absolute; left: -50px; top: 4.31534px;\">\n<div class=\"gtx-trans-icon\"><\/div>\n<\/div>\n<\/div><\/section><\/div><\/p>\n<div class=\"flex_column av_one_full  flex_column_div av-zero-column-padding first  avia-builder-el-4  el_after_av_one_full  el_before_av_hr  column-top-margin\" style='border-radius:0px; '><section class=\"av_textblock_section \"  itemscope=\"itemscope\" itemtype=\"https:\/\/schema.org\/BlogPosting\" itemprop=\"blogPost\" ><div class='avia_textblock  '   itemprop=\"text\" ><p style=\"text-align: justify;\">Fue una instancia ampliamente valorada por las mujeres que llevan muchos a\u00f1os dedicadas a este oficio y que ahora contentas ofrecer\u00e1n sus productos a la comunidad y a quienes visiten la zona en el principal puerto de la comuna.<\/p>\n<p style=\"text-align: justify;\">En una sencilla pero significativa ceremonia el Alcalde Francisco Roncagliolo junto a Paulina M\u00e1rquez directora de Dideco de la Municipalidad, hicieron entrega a las artesanas de Puerto Cisnes de las llaves que les permitir\u00e1n utilizar los puestos instalados en la nueva costanera de la localidad.<\/p>\n<p style=\"text-align: justify;\">\u201cComo administraci\u00f3n estamos muy contentos de hacer entrega de las llaves de estos espacios, que van a ser para atenci\u00f3n de personas que se dedican a las artesan\u00edas en Puerto Cisnes. Esto es parte tambi\u00e9n de un proceso de reubicaci\u00f3n de todas las artesanas que estaban en el mercado, en la plaza de Puerto Cisnes, m\u00e1s conocido como jard\u00edn antiguo. Con esto nosotros tambi\u00e9n avanzamos en otro proceso, que es, la construcci\u00f3n de la nueva plaza de Cisnes y por lo mismo compartimos la emoci\u00f3n que ellas tienen. Se plantea tambi\u00e9n un tremendo desaf\u00edo de atenci\u00f3n lo m\u00e1s continuo posible, pero tambi\u00e9n para nosotros es un incentivo para seguir creando espacios dentro de Puerto Cisnes\u201d.<\/p>\n<p style=\"text-align: justify;\">Contenta y agradecido con tener un nuevo lugar para ofrecer sus productos se mostr\u00f3 la artesana, Nubia Mu\u00f1oz, quien esperaba por a\u00f1os un espacio como el que le entregado la Municipalidad de Cisnes.<\/p>\n<p style=\"text-align: justify;\">\u201cHoy por fin se han entregado las llaves y me toc\u00f3 este puestecito, yo feliz de la vida, si all\u00e1 llegaba a las nueve, nueve y media, hoy estar\u00e9 ac\u00e1 a las ocho y media como corresponde, solamente voy a fallar cuando este enferma y espero no enfermarme tanto. Estoy feliz, emocionada, siento una emoci\u00f3n tan grande que no se explicarla, le doy gracias a mi esposo que me ha ayudado, me ha acompa\u00f1ado en todo y gracias al Alcalde y a todas las personas que hicieron posible esto\u201d.<\/p>\n<p style=\"text-align: justify;\">Para continuar el tr\u00e1mite formal y hacer efectiva la entrega de los puestos, la Municipalidad y cada una de las artesanas firmaron el respectivo comodato del espacio que ocupar\u00e1n en la nueva costanera de Puerto Cisnes.<\/p>\n<\/div><\/section><\/div>\n<div  style='height:50px' class='hr hr-invisible   avia-builder-el-6  el_after_av_one_full  el_before_av_social_share '><span class='hr-inner ' ><span class='hr-inner-style'><\/span><\/span><\/div>\n<div  class='av-social-sharing-box  avia-builder-el-7  el_after_av_hr  el_before_av_hr  '><div class='av-share-box'><h5 class='av-share-link-description av-no-toc '>Compartir esta noticia<\/h5><ul class='av-share-box-list noLightbox'><li class='av-share-link av-social-link-facebook' ><a target=\"_blank\" aria-label=\"Compartir en Facebook\" href='https:\/\/www.facebook.com\/sharer.php?u=https:\/\/radiorevelacionfm.cl\/?p=28586&#038;t=Artesanas%20locales%20reciben%20llaves%20de%20sus%20nuevos%20puestos%20en%20Costanera%20de%20Puerto%20Cisnes' aria-hidden='false' data-av_icon='\ue8f3' data-av_iconfont='entypo-fontello' title='' data-avia-related-tooltip='Compartir en Facebook' rel=\"noopener\"><span class='avia_hidden_link_text'>Compartir en Facebook<\/span><\/a><\/li><li class='av-share-link av-social-link-twitter' ><a target=\"_blank\" aria-label=\"Compartir en Twitter\" href='https:\/\/twitter.com\/share?text=Artesanas%20locales%20reciben%20llaves%20de%20sus%20nuevos%20puestos%20en%20Costanera%20de%20Puerto%20Cisnes&#038;url=https:\/\/radiorevelacionfm.cl\/?p=28586' aria-hidden='false' data-av_icon='\ue8f1' data-av_iconfont='entypo-fontello' title='' data-avia-related-tooltip='Compartir en Twitter' rel=\"noopener\"><span class='avia_hidden_link_text'>Compartir en Twitter<\/span><\/a><\/li><li class='av-share-link av-social-link-whatsapp' ><a target=\"_blank\" aria-label=\"Compartir en Whatsapp\" href='https:\/\/api.whatsapp.com\/send?text=https:\/\/radiorevelacionfm.cl\/?p=28586' aria-hidden='false' data-av_icon='\uf232' data-av_iconfont='entypo-fontello' title='' data-avia-related-tooltip='Compartir en Whatsapp' rel=\"noopener\"><span class='avia_hidden_link_text'>Compartir en Whatsapp<\/span><\/a><\/li><li class='av-share-link av-social-link-linkedin' ><a target=\"_blank\" aria-label=\"Compartir en LinkedIn\" href='https:\/\/linkedin.com\/shareArticle?mini=true&#038;title=Artesanas%20locales%20reciben%20llaves%20de%20sus%20nuevos%20puestos%20en%20Costanera%20de%20Puerto%20Cisnes&#038;url=https:\/\/radiorevelacionfm.cl\/?p=28586' aria-hidden='false' data-av_icon='\ue8fc' data-av_iconfont='entypo-fontello' title='' data-avia-related-tooltip='Compartir en LinkedIn' rel=\"noopener\"><span class='avia_hidden_link_text'>Compartir en LinkedIn<\/span><\/a><\/li><li class='av-share-link av-social-link-mail' ><a  aria-label=\"Compartir por correo\" href='mailto:?subject=Artesanas%20locales%20reciben%20llaves%20de%20sus%20nuevos%20puestos%20en%20Costanera%20de%20Puerto%20Cisnes&#038;body=https:\/\/radiorevelacionfm.cl\/?p=28586' aria-hidden='false' data-av_icon='\ue805' data-av_iconfont='entypo-fontello' title='' data-avia-related-tooltip='Compartir por correo'><span class='avia_hidden_link_text'>Compartir por correo<\/span><\/a><\/li><\/ul><\/div><\/div>\n<div  style='height:50px' class='hr hr-invisible   avia-builder-el-8  el_after_av_social_share  el_before_av_comments_list '><span class='hr-inner ' ><span class='hr-inner-style'><\/span><\/span><\/div>\n<div  class='av-buildercomment  av-blog-meta-html-info-disabled av-blog-meta-tag-disabled  '><\/div>\n","protected":false},"excerpt":{"rendered":"","protected":false},"author":1,"featured_media":28590,"comment_status":"open","ping_status":"open","sticky":false,"template":"","format":"standard","meta":{"footnotes":""},"categories":[38],"tags":[],"class_list":["post-28586","post","type-post","status-publish","format-standard","has-post-thumbnail","hentry","category-regional"],"jetpack_featured_media_url":"https:\/\/radiorevelacionfm.cl\/wp-content\/uploads\/2023\/03\/artesanas-cisnes-10-1_optimized.jpg","_links":{"self":[{"href":"https:\/\/radiorevelacionfm.cl\/index.php?rest_route=\/wp\/v2\/posts\/28586","targetHints":{"allow":["GET"]}}],"collection":[{"href":"https:\/\/radiorevelacionfm.cl\/index.php?rest_route=\/wp\/v2\/posts"}],"about":[{"href":"https:\/\/radiorevelacionfm.cl\/index.php?rest_route=\/wp\/v2\/types\/post"}],"author":[{"embeddable":true,"href":"https:\/\/radiorevelacionfm.cl\/index.php?rest_route=\/wp\/v2\/users\/1"}],"replies":[{"embeddable":true,"href":"https:\/\/radiorevelacionfm.cl\/index.php?rest_route=%2Fwp%2Fv2%2Fcomments&post=28586"}],"version-history":[{"count":3,"href":"https:\/\/radiorevelacionfm.cl\/index.php?rest_route=\/wp\/v2\/posts\/28586\/revisions"}],"predecessor-version":[{"id":28589,"href":"https:\/\/radiorevelacionfm.cl\/index.php?rest_route=\/wp\/v2\/posts\/28586\/revisions\/28589"}],"wp:featuredmedia":[{"embeddable":true,"href":"https:\/\/radiorevelacionfm.cl\/index.php?rest_route=\/wp\/v2\/media\/28590"}],"wp:attachment":[{"href":"https:\/\/radiorevelacionfm.cl\/index.php?rest_route=%2Fwp%2Fv2%2Fmedia&parent=28586"}],"wp:term":[{"taxonomy":"category","embeddable":true,"href":"https:\/\/radiorevelacionfm.cl\/index.php?rest_route=%2Fwp%2Fv2%2Fcategories&post=28586"},{"taxonomy":"post_tag","embeddable":true,"href":"https:\/\/radiorevelacionfm.cl\/index.php?rest_route=%2Fwp%2Fv2%2Ftags&post=28586"}],"curies":[{"name":"wp","href":"https:\/\/api.w.org\/{rel}","templated":true}]}}