{"id":2858,"date":"2021-02-22T11:08:43","date_gmt":"2021-02-22T14:08:43","guid":{"rendered":"https:\/\/radiorevelacionfm.cl\/?p=2858"},"modified":"2021-02-22T11:08:43","modified_gmt":"2021-02-22T14:08:43","slug":"se-declara-alerta-amarilla-para-la-comuna-de-tortel-por-inundacion","status":"publish","type":"post","link":"https:\/\/radiorevelacionfm.cl\/?p=2858","title":{"rendered":"Se declara Alerta Amarilla para la comuna de Tortel por inundaci\u00f3n"},"content":{"rendered":"<div class=\"flex_column av_one_full  flex_column_div av-zero-column-padding first  avia-builder-el-0  el_before_av_one_full  avia-builder-el-first  \" style='border-radius:0px; '><div  class='avia-image-container  av-styling-    avia-builder-el-1  avia-builder-el-no-sibling  avia-align-center '  itemprop=\"image\" itemscope=\"itemscope\" itemtype=\"https:\/\/schema.org\/ImageObject\"  ><div class='avia-image-container-inner'><div class='avia-image-overlay-wrap'><img decoding=\"async\" class='wp-image-0 avia-img-lazy-loading-not-0 avia_image' src=\"https:\/\/radiorevelacionfm.cl\/wp-content\/uploads\/2021\/02\/TORTEL4-2.jpg\" alt='' title=''   itemprop=\"thumbnailUrl\"  \/><\/div><\/div><\/div><\/div><div class=\"flex_column av_one_full  flex_column_div av-zero-column-padding first  avia-builder-el-2  el_after_av_one_full  el_before_av_one_full  column-top-margin\" style='border-radius:0px; '><section class=\"av_textblock_section \"  itemscope=\"itemscope\" itemtype=\"https:\/\/schema.org\/BlogPosting\" itemprop=\"blogPost\" ><div class='avia_textblock  '   itemprop=\"text\" ><p style=\"text-align: center;\"><strong><span style=\"font-size: 18pt;\">Se declara Alerta Amarilla para la comuna de Tortel por inundaci\u00f3n<\/span><\/strong><\/p>\n<div id=\"gtx-trans\" style=\"position: absolute; left: -50px; top: 4.31534px;\">\n<div class=\"gtx-trans-icon\"><\/div>\n<\/div>\n<\/div><\/section><\/div><div class=\"flex_column av_one_full  flex_column_div av-zero-column-padding first  avia-builder-el-4  el_after_av_one_full  el_before_av_hr  column-top-margin\" style='border-radius:0px; '><section class=\"av_textblock_section \"  itemscope=\"itemscope\" itemtype=\"https:\/\/schema.org\/BlogPosting\" itemprop=\"blogPost\" ><div class='avia_textblock  '   itemprop=\"text\" ><p style=\"text-align: justify;\">De acuerdo con la informaci\u00f3n proporcionada por la Direcci\u00f3n General de Aguas (DGA), mediante su Minuta T\u00e9cnica N\u00b05, con respecto a la situaci\u00f3n de los lagos glaciares, espec\u00edficamente del glaciar Steffen, en la comuna de Tortel, se informa que desde el d\u00eda 18 de febrero comenzaron a presentarse variaciones negativas de nivel de hasta 3 cm\/h, tendencia que increment\u00f3 el d\u00eda 19 de febrero, registrando variaciones horarias de hasta 10 cm\/h. El d\u00eda de ayer s\u00e1bado 20 de febrero, las diferencias del descenso se acentuaron, registrando variaciones de hasta 49 cm\/h, las que finalmente el d\u00eda de hoy domingo 21 de febrero, presentaron niveles significativos de descenso, registrando variaciones de hasta 1,9 metros y con una constante tendencia al incremento.<\/p>\n<p style=\"text-align: justify;\">Cabe destacar, que las tasas de descarga de agua observada en las \u00faltimas horas son consideradas altas, lo que involucrar\u00e1 que los niveles de escurrimiento aguas abajo, muestren incrementos significativos.<\/p>\n<p style=\"text-align: justify;\">Asimismo, el descenso acumulado desde el d\u00eda 14 del presente mes es de 28,35 metros, que en conjunto con las tendencias observadas, confirman el proceso de vaciamiento del lago HPN4.<\/p>\n<p style=\"text-align: justify;\">En tanto, esta descarga de agua desde el lago antes mencionado, ya se observa en el tramo medio del cruce del r\u00edo Huemules, localizado cerca de 20 kil\u00f3metros agua abajo del lago HPN4, en donde el d\u00eda de hoy se han registrado aumentos de caudal, acumulando un incremento de 1 metro en la altura del agua, manteniendo la tendencia al incremento. Estos antecedentes permiten catalogar este fen\u00f3meno como un evento hidrol\u00f3gico extremo.<\/p>\n<p style=\"text-align: justify;\">Finalmente, y a consecuencia al aumento de caudal del r\u00edo Huemules, se informa que 1 vivienda se encuentra afectada por inundaci\u00f3n, mientras que existe amenaza para otras 7 familias que residen aguas abajo del mismo.<\/p>\n<p style=\"text-align: justify;\">En base a la informaci\u00f3n t\u00e9cnica proporcionada por DGA, la Intendencia de la Regi\u00f3n de Ays\u00e9n, en coordinaci\u00f3n con la Direcci\u00f3n Regional de ONEMI,\u00a0<b>declara Alerta Amarilla\u00a0<\/b>para la comuna de Tortel, por inundaci\u00f3n, vigente a partir de hoy y hasta que las condiciones as\u00ed lo ameriten. A ra\u00edz de lo anterior, la Direcci\u00f3n Regional de ONEMI Ays\u00e9n,\u00a0<b>cancela la Alerta Temprana Preventiva\u00a0<\/b>para la comuna de Tortel, por amenaza de desborde, que se mantuvo vigente desde el 25 de noviembre de 2020.<\/p>\n<p style=\"text-align: justify;\">Con la declaraci\u00f3n de la Alerta Amarilla, se alistar\u00e1n escalonadamente los recursos necesarios para intervenir de acuerdo a la evoluci\u00f3n del evento, con el objeto de evitar que \u00e9ste crezca en extensi\u00f3n y severidad, minimizando los efectos negativos en las personas, sus bienes y el medio ambiente.<\/p>\n<\/div><\/section><\/div><div  style='height:50px' class='hr hr-invisible   avia-builder-el-6  el_after_av_one_full  el_before_av_social_share '><span class='hr-inner ' ><span class='hr-inner-style'><\/span><\/span><\/div><\/p>\n<div  class='av-social-sharing-box  avia-builder-el-7  el_after_av_hr  el_before_av_hr  '><div class='av-share-box'><h5 class='av-share-link-description av-no-toc '>Compartir esta noticia<\/h5><ul class='av-share-box-list noLightbox'><li class='av-share-link av-social-link-facebook' ><a target=\"_blank\" aria-label=\"Compartir en Facebook\" href='https:\/\/www.facebook.com\/sharer.php?u=https:\/\/radiorevelacionfm.cl\/?p=2858&#038;t=Se%20declara%20Alerta%20Amarilla%20para%20la%20comuna%20de%20Tortel%20por%20inundaci%C3%B3n' aria-hidden='false' data-av_icon='\ue8f3' data-av_iconfont='entypo-fontello' title='' data-avia-related-tooltip='Compartir en Facebook' rel=\"noopener\"><span class='avia_hidden_link_text'>Compartir en Facebook<\/span><\/a><\/li><li class='av-share-link av-social-link-twitter' ><a target=\"_blank\" aria-label=\"Compartir en Twitter\" href='https:\/\/twitter.com\/share?text=Se%20declara%20Alerta%20Amarilla%20para%20la%20comuna%20de%20Tortel%20por%20inundaci%C3%B3n&#038;url=https:\/\/radiorevelacionfm.cl\/?p=2858' aria-hidden='false' data-av_icon='\ue8f1' data-av_iconfont='entypo-fontello' title='' data-avia-related-tooltip='Compartir en Twitter' rel=\"noopener\"><span class='avia_hidden_link_text'>Compartir en Twitter<\/span><\/a><\/li><li class='av-share-link av-social-link-whatsapp' ><a target=\"_blank\" aria-label=\"Compartir en Whatsapp\" href='https:\/\/api.whatsapp.com\/send?text=https:\/\/radiorevelacionfm.cl\/?p=2858' aria-hidden='false' data-av_icon='\uf232' data-av_iconfont='entypo-fontello' title='' data-avia-related-tooltip='Compartir en Whatsapp' rel=\"noopener\"><span class='avia_hidden_link_text'>Compartir en Whatsapp<\/span><\/a><\/li><li class='av-share-link av-social-link-linkedin' ><a target=\"_blank\" aria-label=\"Compartir en LinkedIn\" href='https:\/\/linkedin.com\/shareArticle?mini=true&#038;title=Se%20declara%20Alerta%20Amarilla%20para%20la%20comuna%20de%20Tortel%20por%20inundaci%C3%B3n&#038;url=https:\/\/radiorevelacionfm.cl\/?p=2858' aria-hidden='false' data-av_icon='\ue8fc' data-av_iconfont='entypo-fontello' title='' data-avia-related-tooltip='Compartir en LinkedIn' rel=\"noopener\"><span class='avia_hidden_link_text'>Compartir en LinkedIn<\/span><\/a><\/li><li class='av-share-link av-social-link-mail' ><a  aria-label=\"Compartir por correo\" href='mailto:?subject=Se%20declara%20Alerta%20Amarilla%20para%20la%20comuna%20de%20Tortel%20por%20inundaci%C3%B3n&#038;body=https:\/\/radiorevelacionfm.cl\/?p=2858' aria-hidden='false' data-av_icon='\ue805' data-av_iconfont='entypo-fontello' title='' data-avia-related-tooltip='Compartir por correo'><span class='avia_hidden_link_text'>Compartir por correo<\/span><\/a><\/li><\/ul><\/div><\/div>\n<div  style='height:50px' class='hr hr-invisible   avia-builder-el-8  el_after_av_social_share  el_before_av_comments_list '><span class='hr-inner ' ><span class='hr-inner-style'><\/span><\/span><\/div>\n<div  class='av-buildercomment  av-blog-meta-html-info-disabled av-blog-meta-tag-disabled  '><\/div>\n","protected":false},"excerpt":{"rendered":"","protected":false},"author":1,"featured_media":0,"comment_status":"open","ping_status":"open","sticky":false,"template":"","format":"standard","meta":{"footnotes":""},"categories":[38],"tags":[],"class_list":["post-2858","post","type-post","status-publish","format-standard","hentry","category-regional"],"jetpack_featured_media_url":"","_links":{"self":[{"href":"https:\/\/radiorevelacionfm.cl\/index.php?rest_route=\/wp\/v2\/posts\/2858","targetHints":{"allow":["GET"]}}],"collection":[{"href":"https:\/\/radiorevelacionfm.cl\/index.php?rest_route=\/wp\/v2\/posts"}],"about":[{"href":"https:\/\/radiorevelacionfm.cl\/index.php?rest_route=\/wp\/v2\/types\/post"}],"author":[{"embeddable":true,"href":"https:\/\/radiorevelacionfm.cl\/index.php?rest_route=\/wp\/v2\/users\/1"}],"replies":[{"embeddable":true,"href":"https:\/\/radiorevelacionfm.cl\/index.php?rest_route=%2Fwp%2Fv2%2Fcomments&post=2858"}],"version-history":[{"count":1,"href":"https:\/\/radiorevelacionfm.cl\/index.php?rest_route=\/wp\/v2\/posts\/2858\/revisions"}],"predecessor-version":[{"id":2860,"href":"https:\/\/radiorevelacionfm.cl\/index.php?rest_route=\/wp\/v2\/posts\/2858\/revisions\/2860"}],"wp:attachment":[{"href":"https:\/\/radiorevelacionfm.cl\/index.php?rest_route=%2Fwp%2Fv2%2Fmedia&parent=2858"}],"wp:term":[{"taxonomy":"category","embeddable":true,"href":"https:\/\/radiorevelacionfm.cl\/index.php?rest_route=%2Fwp%2Fv2%2Fcategories&post=2858"},{"taxonomy":"post_tag","embeddable":true,"href":"https:\/\/radiorevelacionfm.cl\/index.php?rest_route=%2Fwp%2Fv2%2Ftags&post=2858"}],"curies":[{"name":"wp","href":"https:\/\/api.w.org\/{rel}","templated":true}]}}