{"id":28579,"date":"2023-03-08T14:59:32","date_gmt":"2023-03-08T17:59:32","guid":{"rendered":"https:\/\/radiorevelacionfm.cl\/?p=28579"},"modified":"2023-03-08T14:59:32","modified_gmt":"2023-03-08T17:59:32","slug":"minvu-y-camara-de-la-construccion-impulsan-aplicacion-de-sello-que-incentiva-empleo-femenino-en-obras-financiadas-por-el-sector","status":"publish","type":"post","link":"https:\/\/radiorevelacionfm.cl\/?p=28579","title":{"rendered":"Minvu y C\u00e1mara de la Construcci\u00f3n impulsan aplicaci\u00f3n de Sello que incentiva empleo femenino en obras financiadas por el sector"},"content":{"rendered":"<div class=\"flex_column av_one_full  flex_column_div av-zero-column-padding first  avia-builder-el-0  el_before_av_one_full  avia-builder-el-first  \" style='border-radius:0px; '><div  class='avia-image-container  av-styling-    avia-builder-el-1  avia-builder-el-no-sibling  avia-align-center '  itemprop=\"image\" itemscope=\"itemscope\" itemtype=\"https:\/\/schema.org\/ImageObject\"  ><div class='avia-image-container-inner'><div class='avia-image-overlay-wrap'><img decoding=\"async\" class='wp-image-28580 avia-img-lazy-loading-not-28580 avia_image' src=\"https:\/\/radiorevelacionfm.cl\/wp-content\/uploads\/2023\/03\/Foto-Entrega-de-sello-Mujer-Construccion-1-1.jpg\" alt='' title='Foto Entrega de sello Mujer Construcci\u00f3n (1) (1)' height=\"600\" width=\"1025\"  itemprop=\"thumbnailUrl\" srcset=\"https:\/\/radiorevelacionfm.cl\/wp-content\/uploads\/2023\/03\/Foto-Entrega-de-sello-Mujer-Construccion-1-1.jpg 1025w, https:\/\/radiorevelacionfm.cl\/wp-content\/uploads\/2023\/03\/Foto-Entrega-de-sello-Mujer-Construccion-1-1-300x176.jpg 300w, https:\/\/radiorevelacionfm.cl\/wp-content\/uploads\/2023\/03\/Foto-Entrega-de-sello-Mujer-Construccion-1-1-768x450.jpg 768w, https:\/\/radiorevelacionfm.cl\/wp-content\/uploads\/2023\/03\/Foto-Entrega-de-sello-Mujer-Construccion-1-1-705x413.jpg 705w, https:\/\/radiorevelacionfm.cl\/wp-content\/uploads\/2023\/03\/Foto-Entrega-de-sello-Mujer-Construccion-1-1-600x351.jpg 600w\" sizes=\"(max-width: 1025px) 100vw, 1025px\" \/><\/div><\/div><\/div><\/div><div class=\"flex_column av_one_full  flex_column_div av-zero-column-padding first  avia-builder-el-2  el_after_av_one_full  el_before_av_one_full  column-top-margin\" style='border-radius:0px; '><section class=\"av_textblock_section \"  itemscope=\"itemscope\" itemtype=\"https:\/\/schema.org\/BlogPosting\" itemprop=\"blogPost\" ><div class='avia_textblock  '   itemprop=\"text\" ><p style=\"text-align: center;\"><span style=\"font-size: 18pt;\"><strong>Minvu y C\u00e1mara de la Construcci\u00f3n impulsan aplicaci\u00f3n de Sello que incentiva empleo femenino en obras financiadas por el sector<\/strong><\/span><\/p>\n<div id=\"gtx-trans\" style=\"position: absolute; left: -50px; top: 4.31534px;\">\n<div class=\"gtx-trans-icon\"><\/div>\n<\/div>\n<\/div><\/section><\/div><div class=\"flex_column av_one_full  flex_column_div av-zero-column-padding first  avia-builder-el-4  el_after_av_one_full  el_before_av_hr  column-top-margin\" style='border-radius:0px; '><section class=\"av_textblock_section \"  itemscope=\"itemscope\" itemtype=\"https:\/\/schema.org\/BlogPosting\" itemprop=\"blogPost\" ><div class='avia_textblock  '   itemprop=\"text\" ><p style=\"text-align: justify;\">Con la activa participaci\u00f3n de representantes de las empresas locales que forman parte de la C\u00e1mara Chilena de la Construcci\u00f3n, autoridades de Gobierno y profesionales del \u00e1rea, se desarroll\u00f3 este martes el conversatorio sobre el \u201cSello Mujer Construcci\u00f3n\u201d, encuentro organizado por la Secretar\u00eda Ministerial de Vivienda y Urbanismo con el objetivo de fomentar la contrataci\u00f3n de mano de obra femenina en el sector de la construcci\u00f3n y en proyectos que son financiadas por dicha cartera.<\/p>\n<p style=\"text-align: justify;\">La actividad se realiz\u00f3 en el marco de la conmemoraci\u00f3n del D\u00eda Internacional de la Mujer y cont\u00f3 con participaci\u00f3n del Delegado Presidencial Regional, Rodrigo Araya, la Seremi de Vivienda, Paulina Ruz; el Director (S) de Serviu, Eduardo Navarro y la Presidenta de la C\u00e1mara Chilena de la Construcci\u00f3n, Alejandra Alert, adem\u00e1s del Seremi del Trabajo, Rodrigo D\u00edaz y la Seremi de Gobierno, Tatiana Pl\u00e1, entre otros.<\/p>\n<p style=\"text-align: justify;\">Cabe recordar que el sello Mujer Construcci\u00f3n es una iniciativa nace de la mesa de trabajo Mujer y Construcci\u00f3n, en la que participa el Minvu desde 2020\u00a0 junto al Ministerio de la Mujer y Equidad de G\u00e9nero, el Ministerio del Trabajo, el Servicio Nacional de Capacitaci\u00f3n y Empleo (Sence), el Ministerio de Obras P\u00fablicas y la C\u00e1mara Chilena de la Construcci\u00f3n, sumando propuestas y acciones para superar la brecha salarial entre hombres y mujeres, as\u00ed como incentivar la incorporaci\u00f3n de \u00e9stas al rubro de la construcci\u00f3n.<\/p>\n<p style=\"text-align: justify;\">El Sello Mujer Construcci\u00f3n da una bonificaci\u00f3n en el puntaje de las empresas o personas naturales que postulen a licitaciones de obras habitacionales o urbanas con financiamiento Minvu y que se comprometan a contratar al menos un 15% de mano de obra femenina respecto del total de trabajadores de la empresa para cada proyecto.<\/p>\n<p style=\"text-align: justify;\">Como organizadores del evento, la Seremi de Vivienda Paulina Ruz, valor\u00f3 la presencia de autoridades, funcionarios y representes del mundo privado, recordando que estas tareas nos comprometen a todos y todas. \u201cDesde nuestro Ministerio estamos impulsando una pol\u00edtica nacional de g\u00e9nero y eso implica realizar gestiones internas dentro de lo que es la instituci\u00f3n, pero tambi\u00e9n c\u00f3mo lo proyectamos en lo externo y para eso la C\u00e1mara Chilena de la Construcci\u00f3n es un ente colaborador fundamental para nosotros al igual que diversas entidades p\u00fablicas. Desde el Gobierno del Presidente Gabriel Boric nos declaramos como un Gobierno feminista y eso implica impulsar distintas iniciativas para que tengamos mayor cantidad de mujeres con labores remuneradas en los distintos espacios p\u00fablicos, no solo en labores de cuidados sino tambi\u00e9n en otros tipos de rubro como el de la construcci\u00f3n\u201d, afirm\u00f3.<\/p>\n<p style=\"text-align: justify;\">El Delegado Presidencial Regional, Rodrigo Araya, destac\u00f3 el conversatorio como una instancia tremendamente relevante porque es una manifestaci\u00f3n concreta y real de c\u00f3mo el Gobierno sigue avanzando en la equidad de g\u00e9nero. \u00abEntonces este sello considera tambi\u00e9n una responsabilidad de las empresas de tener idealmente un 15 por ciento m\u00e1s de mujeres contratadas en su planilla y que eso se mantenga durante todas las obras que vayan a desarrollar. Eso les va a dar algunos beneficios como un puntaje adicional en los procesos licitatorios. De eso estamos hablando y esperamos que sea un tremendo est\u00edmulo para seguir avanzando en este rubro en m\u00e1s oportunidades de trabajo para las mujeres\u201d, se\u00f1al\u00f3.<\/p>\n<p style=\"text-align: justify;\">Por su parte la Presidenta de la C\u00e1mara Chilena de la Construcci\u00f3n, sede Coyhaique, Alejandra Alert, destac\u00f3 el compromiso del Minvu en este tema y reiter\u00f3 su compromiso para potenciar y cumplir los objetivos propuestos. \u201cSabemos que el trabajo que se hace con el Minvu siempre tiene buenos resultados. El sello hoy nos da la certeza y la posibilidad de ser parte de un trabajo conjunto que garantiza adem\u00e1s tener m\u00e1s mujeres en obra y en otras funciones, ya sean administrativas o profesionales, que permitan tambi\u00e9n as\u00ed reactivar nuestra econom\u00eda local incluyendo a la mujer en ese desempe\u00f1o. As\u00ed que estamos s\u00faper contentos, absolutamente comprometidos, nuestras empresas saben que todo este trabajo tiene un objetivo mucho mayor, por lo tanto no me queda m\u00e1s que felicitar y obviamente sumarnos al trabajo que se est\u00e1 haciendo\u201d, manifest\u00f3.<\/p>\n<p style=\"text-align: justify;\">Durante el conversatorio se intercambiaron ideas y propuestas acerca de la implementaci\u00f3n esta iniciativa, cerrando la jornada con la entrega de sellos al Director (S) del Serviu y a la Presidenta Regional de la C\u00e1mara Chilena de la Construcci\u00f3n, quienes acordaron fortalecer el trabajo conjunto respecto a este y otros temas relacionados con la ejecuci\u00f3n de las obras habitacionales y urbanas que adem\u00e1s permiten impulsar el desarrollo local y seguir mejorando la calidad de vida de los habitantes de todas las comunas de la regi\u00f3n.<\/p>\n<\/div><\/section><\/div><div  style='height:50px' class='hr hr-invisible   avia-builder-el-6  el_after_av_one_full  el_before_av_social_share '><span class='hr-inner ' ><span class='hr-inner-style'><\/span><\/span><\/div><\/p>\n<div  class='av-social-sharing-box  avia-builder-el-7  el_after_av_hr  el_before_av_hr  '><div class='av-share-box'><h5 class='av-share-link-description av-no-toc '>Compartir esta noticia<\/h5><ul class='av-share-box-list noLightbox'><li class='av-share-link av-social-link-facebook' ><a target=\"_blank\" aria-label=\"Compartir en Facebook\" href='https:\/\/www.facebook.com\/sharer.php?u=https:\/\/radiorevelacionfm.cl\/?p=28579&#038;t=Minvu%20y%20C%C3%A1mara%20de%20la%20Construcci%C3%B3n%20impulsan%20aplicaci%C3%B3n%20de%20Sello%20que%20incentiva%20empleo%20femenino%20en%20obras%20financiadas%20por%20el%20sector' aria-hidden='false' data-av_icon='\ue8f3' data-av_iconfont='entypo-fontello' title='' data-avia-related-tooltip='Compartir en Facebook' rel=\"noopener\"><span class='avia_hidden_link_text'>Compartir en Facebook<\/span><\/a><\/li><li class='av-share-link av-social-link-twitter' ><a target=\"_blank\" aria-label=\"Compartir en Twitter\" href='https:\/\/twitter.com\/share?text=Minvu%20y%20C%C3%A1mara%20de%20la%20Construcci%C3%B3n%20impulsan%20aplicaci%C3%B3n%20de%20Sello%20que%20incentiva%20empleo%20femenino%20en%20obras%20financiadas%20por%20el%20sector&#038;url=https:\/\/radiorevelacionfm.cl\/?p=28579' aria-hidden='false' data-av_icon='\ue8f1' data-av_iconfont='entypo-fontello' title='' data-avia-related-tooltip='Compartir en Twitter' rel=\"noopener\"><span class='avia_hidden_link_text'>Compartir en Twitter<\/span><\/a><\/li><li class='av-share-link av-social-link-whatsapp' ><a target=\"_blank\" aria-label=\"Compartir en Whatsapp\" href='https:\/\/api.whatsapp.com\/send?text=https:\/\/radiorevelacionfm.cl\/?p=28579' aria-hidden='false' data-av_icon='\uf232' data-av_iconfont='entypo-fontello' title='' data-avia-related-tooltip='Compartir en Whatsapp' rel=\"noopener\"><span class='avia_hidden_link_text'>Compartir en Whatsapp<\/span><\/a><\/li><li class='av-share-link av-social-link-linkedin' ><a target=\"_blank\" aria-label=\"Compartir en LinkedIn\" href='https:\/\/linkedin.com\/shareArticle?mini=true&#038;title=Minvu%20y%20C%C3%A1mara%20de%20la%20Construcci%C3%B3n%20impulsan%20aplicaci%C3%B3n%20de%20Sello%20que%20incentiva%20empleo%20femenino%20en%20obras%20financiadas%20por%20el%20sector&#038;url=https:\/\/radiorevelacionfm.cl\/?p=28579' aria-hidden='false' data-av_icon='\ue8fc' data-av_iconfont='entypo-fontello' title='' data-avia-related-tooltip='Compartir en LinkedIn' rel=\"noopener\"><span class='avia_hidden_link_text'>Compartir en LinkedIn<\/span><\/a><\/li><li class='av-share-link av-social-link-mail' ><a  aria-label=\"Compartir por correo\" href='mailto:?subject=Minvu%20y%20C%C3%A1mara%20de%20la%20Construcci%C3%B3n%20impulsan%20aplicaci%C3%B3n%20de%20Sello%20que%20incentiva%20empleo%20femenino%20en%20obras%20financiadas%20por%20el%20sector&#038;body=https:\/\/radiorevelacionfm.cl\/?p=28579' aria-hidden='false' data-av_icon='\ue805' data-av_iconfont='entypo-fontello' title='' data-avia-related-tooltip='Compartir por correo'><span class='avia_hidden_link_text'>Compartir por correo<\/span><\/a><\/li><\/ul><\/div><\/div>\n<div  style='height:50px' class='hr hr-invisible   avia-builder-el-8  el_after_av_social_share  el_before_av_comments_list '><span class='hr-inner ' ><span class='hr-inner-style'><\/span><\/span><\/div>\n<div  class='av-buildercomment  av-blog-meta-html-info-disabled av-blog-meta-tag-disabled  '><\/div>\n","protected":false},"excerpt":{"rendered":"","protected":false},"author":1,"featured_media":28580,"comment_status":"open","ping_status":"open","sticky":false,"template":"","format":"standard","meta":{"footnotes":""},"categories":[57],"tags":[],"class_list":["post-28579","post","type-post","status-publish","format-standard","has-post-thumbnail","hentry","category-vivienda"],"jetpack_featured_media_url":"https:\/\/radiorevelacionfm.cl\/wp-content\/uploads\/2023\/03\/Foto-Entrega-de-sello-Mujer-Construccion-1-1.jpg","_links":{"self":[{"href":"https:\/\/radiorevelacionfm.cl\/index.php?rest_route=\/wp\/v2\/posts\/28579","targetHints":{"allow":["GET"]}}],"collection":[{"href":"https:\/\/radiorevelacionfm.cl\/index.php?rest_route=\/wp\/v2\/posts"}],"about":[{"href":"https:\/\/radiorevelacionfm.cl\/index.php?rest_route=\/wp\/v2\/types\/post"}],"author":[{"embeddable":true,"href":"https:\/\/radiorevelacionfm.cl\/index.php?rest_route=\/wp\/v2\/users\/1"}],"replies":[{"embeddable":true,"href":"https:\/\/radiorevelacionfm.cl\/index.php?rest_route=%2Fwp%2Fv2%2Fcomments&post=28579"}],"version-history":[{"count":2,"href":"https:\/\/radiorevelacionfm.cl\/index.php?rest_route=\/wp\/v2\/posts\/28579\/revisions"}],"predecessor-version":[{"id":28582,"href":"https:\/\/radiorevelacionfm.cl\/index.php?rest_route=\/wp\/v2\/posts\/28579\/revisions\/28582"}],"wp:featuredmedia":[{"embeddable":true,"href":"https:\/\/radiorevelacionfm.cl\/index.php?rest_route=\/wp\/v2\/media\/28580"}],"wp:attachment":[{"href":"https:\/\/radiorevelacionfm.cl\/index.php?rest_route=%2Fwp%2Fv2%2Fmedia&parent=28579"}],"wp:term":[{"taxonomy":"category","embeddable":true,"href":"https:\/\/radiorevelacionfm.cl\/index.php?rest_route=%2Fwp%2Fv2%2Fcategories&post=28579"},{"taxonomy":"post_tag","embeddable":true,"href":"https:\/\/radiorevelacionfm.cl\/index.php?rest_route=%2Fwp%2Fv2%2Ftags&post=28579"}],"curies":[{"name":"wp","href":"https:\/\/api.w.org\/{rel}","templated":true}]}}