{"id":28558,"date":"2023-03-08T10:06:50","date_gmt":"2023-03-08T13:06:50","guid":{"rendered":"https:\/\/radiorevelacionfm.cl\/?p=28558"},"modified":"2023-03-08T10:06:50","modified_gmt":"2023-03-08T13:06:50","slug":"presentan-proyecto-de-buses-electricos-para-adultos-mayores-y-personas-en-situacion-de-discapacidad-en-comuna-de-aysen","status":"publish","type":"post","link":"https:\/\/radiorevelacionfm.cl\/?p=28558","title":{"rendered":"Presentan proyecto de buses el\u00e9ctricos para adultos mayores y personas en situaci\u00f3n de discapacidad en comuna de Ays\u00e9n"},"content":{"rendered":"<div class=\"flex_column av_one_full  flex_column_div av-zero-column-padding first  avia-builder-el-0  el_before_av_one_full  avia-builder-el-first  \" style='border-radius:0px; '><div  class='avia-image-container  av-styling-    avia-builder-el-1  avia-builder-el-no-sibling  avia-align-center '  itemprop=\"image\" itemscope=\"itemscope\" itemtype=\"https:\/\/schema.org\/ImageObject\"  ><div class='avia-image-container-inner'><div class='avia-image-overlay-wrap'><img decoding=\"async\" class='wp-image-28559 avia-img-lazy-loading-not-28559 avia_image' src=\"https:\/\/radiorevelacionfm.cl\/wp-content\/uploads\/2023\/03\/PXL_20230307_134136609-1-1-1.jpg\" alt='' title='PXL_20230307_134136609 (1) (1) (1)' height=\"600\" width=\"784\"  itemprop=\"thumbnailUrl\" srcset=\"https:\/\/radiorevelacionfm.cl\/wp-content\/uploads\/2023\/03\/PXL_20230307_134136609-1-1-1.jpg 784w, https:\/\/radiorevelacionfm.cl\/wp-content\/uploads\/2023\/03\/PXL_20230307_134136609-1-1-1-300x230.jpg 300w, https:\/\/radiorevelacionfm.cl\/wp-content\/uploads\/2023\/03\/PXL_20230307_134136609-1-1-1-768x588.jpg 768w, https:\/\/radiorevelacionfm.cl\/wp-content\/uploads\/2023\/03\/PXL_20230307_134136609-1-1-1-705x540.jpg 705w, https:\/\/radiorevelacionfm.cl\/wp-content\/uploads\/2023\/03\/PXL_20230307_134136609-1-1-1-600x459.jpg 600w\" sizes=\"(max-width: 784px) 100vw, 784px\" \/><\/div><\/div><\/div><\/div><div class=\"flex_column av_one_full  flex_column_div av-zero-column-padding first  avia-builder-el-2  el_after_av_one_full  el_before_av_one_full  column-top-margin\" style='border-radius:0px; '><section class=\"av_textblock_section \"  itemscope=\"itemscope\" itemtype=\"https:\/\/schema.org\/BlogPosting\" itemprop=\"blogPost\" ><div class='avia_textblock  '   itemprop=\"text\" ><p style=\"text-align: center;\"><strong><span style=\"font-size: 18pt;\">Presentan proyecto de buses el\u00e9ctricos para adultos mayores y personas en situaci\u00f3n de discapacidad en comuna de Ays\u00e9n<\/span><\/strong><\/p>\n<div id=\"gtx-trans\" style=\"position: absolute; left: -50px; top: 4.31534px;\">\n<div class=\"gtx-trans-icon\"><\/div>\n<\/div>\n<\/div><\/section><\/div><div class=\"flex_column av_one_full  flex_column_div av-zero-column-padding first  avia-builder-el-4  el_after_av_one_full  el_before_av_hr  column-top-margin\" style='border-radius:0px; '><section class=\"av_textblock_section \"  itemscope=\"itemscope\" itemtype=\"https:\/\/schema.org\/BlogPosting\" itemprop=\"blogPost\" ><div class='avia_textblock  '   itemprop=\"text\" ><p style=\"text-align: justify;\">Esta jornada, el alcalde de Ays\u00e9n, Julio Uribe Alvarado, sostuvo una reuni\u00f3n con la seremi de Transportes y Telecomunicaciones, Claudia Cantero, y el seremi de Energ\u00eda, Carlos D\u00edaz, en la que se present\u00f3 un proyecto municipal de electromovilidad, el cual contempla la adquisici\u00f3n de buses el\u00e9ctricos exclusivos para adultos mayores y personas en situaci\u00f3n de discapacidad.<\/p>\n<p style=\"text-align: justify;\">Respecto al proyecto, Alvarado sostuvo que \u201cnos tiene muy encantados la idea de que nuestros adultos mayores puedan tener una movilizaci\u00f3n expedita y libre de contaminaci\u00f3n, brindando un servicio que actualmente no existe\u201d, haciendo alusi\u00f3n al gran aporte social que significar\u00eda esta prestaci\u00f3n, indicando que se seguir\u00e1 trabajando para impulsar este desaf\u00edo.<\/p>\n<p style=\"text-align: justify;\">De acuerdo a lo presentado durante la reuni\u00f3n, el proyecto constar\u00eda con diferentes recorridos, que transitar\u00edan por el radio urbano de Puerto Ays\u00e9n, adem\u00e1s de conectar la ciudad con diferentes localidades, como Villa Ma\u00f1ihuales, Villa Los Torreones, Puerto Chacabuco, entre otros sectores rurales.<\/p>\n<p style=\"text-align: justify;\">Al respecto, la seremi de Transportes valor\u00f3 enormemente la iniciativa. \u201cFelicitamos a la Municipalidad de Ays\u00e9n por levantar este tipo de proyectos, por interesarse en trabajar la electromovilidad y as\u00ed dar soluci\u00f3n a un problema de transporte que tienen las personas mayores, las personas con movilidad reducida o alg\u00fan grado de dependencia\u201d, haciendo hincapi\u00e9 en que este tipo de innovaciones servir\u00eda de ejemplo para impulsar iniciativas similares en el resto de la regi\u00f3n.<\/p>\n<p style=\"text-align: justify;\">En esta misma l\u00ednea, el seremi de Energ\u00eda agreg\u00f3 que, si bien se hab\u00eda discutido previamente este proyecto, \u201ctuve la sorpresa de que ya lo hab\u00edan presentado muy proactivamente. Actualmente, el Gobierno Regional est\u00e1 en fase de observaciones y en consultas para el origen de los fondos, pero nosotros como Ministerio de Energ\u00eda tenemos la disponibilidad de ayudar en todo lo que podamos, t\u00e9cnica y pol\u00edticamente, para que se transforme en una realidad\u201d.<\/p>\n<p style=\"text-align: justify;\">Gracias a iniciativas como esta, la Municipalidad de Ays\u00e9n reafirma el compromiso de la actual administraci\u00f3n con llevar soluciones de transporte para la comunidad, manteniendo siempre la sostenibilidad como uno de los ejes fundamentales de la ejecuci\u00f3n de pol\u00edticas p\u00fablicas.<\/p>\n<\/div><\/section><\/div><div  style='height:50px' class='hr hr-invisible   avia-builder-el-6  el_after_av_one_full  el_before_av_social_share '><span class='hr-inner ' ><span class='hr-inner-style'><\/span><\/span><\/div><\/p>\n<div  class='av-social-sharing-box  avia-builder-el-7  el_after_av_hr  el_before_av_hr  '><div class='av-share-box'><h5 class='av-share-link-description av-no-toc '>Compartir esta noticia<\/h5><ul class='av-share-box-list noLightbox'><li class='av-share-link av-social-link-facebook' ><a target=\"_blank\" aria-label=\"Compartir en Facebook\" href='https:\/\/www.facebook.com\/sharer.php?u=https:\/\/radiorevelacionfm.cl\/?p=28558&#038;t=Presentan%20proyecto%20de%20buses%20el%C3%A9ctricos%20para%20adultos%20mayores%20y%20personas%20en%20situaci%C3%B3n%20de%20discapacidad%20en%20comuna%20de%20Ays%C3%A9n' aria-hidden='false' data-av_icon='\ue8f3' data-av_iconfont='entypo-fontello' title='' data-avia-related-tooltip='Compartir en Facebook' rel=\"noopener\"><span class='avia_hidden_link_text'>Compartir en Facebook<\/span><\/a><\/li><li class='av-share-link av-social-link-twitter' ><a target=\"_blank\" aria-label=\"Compartir en Twitter\" href='https:\/\/twitter.com\/share?text=Presentan%20proyecto%20de%20buses%20el%C3%A9ctricos%20para%20adultos%20mayores%20y%20personas%20en%20situaci%C3%B3n%20de%20discapacidad%20en%20comuna%20de%20Ays%C3%A9n&#038;url=https:\/\/radiorevelacionfm.cl\/?p=28558' aria-hidden='false' data-av_icon='\ue8f1' data-av_iconfont='entypo-fontello' title='' data-avia-related-tooltip='Compartir en Twitter' rel=\"noopener\"><span class='avia_hidden_link_text'>Compartir en Twitter<\/span><\/a><\/li><li class='av-share-link av-social-link-whatsapp' ><a target=\"_blank\" aria-label=\"Compartir en Whatsapp\" href='https:\/\/api.whatsapp.com\/send?text=https:\/\/radiorevelacionfm.cl\/?p=28558' aria-hidden='false' data-av_icon='\uf232' data-av_iconfont='entypo-fontello' title='' data-avia-related-tooltip='Compartir en Whatsapp' rel=\"noopener\"><span class='avia_hidden_link_text'>Compartir en Whatsapp<\/span><\/a><\/li><li class='av-share-link av-social-link-linkedin' ><a target=\"_blank\" aria-label=\"Compartir en LinkedIn\" href='https:\/\/linkedin.com\/shareArticle?mini=true&#038;title=Presentan%20proyecto%20de%20buses%20el%C3%A9ctricos%20para%20adultos%20mayores%20y%20personas%20en%20situaci%C3%B3n%20de%20discapacidad%20en%20comuna%20de%20Ays%C3%A9n&#038;url=https:\/\/radiorevelacionfm.cl\/?p=28558' aria-hidden='false' data-av_icon='\ue8fc' data-av_iconfont='entypo-fontello' title='' data-avia-related-tooltip='Compartir en LinkedIn' rel=\"noopener\"><span class='avia_hidden_link_text'>Compartir en LinkedIn<\/span><\/a><\/li><li class='av-share-link av-social-link-mail' ><a  aria-label=\"Compartir por correo\" href='mailto:?subject=Presentan%20proyecto%20de%20buses%20el%C3%A9ctricos%20para%20adultos%20mayores%20y%20personas%20en%20situaci%C3%B3n%20de%20discapacidad%20en%20comuna%20de%20Ays%C3%A9n&#038;body=https:\/\/radiorevelacionfm.cl\/?p=28558' aria-hidden='false' data-av_icon='\ue805' data-av_iconfont='entypo-fontello' title='' data-avia-related-tooltip='Compartir por correo'><span class='avia_hidden_link_text'>Compartir por correo<\/span><\/a><\/li><\/ul><\/div><\/div>\n<div  style='height:50px' class='hr hr-invisible   avia-builder-el-8  el_after_av_social_share  el_before_av_comments_list '><span class='hr-inner ' ><span class='hr-inner-style'><\/span><\/span><\/div>\n<div  class='av-buildercomment  av-blog-meta-html-info-disabled av-blog-meta-tag-disabled  '><\/div>\n","protected":false},"excerpt":{"rendered":"","protected":false},"author":1,"featured_media":28559,"comment_status":"open","ping_status":"open","sticky":false,"template":"","format":"standard","meta":{"footnotes":""},"categories":[38],"tags":[],"class_list":["post-28558","post","type-post","status-publish","format-standard","has-post-thumbnail","hentry","category-regional"],"jetpack_featured_media_url":"https:\/\/radiorevelacionfm.cl\/wp-content\/uploads\/2023\/03\/PXL_20230307_134136609-1-1-1.jpg","_links":{"self":[{"href":"https:\/\/radiorevelacionfm.cl\/index.php?rest_route=\/wp\/v2\/posts\/28558","targetHints":{"allow":["GET"]}}],"collection":[{"href":"https:\/\/radiorevelacionfm.cl\/index.php?rest_route=\/wp\/v2\/posts"}],"about":[{"href":"https:\/\/radiorevelacionfm.cl\/index.php?rest_route=\/wp\/v2\/types\/post"}],"author":[{"embeddable":true,"href":"https:\/\/radiorevelacionfm.cl\/index.php?rest_route=\/wp\/v2\/users\/1"}],"replies":[{"embeddable":true,"href":"https:\/\/radiorevelacionfm.cl\/index.php?rest_route=%2Fwp%2Fv2%2Fcomments&post=28558"}],"version-history":[{"count":2,"href":"https:\/\/radiorevelacionfm.cl\/index.php?rest_route=\/wp\/v2\/posts\/28558\/revisions"}],"predecessor-version":[{"id":28576,"href":"https:\/\/radiorevelacionfm.cl\/index.php?rest_route=\/wp\/v2\/posts\/28558\/revisions\/28576"}],"wp:featuredmedia":[{"embeddable":true,"href":"https:\/\/radiorevelacionfm.cl\/index.php?rest_route=\/wp\/v2\/media\/28559"}],"wp:attachment":[{"href":"https:\/\/radiorevelacionfm.cl\/index.php?rest_route=%2Fwp%2Fv2%2Fmedia&parent=28558"}],"wp:term":[{"taxonomy":"category","embeddable":true,"href":"https:\/\/radiorevelacionfm.cl\/index.php?rest_route=%2Fwp%2Fv2%2Fcategories&post=28558"},{"taxonomy":"post_tag","embeddable":true,"href":"https:\/\/radiorevelacionfm.cl\/index.php?rest_route=%2Fwp%2Fv2%2Ftags&post=28558"}],"curies":[{"name":"wp","href":"https:\/\/api.w.org\/{rel}","templated":true}]}}