{"id":28555,"date":"2023-03-08T09:27:19","date_gmt":"2023-03-08T12:27:19","guid":{"rendered":"https:\/\/radiorevelacionfm.cl\/?p=28555"},"modified":"2023-03-08T09:54:09","modified_gmt":"2023-03-08T12:54:09","slug":"codesa-sobre-fatal-accidente-en-faena-minera-katterfeld-no-podemos-seguir-con-actividades-de-altisimo-impacto-ambiental-y-precarizacion-laboral","status":"publish","type":"post","link":"https:\/\/radiorevelacionfm.cl\/?p=28555","title":{"rendered":"CODESA sobre fatal accidente en faena minera de Ays\u00e9n: \u00abNo podemos seguir con actividades de alt\u00edsimo impacto ambiental y precarizaci\u00f3n laboral\u00bb"},"content":{"rendered":"<div class=\"flex_column av_one_full  flex_column_div av-zero-column-padding first  avia-builder-el-0  el_before_av_one_full  avia-builder-el-first  \" style='border-radius:0px; '><div  class='avia-image-container  av-styling-    avia-builder-el-1  avia-builder-el-no-sibling  avia-align-center '  itemprop=\"image\" itemscope=\"itemscope\" itemtype=\"https:\/\/schema.org\/ImageObject\"  ><div class='avia-image-container-inner'><div class='avia-image-overlay-wrap'><img decoding=\"async\" class='wp-image-28556 avia-img-lazy-loading-not-28556 avia_image' src=\"https:\/\/radiorevelacionfm.cl\/wp-content\/uploads\/2023\/03\/1522768400NCdwiY2F-1-2-1.jpg\" alt='' title='1522768400NCdwiY2F (1)-2 (1)' height=\"600\" width=\"1024\"  itemprop=\"thumbnailUrl\" srcset=\"https:\/\/radiorevelacionfm.cl\/wp-content\/uploads\/2023\/03\/1522768400NCdwiY2F-1-2-1.jpg 1024w, https:\/\/radiorevelacionfm.cl\/wp-content\/uploads\/2023\/03\/1522768400NCdwiY2F-1-2-1-300x176.jpg 300w, https:\/\/radiorevelacionfm.cl\/wp-content\/uploads\/2023\/03\/1522768400NCdwiY2F-1-2-1-768x450.jpg 768w, https:\/\/radiorevelacionfm.cl\/wp-content\/uploads\/2023\/03\/1522768400NCdwiY2F-1-2-1-705x413.jpg 705w, https:\/\/radiorevelacionfm.cl\/wp-content\/uploads\/2023\/03\/1522768400NCdwiY2F-1-2-1-600x352.jpg 600w\" sizes=\"(max-width: 1024px) 100vw, 1024px\" \/><\/div><\/div><\/div><\/div>\n<div class=\"flex_column av_one_full  flex_column_div av-zero-column-padding first  avia-builder-el-2  el_after_av_one_full  el_before_av_one_full  column-top-margin\" style='border-radius:0px; '><section class=\"av_textblock_section \"  itemscope=\"itemscope\" itemtype=\"https:\/\/schema.org\/BlogPosting\" itemprop=\"blogPost\" ><div class='avia_textblock  '   itemprop=\"text\" ><p style=\"text-align: center;\"><span style=\"font-size: 18pt;\"><b><span lang=\"ES\">CODESA sobre fatal accidente en faena minera de Ays\u00e9n: \u00abNo podemos seguir con actividades de alt<\/span><\/b><b><span lang=\"X-NONE\">\u00edsimo impacto ambiental y precarizaci\u00f3n laboral<\/span><\/b><b><span lang=\"ES\">\u00ab<\/span><\/b><\/span><\/p>\n<div id=\"gtx-trans\" style=\"position: absolute; left: -50px; top: 4.31534px;\">\n<div class=\"gtx-trans-icon\"><\/div>\n<\/div>\n<\/div><\/section><\/div><div class=\"flex_column av_one_full  flex_column_div av-zero-column-padding first  avia-builder-el-4  el_after_av_one_full  el_before_av_hr  column-top-margin\" style='border-radius:0px; '><section class=\"av_textblock_section \"  itemscope=\"itemscope\" itemtype=\"https:\/\/schema.org\/BlogPosting\" itemprop=\"blogPost\" ><div class='avia_textblock  '   itemprop=\"text\" ><p class=\"v1MsoNormal\" style=\"text-align: justify;\"><span lang=\"ES\">Una dura cr<\/span><span lang=\"X-NONE\">\u00edtica al sistema institucional que debe regular las actividades mineras en el pa\u00eds, y particularmente en la regi\u00f3n de Ays\u00e9n, hicieron desde la Corporaci\u00f3n Privada para el Desarrollo de Ays\u00e9n (Codesa) producto de la<span class=\"v1gmail-Apple-converted-space\">\u00a0<\/span><a href=\"https:\/\/www.radiosantamaria.cl\/2023\/03\/07\/trabajador-de-minera-katterfeld-fallece-tras-desbarrancamiento-de-motoniveladora\/\" target=\"_blank\" rel=\"noopener noreferrer\">muerte de un trabajador<\/a><span class=\"v1gmail-Apple-converted-space\">\u00a0<\/span>en la faena Katterfeld, en sector Rodeo Los Palos (comuna de Coyhaique). La operaci\u00f3n pertenece a la Sociedad Minera Cerro Esperanza SpA, de los mismos due\u00f1os de la Compa\u00f1\u00eda Minera Pac\u00edfico Sur SpA, controladora de Mina El Toqui. <span class=\"v1gmail-Apple-converted-space\">\u00a0<\/span><\/span><\/p>\n<p class=\"v1MsoNormal\" style=\"text-align: justify;\"><span lang=\"X-NONE\">Seg\u00fan se inform\u00f3, este lunes falleci\u00f3 un trabajador en un accidente mientras operaba una motoniveladora.<\/span><\/p>\n<p class=\"v1MsoNormal\" style=\"text-align: justify;\"><span lang=\"X-NONE\">El cuestionamiento se produce dado que la organizaci\u00f3n ha realizado m\u00faltiples denuncias y solicitudes asociadas a dicha explotaci\u00f3n extractiva, todas las cuales han sido desestimadas por las autoridades gubernamentales, particularmente durante la pasada administraci\u00f3n.<\/span><\/p>\n<p class=\"v1MsoNormal\" style=\"text-align: justify;\"><span lang=\"X-NONE\">Katterfeld es una de las tres faenas que mantienen en Ays\u00e9n estas empresas coligadas desde 2019, cuando las<span class=\"v1gmail-Apple-converted-space\">\u00a0<\/span><a href=\"https:\/\/www.rln.cl\/local\/61890-toqui-valoran-que-nueva-empresa-elimine-barrera-para-transito-de-la-comunidad-en-cercanias-de-la-minera\" target=\"_blank\" rel=\"noopener noreferrer\">adquiri\u00f3<\/a><span class=\"v1gmail-Apple-converted-space\">\u00a0<\/span>tras la<span class=\"v1gmail-Apple-converted-space\">\u00a0<\/span><a href=\"https:\/\/www.rln.cl\/destacado\/55284-dirigente-sindical-se-refiere-a-quiebra-de-laguna-gold-minera-toqui-en-chile\" target=\"_blank\" rel=\"noopener noreferrer\">quiebra<\/a><span class=\"v1gmail-Apple-converted-space\">\u00a0<\/span>de Laguna Gold, en un proceso impulsado por las autoridades de la \u00e9poca. Las otras son El Toqui en Alto Ma\u00f1ihuales y Santa Teresa, en el \u00e1rea de Villa Amengual.<span class=\"v1gmail-Apple-converted-space\">\u00a0<\/span>\u00a0<\/span><\/p>\n<p class=\"v1MsoNormal\" style=\"text-align: justify;\"><span lang=\"X-NONE\">En 2018 Laguna Gold present\u00f3 una declaraci\u00f3n de impacto ambiental para instalar 100 plataformas de exploraci\u00f3n en Katterfeld, ante lo cual desde Codesa solicitaron que se iniciara un proceso de participaci\u00f3n ciudadana.\u00a0<span class=\"v1gmail-Apple-converted-space\">\u00a0<\/span>Este requerimiento fue rechazado por el director del Servicio de Evaluaci\u00f3n Ambiental de la \u00e9poca, Claudio Aguirre.\u00a0<span class=\"v1gmail-Apple-converted-space\">\u00a0<\/span>Y fue as\u00ed que el proyecto fue<span class=\"v1gmail-Apple-converted-space\">\u00a0<\/span><a href=\"https:\/\/www.sustentable.cl\/ambiental-de-valdivia-acoge-invalidar-exploracion-minera\/\" target=\"_blank\" rel=\"noopener noreferrer\">aprobado<\/a><span class=\"v1gmail-Apple-converted-space\">\u00a0<\/span>el 30 de octubre de 2019 por la Comisi\u00f3n de Evaluaci\u00f3n Ambiental, presidida por la ex intendenta Geoconda Navarrete.<\/span><\/p>\n<p class=\"v1MsoNormal\" style=\"text-align: justify;\"><span lang=\"X-NONE\">En el caso de Katterfeld, est\u00e1 demostrado que las faenas incluso podr\u00edan afectar patrimonio arqueol\u00f3gico del sitio hom\u00f3nimo, que se emplaza no s\u00f3lo en el \u00e1rea de influencia del proyecto y dentro del pol\u00edgono de concesi\u00f3n sino en el paso de los caminos de acceso a las exploraciones. En esta \u00e1rea, se ha<span class=\"v1gmail-Apple-converted-space\">\u00a0<\/span><a href=\"https:\/\/twitter.com\/arqueo_de_aysen\/status\/1613662613015068677\" target=\"_blank\" rel=\"noopener noreferrer\">se\u00f1alado<\/a><span class=\"v1gmail-Apple-converted-space\">\u00a0<\/span>desde expertos del Centro de Investigaci\u00f3n en Ecosistemas de la Patagonia (CIEP), se encuentra \u00abel taller l\u00edtico m\u00e1s extenso de nuestra hermosa regi\u00f3n\u00bb.<\/span><\/p>\n<p class=\"v1MsoNormal\" style=\"text-align: justify;\"><span lang=\"X-NONE\">Para el presidente de Codesa, Erwin Sandoval Gallardo, quien es originario de Villa Ma\u00f1ihuales, \u00absi se hubieran tomado<span class=\"v1gmail-Apple-converted-space\">\u00a0<\/span>las decisiones conforme a derecho y sobre la base de los cuestionamientos profundos que hay a su evaluaci\u00f3n ambiental, este proyecto no estar\u00eda en funcionamiento y, por lo tanto, dif\u00edcilmente un accidente de estas caracter\u00edsticas se hubiese producido\u00bb. Pero m\u00e1s all\u00e1 de este punto, \u00abtenemos que hacer una reflexi\u00f3n y una cr\u00edtica respecto a las decisiones a futuro en materia econ\u00f3mica en la regi\u00f3n. No es posible que sigamos apostando el desarrollo de nuestra regi\u00f3n solamente a trav\u00e9s de actividades econ\u00f3micas con un alt\u00edsimo impacto ambiental que no generan desarrollo econ\u00f3mico local y que al final del d\u00eda tambi\u00e9n significan muerte de nuestros vecinos y vecinas, por su precarizaci\u00f3n laboral. Tenemos que hacer un proceso de transici\u00f3n socioecon\u00f3mica justa y apostar a actividades de futuro y que no signifiquen estas lamentables consecuencias para nuestra regi\u00f3n y sus habitantes\u00bb.<\/span><\/p>\n<p class=\"v1MsoNormal\" style=\"text-align: justify;\"><span lang=\"X-NONE\">Desde Codesa llamaron a las autoridades a aplicar la normativa, defendiendo ya no s\u00f3lo el patrimonio natural y cultural de la regi\u00f3n sino que tambi\u00e9n la vida de las personas.<\/span><\/p>\n<\/div><\/section><\/div><\/p>\n<div  style='height:50px' class='hr hr-invisible   avia-builder-el-6  el_after_av_one_full  el_before_av_social_share '><span class='hr-inner ' ><span class='hr-inner-style'><\/span><\/span><\/div>\n<div  class='av-social-sharing-box  avia-builder-el-7  el_after_av_hr  el_before_av_hr  '><div class='av-share-box'><h5 class='av-share-link-description av-no-toc '>Compartir esta noticia<\/h5><ul class='av-share-box-list noLightbox'><li class='av-share-link av-social-link-facebook' ><a target=\"_blank\" aria-label=\"Compartir en Facebook\" href='https:\/\/www.facebook.com\/sharer.php?u=https:\/\/radiorevelacionfm.cl\/?p=28555&#038;t=CODESA%20sobre%20fatal%20accidente%20en%20faena%20minera%20de%20Ays%C3%A9n%3A%20%C2%ABNo%20podemos%20seguir%20con%20actividades%20de%20alt%C3%ADsimo%20impacto%20ambiental%20y%20precarizaci%C3%B3n%20laboral%C2%BB' aria-hidden='false' data-av_icon='\ue8f3' data-av_iconfont='entypo-fontello' title='' data-avia-related-tooltip='Compartir en Facebook' rel=\"noopener\"><span class='avia_hidden_link_text'>Compartir en Facebook<\/span><\/a><\/li><li class='av-share-link av-social-link-twitter' ><a target=\"_blank\" aria-label=\"Compartir en Twitter\" href='https:\/\/twitter.com\/share?text=CODESA%20sobre%20fatal%20accidente%20en%20faena%20minera%20de%20Ays%C3%A9n%3A%20%C2%ABNo%20podemos%20seguir%20con%20actividades%20de%20alt%C3%ADsimo%20impacto%20ambiental%20y%20precarizaci%C3%B3n%20laboral%C2%BB&#038;url=https:\/\/radiorevelacionfm.cl\/?p=28555' aria-hidden='false' data-av_icon='\ue8f1' data-av_iconfont='entypo-fontello' title='' data-avia-related-tooltip='Compartir en Twitter' rel=\"noopener\"><span class='avia_hidden_link_text'>Compartir en Twitter<\/span><\/a><\/li><li class='av-share-link av-social-link-whatsapp' ><a target=\"_blank\" aria-label=\"Compartir en Whatsapp\" href='https:\/\/api.whatsapp.com\/send?text=https:\/\/radiorevelacionfm.cl\/?p=28555' aria-hidden='false' data-av_icon='\uf232' data-av_iconfont='entypo-fontello' title='' data-avia-related-tooltip='Compartir en Whatsapp' rel=\"noopener\"><span class='avia_hidden_link_text'>Compartir en Whatsapp<\/span><\/a><\/li><li class='av-share-link av-social-link-linkedin' ><a target=\"_blank\" aria-label=\"Compartir en LinkedIn\" href='https:\/\/linkedin.com\/shareArticle?mini=true&#038;title=CODESA%20sobre%20fatal%20accidente%20en%20faena%20minera%20de%20Ays%C3%A9n%3A%20%C2%ABNo%20podemos%20seguir%20con%20actividades%20de%20alt%C3%ADsimo%20impacto%20ambiental%20y%20precarizaci%C3%B3n%20laboral%C2%BB&#038;url=https:\/\/radiorevelacionfm.cl\/?p=28555' aria-hidden='false' data-av_icon='\ue8fc' data-av_iconfont='entypo-fontello' title='' data-avia-related-tooltip='Compartir en LinkedIn' rel=\"noopener\"><span class='avia_hidden_link_text'>Compartir en LinkedIn<\/span><\/a><\/li><li class='av-share-link av-social-link-mail' ><a  aria-label=\"Compartir por correo\" href='mailto:?subject=CODESA%20sobre%20fatal%20accidente%20en%20faena%20minera%20de%20Ays%C3%A9n%3A%20%C2%ABNo%20podemos%20seguir%20con%20actividades%20de%20alt%C3%ADsimo%20impacto%20ambiental%20y%20precarizaci%C3%B3n%20laboral%C2%BB&#038;body=https:\/\/radiorevelacionfm.cl\/?p=28555' aria-hidden='false' data-av_icon='\ue805' data-av_iconfont='entypo-fontello' title='' data-avia-related-tooltip='Compartir por correo'><span class='avia_hidden_link_text'>Compartir por correo<\/span><\/a><\/li><\/ul><\/div><\/div>\n<div  style='height:50px' class='hr hr-invisible   avia-builder-el-8  el_after_av_social_share  el_before_av_comments_list '><span class='hr-inner ' ><span class='hr-inner-style'><\/span><\/span><\/div>\n<div  class='av-buildercomment  av-blog-meta-html-info-disabled av-blog-meta-tag-disabled  '><\/div>\n","protected":false},"excerpt":{"rendered":"","protected":false},"author":1,"featured_media":28556,"comment_status":"open","ping_status":"open","sticky":false,"template":"","format":"standard","meta":{"footnotes":""},"categories":[38],"tags":[],"class_list":["post-28555","post","type-post","status-publish","format-standard","has-post-thumbnail","hentry","category-regional"],"jetpack_featured_media_url":"https:\/\/radiorevelacionfm.cl\/wp-content\/uploads\/2023\/03\/1522768400NCdwiY2F-1-2-1.jpg","_links":{"self":[{"href":"https:\/\/radiorevelacionfm.cl\/index.php?rest_route=\/wp\/v2\/posts\/28555","targetHints":{"allow":["GET"]}}],"collection":[{"href":"https:\/\/radiorevelacionfm.cl\/index.php?rest_route=\/wp\/v2\/posts"}],"about":[{"href":"https:\/\/radiorevelacionfm.cl\/index.php?rest_route=\/wp\/v2\/types\/post"}],"author":[{"embeddable":true,"href":"https:\/\/radiorevelacionfm.cl\/index.php?rest_route=\/wp\/v2\/users\/1"}],"replies":[{"embeddable":true,"href":"https:\/\/radiorevelacionfm.cl\/index.php?rest_route=%2Fwp%2Fv2%2Fcomments&post=28555"}],"version-history":[{"count":3,"href":"https:\/\/radiorevelacionfm.cl\/index.php?rest_route=\/wp\/v2\/posts\/28555\/revisions"}],"predecessor-version":[{"id":28571,"href":"https:\/\/radiorevelacionfm.cl\/index.php?rest_route=\/wp\/v2\/posts\/28555\/revisions\/28571"}],"wp:featuredmedia":[{"embeddable":true,"href":"https:\/\/radiorevelacionfm.cl\/index.php?rest_route=\/wp\/v2\/media\/28556"}],"wp:attachment":[{"href":"https:\/\/radiorevelacionfm.cl\/index.php?rest_route=%2Fwp%2Fv2%2Fmedia&parent=28555"}],"wp:term":[{"taxonomy":"category","embeddable":true,"href":"https:\/\/radiorevelacionfm.cl\/index.php?rest_route=%2Fwp%2Fv2%2Fcategories&post=28555"},{"taxonomy":"post_tag","embeddable":true,"href":"https:\/\/radiorevelacionfm.cl\/index.php?rest_route=%2Fwp%2Fv2%2Ftags&post=28555"}],"curies":[{"name":"wp","href":"https:\/\/api.w.org\/{rel}","templated":true}]}}