{"id":28552,"date":"2023-03-08T09:59:24","date_gmt":"2023-03-08T12:59:24","guid":{"rendered":"https:\/\/radiorevelacionfm.cl\/?p=28552"},"modified":"2023-03-08T10:04:13","modified_gmt":"2023-03-08T13:04:13","slug":"karina-acevedo-destaca-avance-en-el-8m-somos-un-gobierno-feminista-que-se-esta-haciendo-cargo","status":"publish","type":"post","link":"https:\/\/radiorevelacionfm.cl\/?p=28552","title":{"rendered":"Seremi Karina Acevedo destaca avance en el 8M: \u201cSomos un gobierno feminista que se est\u00e1 haciendo cargo\u201d"},"content":{"rendered":"<div class=\"flex_column av_one_full  flex_column_div av-zero-column-padding first  avia-builder-el-0  el_before_av_one_full  avia-builder-el-first  \" style='border-radius:0px; '><div  class='avia-image-container  av-styling-    avia-builder-el-1  avia-builder-el-no-sibling  avia-align-center '  itemprop=\"image\" itemscope=\"itemscope\" itemtype=\"https:\/\/schema.org\/ImageObject\"  ><div class='avia-image-container-inner'><div class='avia-image-overlay-wrap'><img decoding=\"async\" class='wp-image-28553 avia-img-lazy-loading-not-28553 avia_image' src=\"https:\/\/radiorevelacionfm.cl\/wp-content\/uploads\/2023\/03\/7f-1_optimized.jpeg\" alt='' title='7f-(1)_optimized' height=\"600\" width=\"910\"  itemprop=\"thumbnailUrl\" srcset=\"https:\/\/radiorevelacionfm.cl\/wp-content\/uploads\/2023\/03\/7f-1_optimized.jpeg 910w, https:\/\/radiorevelacionfm.cl\/wp-content\/uploads\/2023\/03\/7f-1_optimized-300x198.jpeg 300w, https:\/\/radiorevelacionfm.cl\/wp-content\/uploads\/2023\/03\/7f-1_optimized-768x506.jpeg 768w, https:\/\/radiorevelacionfm.cl\/wp-content\/uploads\/2023\/03\/7f-1_optimized-705x465.jpeg 705w, https:\/\/radiorevelacionfm.cl\/wp-content\/uploads\/2023\/03\/7f-1_optimized-600x396.jpeg 600w\" sizes=\"(max-width: 910px) 100vw, 910px\" \/><\/div><\/div><\/div><\/div>\n<div class=\"flex_column av_one_full  flex_column_div av-zero-column-padding first  avia-builder-el-2  el_after_av_one_full  el_before_av_one_full  column-top-margin\" style='border-radius:0px; '><section class=\"av_textblock_section \"  itemscope=\"itemscope\" itemtype=\"https:\/\/schema.org\/BlogPosting\" itemprop=\"blogPost\" ><div class='avia_textblock  '   itemprop=\"text\" ><p style=\"text-align: center;\"><strong><span style=\"font-size: 18pt;\">Seremi Karina Acevedo destaca avance en el 8M: \u201cSomos un gobierno feminista que se est\u00e1 haciendo cargo\u201d<\/span><\/strong><\/p>\n<div id=\"gtx-trans\" style=\"position: absolute; left: -50px; top: 4.31534px;\">\n<div class=\"gtx-trans-icon\"><\/div>\n<\/div>\n<\/div><\/section><\/div><div class=\"flex_column av_one_full  flex_column_div av-zero-column-padding first  avia-builder-el-4  el_after_av_one_full  el_before_av_hr  column-top-margin\" style='border-radius:0px; '><section class=\"av_textblock_section \"  itemscope=\"itemscope\" itemtype=\"https:\/\/schema.org\/BlogPosting\" itemprop=\"blogPost\" ><div class='avia_textblock  '   itemprop=\"text\" ><p style=\"text-align: justify;\">\u201cSi ayer las mujeres dec\u00edan democracia en el pa\u00eds y en la casa, hoy d\u00eda nos hacemos cargo desde esta administraci\u00f3n\u201d as\u00ed se refiere la SEREMI de Desarrollo Social y Familia, Karina Acevedo Auad, al desaf\u00edo que se ha asumido este Gobierno a menos de un a\u00f1o del ingreso del Presidente Gabriel Boric a La Moneda y en el marco de un nuevo 8 de marzo, D\u00eda Internacional de la Mujer. Seg\u00fan\u00a0 la representante ministerial a poco menos de 12 meses, ya se han dado grandes avances y reivindicaciones a trav\u00e9s de nuevos marcos legales y el dise\u00f1o de pol\u00edticas p\u00fablicas a favor de las mujeres.<\/p>\n<p style=\"text-align: justify;\">Karina Acevedo Auad, Seremi de Desarrollo Social y Familia en Ays\u00e9n, explic\u00f3 que Chile sigue siendo un pa\u00eds violento con las mujeres y estad\u00edsticas como la de la Direcci\u00f3n del Trabajo que dice que en los \u00faltimos diez a\u00f1os aumentaron en un 350% las denuncias de acoso sexual u otras que muestran\u00a0 que s\u00f3lo el a\u00f1o 2021 de los 15.331 casos de abuso sexual y otros delitos sexuales el 89% de las v\u00edctimas eran mujeres y, que de 4.349 casos de violaci\u00f3n el 88,8 % de v\u00edctimas tambi\u00e9n fueron mujeres\u00a0 son una muestra que esta realidad debe cambiarse. \u201cSomos un gobierno feminista, no s\u00f3lo de los 24 ministerios 14 son encabezados por mujeres, sino que hay un plan de acci\u00f3n 2012 -2030 para erradicar la violencia contra las mujeres\u201d.<\/p>\n<p style=\"text-align: justify;\">Seg\u00fan Acevedo Auad, ejemplo de esa agenda legislativa son la Ley sobre responsabilidad parental y pago efectivo de pensiones que se complementa con el Registro Nacional de Deudores de Pensiones Alimenticias, adem\u00e1s, de la promulgaci\u00f3n de la Ley que tipifica el Suicidio Femicida. \u201cSab\u00eda que en Chile s\u00f3lo el 16% de pensiones son pagadas en forma efectiva, eso tambi\u00e9n es violencia; desde mayo a quienes no paguen de manera continua o discontinua 3 pensiones se les levantar\u00e1 el secreto bancario para asegurar el pago de las pensiones a ni\u00f1os, ni\u00f1as y adolescentes. De la misma forma desde el 19 de diciembre se tipific\u00f3 como delito el suicidio femicida, marco legal que adem\u00e1s obliga al Estado a generar protecci\u00f3n social para la v\u00edctimas y sus familias\u201d.<\/p>\n<p style=\"text-align: justify;\">Por otra parte, la SEREMI de Desarrollo Social se refiri\u00f3 respecto a la creaci\u00f3n de la pol\u00edtica p\u00fablica: Sistema Nacional de Cuidadores, que tiene como principales beneficiarios a las personas que requieren cuidados y a las mujeres. \u201cEn Chile el 72% de las personas que cuidan gente postrada, discapacitada o dependiente, son mujeres, de estas, casi el 70% padece del s\u00edndrome del cuidador, un estado de profundo desgaste a nivel f\u00edsico, emocional y mental. Esta es una deuda hist\u00f3rica que tenemos como sociedad y que hemos asumido como propia en el Primer Gobierno Feminista de Chile\u201d, finaliz\u00f3 Karina Acevedo Auad.<\/p>\n<\/div><\/section><\/div><\/p>\n<div  style='height:50px' class='hr hr-invisible   avia-builder-el-6  el_after_av_one_full  el_before_av_social_share '><span class='hr-inner ' ><span class='hr-inner-style'><\/span><\/span><\/div>\n<div  class='av-social-sharing-box  avia-builder-el-7  el_after_av_hr  el_before_av_hr  '><div class='av-share-box'><h5 class='av-share-link-description av-no-toc '>Compartir esta noticia<\/h5><ul class='av-share-box-list noLightbox'><li class='av-share-link av-social-link-facebook' ><a target=\"_blank\" aria-label=\"Compartir en Facebook\" href='https:\/\/www.facebook.com\/sharer.php?u=https:\/\/radiorevelacionfm.cl\/?p=28552&#038;t=Seremi%20Karina%20Acevedo%20destaca%20avance%20en%20el%208M%3A%20%E2%80%9CSomos%20un%20gobierno%20feminista%20que%20se%20est%C3%A1%20haciendo%20cargo%E2%80%9D' aria-hidden='false' data-av_icon='\ue8f3' data-av_iconfont='entypo-fontello' title='' data-avia-related-tooltip='Compartir en Facebook' rel=\"noopener\"><span class='avia_hidden_link_text'>Compartir en Facebook<\/span><\/a><\/li><li class='av-share-link av-social-link-twitter' ><a target=\"_blank\" aria-label=\"Compartir en Twitter\" href='https:\/\/twitter.com\/share?text=Seremi%20Karina%20Acevedo%20destaca%20avance%20en%20el%208M%3A%20%E2%80%9CSomos%20un%20gobierno%20feminista%20que%20se%20est%C3%A1%20haciendo%20cargo%E2%80%9D&#038;url=https:\/\/radiorevelacionfm.cl\/?p=28552' aria-hidden='false' data-av_icon='\ue8f1' data-av_iconfont='entypo-fontello' title='' data-avia-related-tooltip='Compartir en Twitter' rel=\"noopener\"><span class='avia_hidden_link_text'>Compartir en Twitter<\/span><\/a><\/li><li class='av-share-link av-social-link-whatsapp' ><a target=\"_blank\" aria-label=\"Compartir en Whatsapp\" href='https:\/\/api.whatsapp.com\/send?text=https:\/\/radiorevelacionfm.cl\/?p=28552' aria-hidden='false' data-av_icon='\uf232' data-av_iconfont='entypo-fontello' title='' data-avia-related-tooltip='Compartir en Whatsapp' rel=\"noopener\"><span class='avia_hidden_link_text'>Compartir en Whatsapp<\/span><\/a><\/li><li class='av-share-link av-social-link-linkedin' ><a target=\"_blank\" aria-label=\"Compartir en LinkedIn\" href='https:\/\/linkedin.com\/shareArticle?mini=true&#038;title=Seremi%20Karina%20Acevedo%20destaca%20avance%20en%20el%208M%3A%20%E2%80%9CSomos%20un%20gobierno%20feminista%20que%20se%20est%C3%A1%20haciendo%20cargo%E2%80%9D&#038;url=https:\/\/radiorevelacionfm.cl\/?p=28552' aria-hidden='false' data-av_icon='\ue8fc' data-av_iconfont='entypo-fontello' title='' data-avia-related-tooltip='Compartir en LinkedIn' rel=\"noopener\"><span class='avia_hidden_link_text'>Compartir en LinkedIn<\/span><\/a><\/li><li class='av-share-link av-social-link-mail' ><a  aria-label=\"Compartir por correo\" href='mailto:?subject=Seremi%20Karina%20Acevedo%20destaca%20avance%20en%20el%208M%3A%20%E2%80%9CSomos%20un%20gobierno%20feminista%20que%20se%20est%C3%A1%20haciendo%20cargo%E2%80%9D&#038;body=https:\/\/radiorevelacionfm.cl\/?p=28552' aria-hidden='false' data-av_icon='\ue805' data-av_iconfont='entypo-fontello' title='' data-avia-related-tooltip='Compartir por correo'><span class='avia_hidden_link_text'>Compartir por correo<\/span><\/a><\/li><\/ul><\/div><\/div>\n<div  style='height:50px' class='hr hr-invisible   avia-builder-el-8  el_after_av_social_share  el_before_av_comments_list '><span class='hr-inner ' ><span class='hr-inner-style'><\/span><\/span><\/div>\n<div  class='av-buildercomment  av-blog-meta-html-info-disabled av-blog-meta-tag-disabled  '><\/div>\n","protected":false},"excerpt":{"rendered":"","protected":false},"author":1,"featured_media":28553,"comment_status":"open","ping_status":"open","sticky":false,"template":"","format":"standard","meta":{"footnotes":""},"categories":[38],"tags":[],"class_list":["post-28552","post","type-post","status-publish","format-standard","has-post-thumbnail","hentry","category-regional"],"jetpack_featured_media_url":"https:\/\/radiorevelacionfm.cl\/wp-content\/uploads\/2023\/03\/7f-1_optimized.jpeg","_links":{"self":[{"href":"https:\/\/radiorevelacionfm.cl\/index.php?rest_route=\/wp\/v2\/posts\/28552","targetHints":{"allow":["GET"]}}],"collection":[{"href":"https:\/\/radiorevelacionfm.cl\/index.php?rest_route=\/wp\/v2\/posts"}],"about":[{"href":"https:\/\/radiorevelacionfm.cl\/index.php?rest_route=\/wp\/v2\/types\/post"}],"author":[{"embeddable":true,"href":"https:\/\/radiorevelacionfm.cl\/index.php?rest_route=\/wp\/v2\/users\/1"}],"replies":[{"embeddable":true,"href":"https:\/\/radiorevelacionfm.cl\/index.php?rest_route=%2Fwp%2Fv2%2Fcomments&post=28552"}],"version-history":[{"count":4,"href":"https:\/\/radiorevelacionfm.cl\/index.php?rest_route=\/wp\/v2\/posts\/28552\/revisions"}],"predecessor-version":[{"id":28574,"href":"https:\/\/radiorevelacionfm.cl\/index.php?rest_route=\/wp\/v2\/posts\/28552\/revisions\/28574"}],"wp:featuredmedia":[{"embeddable":true,"href":"https:\/\/radiorevelacionfm.cl\/index.php?rest_route=\/wp\/v2\/media\/28553"}],"wp:attachment":[{"href":"https:\/\/radiorevelacionfm.cl\/index.php?rest_route=%2Fwp%2Fv2%2Fmedia&parent=28552"}],"wp:term":[{"taxonomy":"category","embeddable":true,"href":"https:\/\/radiorevelacionfm.cl\/index.php?rest_route=%2Fwp%2Fv2%2Fcategories&post=28552"},{"taxonomy":"post_tag","embeddable":true,"href":"https:\/\/radiorevelacionfm.cl\/index.php?rest_route=%2Fwp%2Fv2%2Ftags&post=28552"}],"curies":[{"name":"wp","href":"https:\/\/api.w.org\/{rel}","templated":true}]}}