{"id":2855,"date":"2021-02-21T18:47:50","date_gmt":"2021-02-21T21:47:50","guid":{"rendered":"https:\/\/radiorevelacionfm.cl\/?p=2855"},"modified":"2021-02-21T18:47:50","modified_gmt":"2021-02-21T21:47:50","slug":"exponen-medidas-para-normalizar-itinerarios-de-transporte-maritimo-en-ruta-quellon-melinka-puerto-cisnes","status":"publish","type":"post","link":"https:\/\/radiorevelacionfm.cl\/?p=2855","title":{"rendered":"Exponen medidas para normalizar itinerarios de transporte mar\u00edtimo en ruta Quell\u00f3n \u2013 Melinka \u2013 Puerto Cisnes"},"content":{"rendered":"<div class=\"flex_column av_one_full  flex_column_div av-zero-column-padding first  avia-builder-el-0  el_before_av_one_full  avia-builder-el-first  \" style='border-radius:0px; '><div  class='avia-image-container  av-styling-    avia-builder-el-1  avia-builder-el-no-sibling  avia-align-center '  itemprop=\"image\" itemscope=\"itemscope\" itemtype=\"https:\/\/schema.org\/ImageObject\"  ><div class='avia-image-container-inner'><div class='avia-image-overlay-wrap'><img decoding=\"async\" class='wp-image-0 avia-img-lazy-loading-not-0 avia_image' src=\"https:\/\/radiorevelacionfm.cl\/wp-content\/uploads\/2021\/02\/IMG-20210121-WA0010-1-1.jpg\" alt='' title=''   itemprop=\"thumbnailUrl\"  \/><\/div><\/div><\/div><\/div><div class=\"flex_column av_one_full  flex_column_div av-zero-column-padding first  avia-builder-el-2  el_after_av_one_full  el_before_av_one_full  column-top-margin\" style='border-radius:0px; '><section class=\"av_textblock_section \"  itemscope=\"itemscope\" itemtype=\"https:\/\/schema.org\/BlogPosting\" itemprop=\"blogPost\" ><div class='avia_textblock  '   itemprop=\"text\" ><p style=\"text-align: center;\"><strong><span style=\"font-size: 18pt;\">Exponen medidas para normalizar itinerarios de transporte mar\u00edtimo en ruta Quell\u00f3n \u2013 Melinka \u2013 Puerto Cisnes<\/span><\/strong><\/p>\n<div id=\"gtx-trans\" style=\"position: absolute; left: -50px; top: 4.31534px;\">\n<div class=\"gtx-trans-icon\"><\/div>\n<\/div>\n<\/div><\/section><\/div><div class=\"flex_column av_one_full  flex_column_div av-zero-column-padding first  avia-builder-el-4  el_after_av_one_full  el_before_av_hr  column-top-margin\" style='border-radius:0px; '><section class=\"av_textblock_section \"  itemscope=\"itemscope\" itemtype=\"https:\/\/schema.org\/BlogPosting\" itemprop=\"blogPost\" ><div class='avia_textblock  '   itemprop=\"text\" ><p style=\"text-align: justify;\">Dada la necesidad de regularizar los itinerarios del transporte mar\u00edtimo subsidiado del litoral norte de Ays\u00e9n, la barcaza Agios operar\u00e1 temporalmente en la zona para absorber la demanda de transporte de carga y de pasajeros.<\/p>\n<p style=\"text-align: justify;\">Debido a frentes de mal tiempo que han afectado la navegaci\u00f3n y el retiro temporal de la barcaza Jacaf en la operaci\u00f3n del subsidio de transporte mar\u00edtimo en el tramo Quell\u00f3n \u2013 Melinka \u2013 Puerto Cisnes, se han provocado algunos desajustes en el itinerario de esta transitada ruta. A fin de poder responder a la inquietud de los usuarios, especialmente de los transportistas, se tomaron una serie de disposiciones que permitir\u00e1n regularizar el recorrido.<\/p>\n<p style=\"text-align: justify;\">Para ello el seremiTT(s) Julio Z\u00fa\u00f1iga sostuvo una reuni\u00f3n en la que se dio a conocer que \u201cluego de realizar reparaciones a la barcaza Jacaf, esta retornar\u00eda al servicio a partir del 3 de marzo. Adem\u00e1s, y como una forma de poder dar una respuesta r\u00e1pida a la demanda de servicios de transporte en las localidades isle\u00f1as, la nave Agios operar\u00e1 en dicho tramo los d\u00edas 20, 23 y 27 de febrero. Cabe precisar que la capacidad de esta embarcaci\u00f3n asciende a 500 mts. lineales y 500 pasajeros, es decir tiene el doble de la capacidad de barcaza Jacaf. De esta forma creemos que vamos a cumplir en forma eficiente el requerimiento de los transportistas de carga y ajustar el itinerario de este recorrido que estaba desregulado.\u201d<\/p>\n<p style=\"text-align: justify;\">En la instancia, adem\u00e1s particip\u00f3 el concejal de la comuna de Guaitecas, Juan Carlos Barr\u00eda quien intercedi\u00f3 por los transportistas de Melinka. \u201cPudimos abordar el problema que existe con el transporte de carga y pasajeros en el tramo Quell\u00f3n \u2013 Melinka y viceversa. Nos contactamos con el seremi quien se mostr\u00f3 muy interesado en apoyarnos y que con los funcionarios de la seremi han tratado de buscar soluciones a esta situaci\u00f3n por tanto agradezco que hayan tomado en cuenta esta solicitud a trav\u00e9s de una carta que hicimos en nombre de todos los transportistas\u201d, se\u00f1al\u00f3.<\/p>\n<p style=\"text-align: justify;\">Finalmente, el seremi indic\u00f3 que para el ministerio de Transportes y Telecomunicaciones es de vital importancia velar por mantener la fluidez de esta conectividad mar\u00edtima, en donde ingresa gran cantidad de transportistas que contribuyen a la cadena log\u00edstica de almacenamiento regional.<\/p>\n<\/div><\/section><\/div><div  style='height:50px' class='hr hr-invisible   avia-builder-el-6  el_after_av_one_full  el_before_av_social_share '><span class='hr-inner ' ><span class='hr-inner-style'><\/span><\/span><\/div><\/p>\n<div  class='av-social-sharing-box  avia-builder-el-7  el_after_av_hr  el_before_av_hr  '><div class='av-share-box'><h5 class='av-share-link-description av-no-toc '>Compartir esta noticia<\/h5><ul class='av-share-box-list noLightbox'><li class='av-share-link av-social-link-facebook' ><a target=\"_blank\" aria-label=\"Compartir en Facebook\" href='https:\/\/www.facebook.com\/sharer.php?u=https:\/\/radiorevelacionfm.cl\/?p=2855&#038;t=Exponen%20medidas%20para%20normalizar%20itinerarios%20de%20transporte%20mar%C3%ADtimo%20en%20ruta%20Quell%C3%B3n%20%E2%80%93%20Melinka%20%E2%80%93%20Puerto%20Cisnes' aria-hidden='false' data-av_icon='\ue8f3' data-av_iconfont='entypo-fontello' title='' data-avia-related-tooltip='Compartir en Facebook' rel=\"noopener\"><span class='avia_hidden_link_text'>Compartir en Facebook<\/span><\/a><\/li><li class='av-share-link av-social-link-twitter' ><a target=\"_blank\" aria-label=\"Compartir en Twitter\" href='https:\/\/twitter.com\/share?text=Exponen%20medidas%20para%20normalizar%20itinerarios%20de%20transporte%20mar%C3%ADtimo%20en%20ruta%20Quell%C3%B3n%20%E2%80%93%20Melinka%20%E2%80%93%20Puerto%20Cisnes&#038;url=https:\/\/radiorevelacionfm.cl\/?p=2855' aria-hidden='false' data-av_icon='\ue8f1' data-av_iconfont='entypo-fontello' title='' data-avia-related-tooltip='Compartir en Twitter' rel=\"noopener\"><span class='avia_hidden_link_text'>Compartir en Twitter<\/span><\/a><\/li><li class='av-share-link av-social-link-whatsapp' ><a target=\"_blank\" aria-label=\"Compartir en Whatsapp\" href='https:\/\/api.whatsapp.com\/send?text=https:\/\/radiorevelacionfm.cl\/?p=2855' aria-hidden='false' data-av_icon='\uf232' data-av_iconfont='entypo-fontello' title='' data-avia-related-tooltip='Compartir en Whatsapp' rel=\"noopener\"><span class='avia_hidden_link_text'>Compartir en Whatsapp<\/span><\/a><\/li><li class='av-share-link av-social-link-linkedin' ><a target=\"_blank\" aria-label=\"Compartir en LinkedIn\" href='https:\/\/linkedin.com\/shareArticle?mini=true&#038;title=Exponen%20medidas%20para%20normalizar%20itinerarios%20de%20transporte%20mar%C3%ADtimo%20en%20ruta%20Quell%C3%B3n%20%E2%80%93%20Melinka%20%E2%80%93%20Puerto%20Cisnes&#038;url=https:\/\/radiorevelacionfm.cl\/?p=2855' aria-hidden='false' data-av_icon='\ue8fc' data-av_iconfont='entypo-fontello' title='' data-avia-related-tooltip='Compartir en LinkedIn' rel=\"noopener\"><span class='avia_hidden_link_text'>Compartir en LinkedIn<\/span><\/a><\/li><li class='av-share-link av-social-link-mail' ><a  aria-label=\"Compartir por correo\" href='mailto:?subject=Exponen%20medidas%20para%20normalizar%20itinerarios%20de%20transporte%20mar%C3%ADtimo%20en%20ruta%20Quell%C3%B3n%20%E2%80%93%20Melinka%20%E2%80%93%20Puerto%20Cisnes&#038;body=https:\/\/radiorevelacionfm.cl\/?p=2855' aria-hidden='false' data-av_icon='\ue805' data-av_iconfont='entypo-fontello' title='' data-avia-related-tooltip='Compartir por correo'><span class='avia_hidden_link_text'>Compartir por correo<\/span><\/a><\/li><\/ul><\/div><\/div>\n<div  style='height:50px' class='hr hr-invisible   avia-builder-el-8  el_after_av_social_share  el_before_av_comments_list '><span class='hr-inner ' ><span class='hr-inner-style'><\/span><\/span><\/div>\n<div  class='av-buildercomment  av-blog-meta-html-info-disabled av-blog-meta-tag-disabled  '><\/div>\n","protected":false},"excerpt":{"rendered":"","protected":false},"author":1,"featured_media":0,"comment_status":"open","ping_status":"open","sticky":false,"template":"","format":"standard","meta":{"footnotes":""},"categories":[59],"tags":[],"class_list":["post-2855","post","type-post","status-publish","format-standard","hentry","category-transporte"],"jetpack_featured_media_url":"","_links":{"self":[{"href":"https:\/\/radiorevelacionfm.cl\/index.php?rest_route=\/wp\/v2\/posts\/2855","targetHints":{"allow":["GET"]}}],"collection":[{"href":"https:\/\/radiorevelacionfm.cl\/index.php?rest_route=\/wp\/v2\/posts"}],"about":[{"href":"https:\/\/radiorevelacionfm.cl\/index.php?rest_route=\/wp\/v2\/types\/post"}],"author":[{"embeddable":true,"href":"https:\/\/radiorevelacionfm.cl\/index.php?rest_route=\/wp\/v2\/users\/1"}],"replies":[{"embeddable":true,"href":"https:\/\/radiorevelacionfm.cl\/index.php?rest_route=%2Fwp%2Fv2%2Fcomments&post=2855"}],"version-history":[{"count":1,"href":"https:\/\/radiorevelacionfm.cl\/index.php?rest_route=\/wp\/v2\/posts\/2855\/revisions"}],"predecessor-version":[{"id":2857,"href":"https:\/\/radiorevelacionfm.cl\/index.php?rest_route=\/wp\/v2\/posts\/2855\/revisions\/2857"}],"wp:attachment":[{"href":"https:\/\/radiorevelacionfm.cl\/index.php?rest_route=%2Fwp%2Fv2%2Fmedia&parent=2855"}],"wp:term":[{"taxonomy":"category","embeddable":true,"href":"https:\/\/radiorevelacionfm.cl\/index.php?rest_route=%2Fwp%2Fv2%2Fcategories&post=2855"},{"taxonomy":"post_tag","embeddable":true,"href":"https:\/\/radiorevelacionfm.cl\/index.php?rest_route=%2Fwp%2Fv2%2Ftags&post=2855"}],"curies":[{"name":"wp","href":"https:\/\/api.w.org\/{rel}","templated":true}]}}