{"id":28548,"date":"2023-03-07T18:24:39","date_gmt":"2023-03-07T21:24:39","guid":{"rendered":"https:\/\/radiorevelacionfm.cl\/?p=28548"},"modified":"2023-03-07T18:24:39","modified_gmt":"2023-03-07T21:24:39","slug":"juzgado-de-garantia-de-puerto-aysen-decreta-la-prision-preventiva-de-imputado-por-homicidio-frustrado","status":"publish","type":"post","link":"https:\/\/radiorevelacionfm.cl\/?p=28548","title":{"rendered":"Juzgado de Garant\u00eda de Puerto Ays\u00e9n decreta la prisi\u00f3n preventiva de imputado por homicidio frustrado"},"content":{"rendered":"<div class=\"flex_column av_one_full  flex_column_div av-zero-column-padding first  avia-builder-el-0  el_before_av_one_full  avia-builder-el-first  \" style='border-radius:0px; '><div  class='avia-image-container  av-styling-    avia-builder-el-1  avia-builder-el-no-sibling  avia-align-center '  itemprop=\"image\" itemscope=\"itemscope\" itemtype=\"https:\/\/schema.org\/ImageObject\"  ><div class='avia-image-container-inner'><div class='avia-image-overlay-wrap'><img decoding=\"async\" class='wp-image-28549 avia-img-lazy-loading-not-28549 avia_image' src=\"https:\/\/radiorevelacionfm.cl\/wp-content\/uploads\/2023\/03\/tribunal-puerto-aysen-1_optimized-1.jpg\" alt='' title='tribunal-puerto-aysen-(1)_optimized (1)' height=\"600\" width=\"1067\"  itemprop=\"thumbnailUrl\" srcset=\"https:\/\/radiorevelacionfm.cl\/wp-content\/uploads\/2023\/03\/tribunal-puerto-aysen-1_optimized-1.jpg 1067w, https:\/\/radiorevelacionfm.cl\/wp-content\/uploads\/2023\/03\/tribunal-puerto-aysen-1_optimized-1-300x169.jpg 300w, https:\/\/radiorevelacionfm.cl\/wp-content\/uploads\/2023\/03\/tribunal-puerto-aysen-1_optimized-1-1030x579.jpg 1030w, https:\/\/radiorevelacionfm.cl\/wp-content\/uploads\/2023\/03\/tribunal-puerto-aysen-1_optimized-1-768x432.jpg 768w, https:\/\/radiorevelacionfm.cl\/wp-content\/uploads\/2023\/03\/tribunal-puerto-aysen-1_optimized-1-705x396.jpg 705w, https:\/\/radiorevelacionfm.cl\/wp-content\/uploads\/2023\/03\/tribunal-puerto-aysen-1_optimized-1-600x337.jpg 600w\" sizes=\"(max-width: 1067px) 100vw, 1067px\" \/><\/div><\/div><\/div><\/div><div class=\"flex_column av_one_full  flex_column_div av-zero-column-padding first  avia-builder-el-2  el_after_av_one_full  el_before_av_one_full  column-top-margin\" style='border-radius:0px; '><section class=\"av_textblock_section \"  itemscope=\"itemscope\" itemtype=\"https:\/\/schema.org\/BlogPosting\" itemprop=\"blogPost\" ><div class='avia_textblock  '   itemprop=\"text\" ><p class=\"v1MsoNormal\" style=\"text-align: center;\"><span style=\"font-size: 18pt;\"><b>Juzgado de Garant\u00eda de Puerto Ays\u00e9n decreta la prisi\u00f3n preventiva de imputado por homicidio frustrado<\/b><\/span><\/p>\n<div id=\"gtx-trans\" style=\"position: absolute; left: -50px; top: 4.31534px;\">\n<div class=\"gtx-trans-icon\"><\/div>\n<\/div>\n<\/div><\/section><\/div><div class=\"flex_column av_one_full  flex_column_div av-zero-column-padding first  avia-builder-el-4  el_after_av_one_full  el_before_av_hr  column-top-margin\" style='border-radius:0px; '><section class=\"av_textblock_section \"  itemscope=\"itemscope\" itemtype=\"https:\/\/schema.org\/BlogPosting\" itemprop=\"blogPost\" ><div class='avia_textblock  '   itemprop=\"text\" ><p class=\"v1MsoNormal\" style=\"text-align: justify;\">El Juzgado de Garant\u00eda de Puerto Ays\u00e9n dej\u00f3 hoy \u2013martes 7 de marzo\u2013 sujeto a la medida cautelar de prisi\u00f3n preventiva a J.E.A.V., imputado por el Ministerio P\u00fablico como autor del delito frustrado de homicidio simple. Il\u00edcito perpetrado el s\u00e1bado reci\u00e9n pasado, en la ciudad.<\/p>\n<p class=\"v1MsoNormal\" style=\"text-align: justify;\">En la audiencia de formalizaci\u00f3n, la magistrada Dal\u00eda Illezca Carrasco orden\u00f3 el ingreso de J.E.A.V.\u00a0al Centro de Detenci\u00f3n Preventiva de Puerto Ays\u00e9n por considerar que la libertad del imputado constituye un peligro para la seguridad de la sociedad. Adem\u00e1s, fij\u00f3 en\u00a0100 d\u00edas\u00a0el plazo de investigaci\u00f3n.<\/p>\n<p class=\"v1MsoNormal\" style=\"text-align: justify;\">Seg\u00fan el ente persecutor, a las 13 horas del 4 de marzo de 2023, J.E.A.V. se encontraba en su domicilio de la ciudad de Puerto Ays\u00e9n, en compa\u00f1\u00eda de la v\u00edctima, a quien procedi\u00f3 a agredir y apu\u00f1alar con un cuchillo de 20 cent\u00edmetros de hoja en la pierna (muslo derecho), provocando lesiones de car\u00e1cter grave, con compromiso de conciencia, las que, de no mediar la atenci\u00f3n oportuna, le habr\u00edan ocasionado la muerte.<\/p>\n<\/div><\/section><\/div><div  style='height:50px' class='hr hr-invisible   avia-builder-el-6  el_after_av_one_full  el_before_av_social_share '><span class='hr-inner ' ><span class='hr-inner-style'><\/span><\/span><\/div><\/p>\n<div  class='av-social-sharing-box  avia-builder-el-7  el_after_av_hr  el_before_av_hr  '><div class='av-share-box'><h5 class='av-share-link-description av-no-toc '>Compartir esta noticia<\/h5><ul class='av-share-box-list noLightbox'><li class='av-share-link av-social-link-facebook' ><a target=\"_blank\" aria-label=\"Compartir en Facebook\" href='https:\/\/www.facebook.com\/sharer.php?u=https:\/\/radiorevelacionfm.cl\/?p=28548&#038;t=Juzgado%20de%20Garant%C3%ADa%20de%20Puerto%20Ays%C3%A9n%20decreta%20la%20prisi%C3%B3n%20preventiva%20de%20imputado%20por%20homicidio%20frustrado' aria-hidden='false' data-av_icon='\ue8f3' data-av_iconfont='entypo-fontello' title='' data-avia-related-tooltip='Compartir en Facebook' rel=\"noopener\"><span class='avia_hidden_link_text'>Compartir en Facebook<\/span><\/a><\/li><li class='av-share-link av-social-link-twitter' ><a target=\"_blank\" aria-label=\"Compartir en Twitter\" href='https:\/\/twitter.com\/share?text=Juzgado%20de%20Garant%C3%ADa%20de%20Puerto%20Ays%C3%A9n%20decreta%20la%20prisi%C3%B3n%20preventiva%20de%20imputado%20por%20homicidio%20frustrado&#038;url=https:\/\/radiorevelacionfm.cl\/?p=28548' aria-hidden='false' data-av_icon='\ue8f1' data-av_iconfont='entypo-fontello' title='' data-avia-related-tooltip='Compartir en Twitter' rel=\"noopener\"><span class='avia_hidden_link_text'>Compartir en Twitter<\/span><\/a><\/li><li class='av-share-link av-social-link-whatsapp' ><a target=\"_blank\" aria-label=\"Compartir en Whatsapp\" href='https:\/\/api.whatsapp.com\/send?text=https:\/\/radiorevelacionfm.cl\/?p=28548' aria-hidden='false' data-av_icon='\uf232' data-av_iconfont='entypo-fontello' title='' data-avia-related-tooltip='Compartir en Whatsapp' rel=\"noopener\"><span class='avia_hidden_link_text'>Compartir en Whatsapp<\/span><\/a><\/li><li class='av-share-link av-social-link-linkedin' ><a target=\"_blank\" aria-label=\"Compartir en LinkedIn\" href='https:\/\/linkedin.com\/shareArticle?mini=true&#038;title=Juzgado%20de%20Garant%C3%ADa%20de%20Puerto%20Ays%C3%A9n%20decreta%20la%20prisi%C3%B3n%20preventiva%20de%20imputado%20por%20homicidio%20frustrado&#038;url=https:\/\/radiorevelacionfm.cl\/?p=28548' aria-hidden='false' data-av_icon='\ue8fc' data-av_iconfont='entypo-fontello' title='' data-avia-related-tooltip='Compartir en LinkedIn' rel=\"noopener\"><span class='avia_hidden_link_text'>Compartir en LinkedIn<\/span><\/a><\/li><li class='av-share-link av-social-link-mail' ><a  aria-label=\"Compartir por correo\" href='mailto:?subject=Juzgado%20de%20Garant%C3%ADa%20de%20Puerto%20Ays%C3%A9n%20decreta%20la%20prisi%C3%B3n%20preventiva%20de%20imputado%20por%20homicidio%20frustrado&#038;body=https:\/\/radiorevelacionfm.cl\/?p=28548' aria-hidden='false' data-av_icon='\ue805' data-av_iconfont='entypo-fontello' title='' data-avia-related-tooltip='Compartir por correo'><span class='avia_hidden_link_text'>Compartir por correo<\/span><\/a><\/li><\/ul><\/div><\/div>\n<div  style='height:50px' class='hr hr-invisible   avia-builder-el-8  el_after_av_social_share  el_before_av_comments_list '><span class='hr-inner ' ><span class='hr-inner-style'><\/span><\/span><\/div>\n<div  class='av-buildercomment  av-blog-meta-html-info-disabled av-blog-meta-tag-disabled  '><\/div>\n","protected":false},"excerpt":{"rendered":"","protected":false},"author":1,"featured_media":28549,"comment_status":"open","ping_status":"open","sticky":false,"template":"","format":"standard","meta":{"footnotes":""},"categories":[55],"tags":[],"class_list":["post-28548","post","type-post","status-publish","format-standard","has-post-thumbnail","hentry","category-justicia"],"jetpack_featured_media_url":"https:\/\/radiorevelacionfm.cl\/wp-content\/uploads\/2023\/03\/tribunal-puerto-aysen-1_optimized-1.jpg","_links":{"self":[{"href":"https:\/\/radiorevelacionfm.cl\/index.php?rest_route=\/wp\/v2\/posts\/28548","targetHints":{"allow":["GET"]}}],"collection":[{"href":"https:\/\/radiorevelacionfm.cl\/index.php?rest_route=\/wp\/v2\/posts"}],"about":[{"href":"https:\/\/radiorevelacionfm.cl\/index.php?rest_route=\/wp\/v2\/types\/post"}],"author":[{"embeddable":true,"href":"https:\/\/radiorevelacionfm.cl\/index.php?rest_route=\/wp\/v2\/users\/1"}],"replies":[{"embeddable":true,"href":"https:\/\/radiorevelacionfm.cl\/index.php?rest_route=%2Fwp%2Fv2%2Fcomments&post=28548"}],"version-history":[{"count":2,"href":"https:\/\/radiorevelacionfm.cl\/index.php?rest_route=\/wp\/v2\/posts\/28548\/revisions"}],"predecessor-version":[{"id":28551,"href":"https:\/\/radiorevelacionfm.cl\/index.php?rest_route=\/wp\/v2\/posts\/28548\/revisions\/28551"}],"wp:featuredmedia":[{"embeddable":true,"href":"https:\/\/radiorevelacionfm.cl\/index.php?rest_route=\/wp\/v2\/media\/28549"}],"wp:attachment":[{"href":"https:\/\/radiorevelacionfm.cl\/index.php?rest_route=%2Fwp%2Fv2%2Fmedia&parent=28548"}],"wp:term":[{"taxonomy":"category","embeddable":true,"href":"https:\/\/radiorevelacionfm.cl\/index.php?rest_route=%2Fwp%2Fv2%2Fcategories&post=28548"},{"taxonomy":"post_tag","embeddable":true,"href":"https:\/\/radiorevelacionfm.cl\/index.php?rest_route=%2Fwp%2Fv2%2Ftags&post=28548"}],"curies":[{"name":"wp","href":"https:\/\/api.w.org\/{rel}","templated":true}]}}