{"id":28542,"date":"2023-03-07T18:11:42","date_gmt":"2023-03-07T21:11:42","guid":{"rendered":"https:\/\/radiorevelacionfm.cl\/?p=28542"},"modified":"2023-03-07T18:11:58","modified_gmt":"2023-03-07T21:11:58","slug":"trabajador-fallecio-al-desbarrancarse-en-faena-minera-cerca-de-villa-nirehuao","status":"publish","type":"post","link":"https:\/\/radiorevelacionfm.cl\/?p=28542","title":{"rendered":"Trabajador falleci\u00f3 al desbarrancarse en faena minera cerca de Villa \u00d1irehuao"},"content":{"rendered":"<div class=\"flex_column av_one_full  flex_column_div av-zero-column-padding first  avia-builder-el-0  el_before_av_one_full  avia-builder-el-first  \" style='border-radius:0px; '><div  class='avia-image-container  av-styling-    avia-builder-el-1  avia-builder-el-no-sibling  avia-align-center '  itemprop=\"image\" itemscope=\"itemscope\" itemtype=\"https:\/\/schema.org\/ImageObject\"  ><div class='avia-image-container-inner'><div class='avia-image-overlay-wrap'><img decoding=\"async\" class='wp-image-28545 avia-img-lazy-loading-not-28545 avia_image' src=\"https:\/\/radiorevelacionfm.cl\/wp-content\/uploads\/2023\/03\/servicio-medico-legal-768x474-1-1.jpg\" alt='' title='servicio-medico-legal-768x474 (1) (1)' height=\"600\" width=\"901\"  itemprop=\"thumbnailUrl\" srcset=\"https:\/\/radiorevelacionfm.cl\/wp-content\/uploads\/2023\/03\/servicio-medico-legal-768x474-1-1.jpg 901w, https:\/\/radiorevelacionfm.cl\/wp-content\/uploads\/2023\/03\/servicio-medico-legal-768x474-1-1-300x200.jpg 300w, https:\/\/radiorevelacionfm.cl\/wp-content\/uploads\/2023\/03\/servicio-medico-legal-768x474-1-1-768x511.jpg 768w, https:\/\/radiorevelacionfm.cl\/wp-content\/uploads\/2023\/03\/servicio-medico-legal-768x474-1-1-705x469.jpg 705w, https:\/\/radiorevelacionfm.cl\/wp-content\/uploads\/2023\/03\/servicio-medico-legal-768x474-1-1-600x400.jpg 600w\" sizes=\"(max-width: 901px) 100vw, 901px\" \/><\/div><\/div><\/div><\/div><div class=\"flex_column av_one_full  flex_column_div av-zero-column-padding first  avia-builder-el-2  el_after_av_one_full  el_before_av_one_full  column-top-margin\" style='border-radius:0px; '><section class=\"av_textblock_section \"  itemscope=\"itemscope\" itemtype=\"https:\/\/schema.org\/BlogPosting\" itemprop=\"blogPost\" ><div class='avia_textblock  '   itemprop=\"text\" ><p style=\"text-align: center;\"><strong><span style=\"font-size: 18pt;\">Trabajador falleci\u00f3 al desbarrancarse en faena minera cerca de Villa \u00d1irehuao<\/span><\/strong><\/p>\n<div id=\"gtx-trans\" style=\"position: absolute; left: -50px; top: 4.31534px;\">\n<div class=\"gtx-trans-icon\"><\/div>\n<\/div>\n<\/div><\/section><\/div><div class=\"flex_column av_one_full  flex_column_div av-zero-column-padding first  avia-builder-el-4  el_after_av_one_full  el_before_av_hr  column-top-margin\" style='border-radius:0px; '><section class=\"av_textblock_section \"  itemscope=\"itemscope\" itemtype=\"https:\/\/schema.org\/BlogPosting\" itemprop=\"blogPost\" ><div class='avia_textblock  '   itemprop=\"text\" ><p style=\"text-align: justify;\">La tarde de este lunes 06 de marzo 2023, se produjo un fatal accidente a unos 50 km de la localidad de Villa \u00d1irehuao.<\/p>\n<p style=\"text-align: justify;\">Seg\u00fan los primeros antecedentes, un trabajador de empresa Minera Pac\u00edfico del Sur falleci\u00f3 en un accidente mientras realizaba faenas de exploraci\u00f3n en sector Rodeo Los Palos, en la comuna de Coyhaique, el fatal accidente se produjo mientras manejaba una motoniveladora, momento en que la m\u00e1quina volc\u00f3, cayendo hacia un barranco.<\/p>\n<p style=\"text-align: justify;\">Informaci\u00f3n entregada por el fiscal jefe de Coyhaique, Jos\u00e9 Moris Ferrando, el hecho ocurri\u00f3 a unos 50 kil\u00f3metros de Villa \u00d1irehuao, donde \u00abuna m\u00e1quina motoniveladora habr\u00eda volcado, cayendo a un precipicio falleciendo, lamentablemente, el operario conductor\u00bb, se\u00f1al\u00f3 el fiscal.<\/p>\n<p style=\"text-align: justify;\">Hasta el lugar concurri\u00f3 la SIAT de Carabineros, se solicit\u00f3 la presencia del Servicio M\u00e9dico Legal y se est\u00e1n realizando las primeras diligencias por personal de Carabineros del ret\u00e9n de Villa \u00d1irehuao, en espera de los resultados de las diligencias para proseguir con la investigaci\u00f3n\u201d, explic\u00f3 Moris.<\/p>\n<p style=\"text-align: justify;\">Por su parte el\u00a0seremi de Miner\u00eda de Ays\u00e9n, Hans Zimmermann, se refiri\u00f3 a este lamentable accidente indicando que \u00abel incidente ocurri\u00f3 alrededor de las 19:00 horas del lunes en una zona donde la empresa est\u00e1 desarrollando una campa\u00f1a de exploraci\u00f3n minera\u00bb.<\/p>\n<p style=\"text-align: justify;\">\u00abEste operario habr\u00eda estado conduciendo una motoniveladora, dirigi\u00e9ndose hacia el lugar donde estacionan los equipos los funcionarios, y es all\u00ed donde\u00a0se habr\u00eda desbarrancado\u00a0y habr\u00eda sido v\u00edctima del fatal desenlace\u00bb, detall\u00f3.<\/p>\n<p style=\"text-align: justify;\">Personal de la Seremi sali\u00f3 a las 06:00 de la ma\u00f1ana de hoy desde Coyhaique y se reuni\u00f3 con gerencia de la empresa para recabar antecedentes.<\/p>\n<p style=\"text-align: justify;\">\u00abLa faena de exploraci\u00f3n en el sector Caterfield est\u00e1 suspendida desde que ocurri\u00f3 el siniestro\u00bb, y la empresa ya se contact\u00f3 con la pareja de la v\u00edctima para ofrecerle apoyo psicol\u00f3gico.<\/p>\n<p style=\"text-align: justify;\">Asimismo, se instruy\u00f3 una investigaci\u00f3n interna, enfatiz\u00f3.<\/p>\n<\/div><\/section><\/div><div  style='height:50px' class='hr hr-invisible   avia-builder-el-6  el_after_av_one_full  el_before_av_social_share '><span class='hr-inner ' ><span class='hr-inner-style'><\/span><\/span><\/div><\/p>\n<div  class='av-social-sharing-box  avia-builder-el-7  el_after_av_hr  el_before_av_hr  '><div class='av-share-box'><h5 class='av-share-link-description av-no-toc '>Compartir esta noticia<\/h5><ul class='av-share-box-list noLightbox'><li class='av-share-link av-social-link-facebook' ><a target=\"_blank\" aria-label=\"Compartir en Facebook\" href='https:\/\/www.facebook.com\/sharer.php?u=https:\/\/radiorevelacionfm.cl\/?p=28542&#038;t=Trabajador%20falleci%C3%B3%20al%20desbarrancarse%20en%20faena%20minera%20cerca%20de%20Villa%20%C3%91irehuao' aria-hidden='false' data-av_icon='\ue8f3' data-av_iconfont='entypo-fontello' title='' data-avia-related-tooltip='Compartir en Facebook' rel=\"noopener\"><span class='avia_hidden_link_text'>Compartir en Facebook<\/span><\/a><\/li><li class='av-share-link av-social-link-twitter' ><a target=\"_blank\" aria-label=\"Compartir en Twitter\" href='https:\/\/twitter.com\/share?text=Trabajador%20falleci%C3%B3%20al%20desbarrancarse%20en%20faena%20minera%20cerca%20de%20Villa%20%C3%91irehuao&#038;url=https:\/\/radiorevelacionfm.cl\/?p=28542' aria-hidden='false' data-av_icon='\ue8f1' data-av_iconfont='entypo-fontello' title='' data-avia-related-tooltip='Compartir en Twitter' rel=\"noopener\"><span class='avia_hidden_link_text'>Compartir en Twitter<\/span><\/a><\/li><li class='av-share-link av-social-link-whatsapp' ><a target=\"_blank\" aria-label=\"Compartir en Whatsapp\" href='https:\/\/api.whatsapp.com\/send?text=https:\/\/radiorevelacionfm.cl\/?p=28542' aria-hidden='false' data-av_icon='\uf232' data-av_iconfont='entypo-fontello' title='' data-avia-related-tooltip='Compartir en Whatsapp' rel=\"noopener\"><span class='avia_hidden_link_text'>Compartir en Whatsapp<\/span><\/a><\/li><li class='av-share-link av-social-link-linkedin' ><a target=\"_blank\" aria-label=\"Compartir en LinkedIn\" href='https:\/\/linkedin.com\/shareArticle?mini=true&#038;title=Trabajador%20falleci%C3%B3%20al%20desbarrancarse%20en%20faena%20minera%20cerca%20de%20Villa%20%C3%91irehuao&#038;url=https:\/\/radiorevelacionfm.cl\/?p=28542' aria-hidden='false' data-av_icon='\ue8fc' data-av_iconfont='entypo-fontello' title='' data-avia-related-tooltip='Compartir en LinkedIn' rel=\"noopener\"><span class='avia_hidden_link_text'>Compartir en LinkedIn<\/span><\/a><\/li><li class='av-share-link av-social-link-mail' ><a  aria-label=\"Compartir por correo\" href='mailto:?subject=Trabajador%20falleci%C3%B3%20al%20desbarrancarse%20en%20faena%20minera%20cerca%20de%20Villa%20%C3%91irehuao&#038;body=https:\/\/radiorevelacionfm.cl\/?p=28542' aria-hidden='false' data-av_icon='\ue805' data-av_iconfont='entypo-fontello' title='' data-avia-related-tooltip='Compartir por correo'><span class='avia_hidden_link_text'>Compartir por correo<\/span><\/a><\/li><\/ul><\/div><\/div>\n<div  style='height:50px' class='hr hr-invisible   avia-builder-el-8  el_after_av_social_share  el_before_av_comments_list '><span class='hr-inner ' ><span class='hr-inner-style'><\/span><\/span><\/div>\n<div  class='av-buildercomment  av-blog-meta-html-info-disabled av-blog-meta-tag-disabled  '><\/div>\n","protected":false},"excerpt":{"rendered":"","protected":false},"author":1,"featured_media":28545,"comment_status":"open","ping_status":"open","sticky":false,"template":"","format":"standard","meta":{"footnotes":""},"categories":[38],"tags":[],"class_list":["post-28542","post","type-post","status-publish","format-standard","has-post-thumbnail","hentry","category-regional"],"jetpack_featured_media_url":"https:\/\/radiorevelacionfm.cl\/wp-content\/uploads\/2023\/03\/servicio-medico-legal-768x474-1-1.jpg","_links":{"self":[{"href":"https:\/\/radiorevelacionfm.cl\/index.php?rest_route=\/wp\/v2\/posts\/28542","targetHints":{"allow":["GET"]}}],"collection":[{"href":"https:\/\/radiorevelacionfm.cl\/index.php?rest_route=\/wp\/v2\/posts"}],"about":[{"href":"https:\/\/radiorevelacionfm.cl\/index.php?rest_route=\/wp\/v2\/types\/post"}],"author":[{"embeddable":true,"href":"https:\/\/radiorevelacionfm.cl\/index.php?rest_route=\/wp\/v2\/users\/1"}],"replies":[{"embeddable":true,"href":"https:\/\/radiorevelacionfm.cl\/index.php?rest_route=%2Fwp%2Fv2%2Fcomments&post=28542"}],"version-history":[{"count":2,"href":"https:\/\/radiorevelacionfm.cl\/index.php?rest_route=\/wp\/v2\/posts\/28542\/revisions"}],"predecessor-version":[{"id":28547,"href":"https:\/\/radiorevelacionfm.cl\/index.php?rest_route=\/wp\/v2\/posts\/28542\/revisions\/28547"}],"wp:featuredmedia":[{"embeddable":true,"href":"https:\/\/radiorevelacionfm.cl\/index.php?rest_route=\/wp\/v2\/media\/28545"}],"wp:attachment":[{"href":"https:\/\/radiorevelacionfm.cl\/index.php?rest_route=%2Fwp%2Fv2%2Fmedia&parent=28542"}],"wp:term":[{"taxonomy":"category","embeddable":true,"href":"https:\/\/radiorevelacionfm.cl\/index.php?rest_route=%2Fwp%2Fv2%2Fcategories&post=28542"},{"taxonomy":"post_tag","embeddable":true,"href":"https:\/\/radiorevelacionfm.cl\/index.php?rest_route=%2Fwp%2Fv2%2Ftags&post=28542"}],"curies":[{"name":"wp","href":"https:\/\/api.w.org\/{rel}","templated":true}]}}