{"id":28533,"date":"2023-03-07T19:35:35","date_gmt":"2023-03-07T22:35:35","guid":{"rendered":"https:\/\/radiorevelacionfm.cl\/?p=28533"},"modified":"2023-03-07T19:35:35","modified_gmt":"2023-03-07T22:35:35","slug":"marcia-raphael-aun-existen-grandes-desafios-pendientes-para-mejorar-la-calidad-de-vida-de-las-mujeres-de-aysen","status":"publish","type":"post","link":"https:\/\/radiorevelacionfm.cl\/?p=28533","title":{"rendered":"Marcia Raphael: \u201cA\u00fan existen grandes desaf\u00edos pendientes para mejorar la calidad de vida de las mujeres de Ays\u00e9n\u201d"},"content":{"rendered":"<div class=\"flex_column av_one_full  flex_column_div av-zero-column-padding first  avia-builder-el-0  el_before_av_one_full  avia-builder-el-first  \" style='border-radius:0px; '><div  class='avia-image-container  av-styling-    avia-builder-el-1  avia-builder-el-no-sibling  avia-align-center '  itemprop=\"image\" itemscope=\"itemscope\" itemtype=\"https:\/\/schema.org\/ImageObject\"  ><div class='avia-image-container-inner'><div class='avia-image-overlay-wrap'><img decoding=\"async\" class='wp-image-28535 avia-img-lazy-loading-not-28535 avia_image' src=\"https:\/\/radiorevelacionfm.cl\/wp-content\/uploads\/2023\/03\/dia-de-la-mujer-1-1-1_optimized.jpg\" alt='' title='dia-de-la-mujer-(1)-(1)-(1)_optimized' height=\"600\" width=\"1044\"  itemprop=\"thumbnailUrl\" srcset=\"https:\/\/radiorevelacionfm.cl\/wp-content\/uploads\/2023\/03\/dia-de-la-mujer-1-1-1_optimized.jpg 1044w, https:\/\/radiorevelacionfm.cl\/wp-content\/uploads\/2023\/03\/dia-de-la-mujer-1-1-1_optimized-300x172.jpg 300w, https:\/\/radiorevelacionfm.cl\/wp-content\/uploads\/2023\/03\/dia-de-la-mujer-1-1-1_optimized-1030x592.jpg 1030w, https:\/\/radiorevelacionfm.cl\/wp-content\/uploads\/2023\/03\/dia-de-la-mujer-1-1-1_optimized-768x441.jpg 768w, https:\/\/radiorevelacionfm.cl\/wp-content\/uploads\/2023\/03\/dia-de-la-mujer-1-1-1_optimized-705x405.jpg 705w, https:\/\/radiorevelacionfm.cl\/wp-content\/uploads\/2023\/03\/dia-de-la-mujer-1-1-1_optimized-600x345.jpg 600w\" sizes=\"(max-width: 1044px) 100vw, 1044px\" \/><\/div><\/div><\/div><\/div><div class=\"flex_column av_one_full  flex_column_div av-zero-column-padding first  avia-builder-el-2  el_after_av_one_full  el_before_av_one_full  column-top-margin\" style='border-radius:0px; '><section class=\"av_textblock_section \"  itemscope=\"itemscope\" itemtype=\"https:\/\/schema.org\/BlogPosting\" itemprop=\"blogPost\" ><div class='avia_textblock  '   itemprop=\"text\" ><p style=\"text-align: center;\"><span style=\"font-size: 18pt;\"><strong>Marcia Raphael: \u201cA\u00fan existen grandes desaf\u00edos pendientes para mejorar la calidad de vida de las mujeres de Ays\u00e9n\u201d<\/strong><\/span><\/p>\n<div id=\"gtx-trans\" style=\"position: absolute; left: -50px; top: 4.31534px;\">\n<div class=\"gtx-trans-icon\"><\/div>\n<\/div>\n<\/div><\/section><\/div><div class=\"flex_column av_one_full  flex_column_div av-zero-column-padding first  avia-builder-el-4  el_after_av_one_full  el_before_av_hr  column-top-margin\" style='border-radius:0px; '><section class=\"av_textblock_section \"  itemscope=\"itemscope\" itemtype=\"https:\/\/schema.org\/BlogPosting\" itemprop=\"blogPost\" ><div class='avia_textblock  '   itemprop=\"text\" ><p style=\"text-align: justify;\">En el contexto de la conmemoraci\u00f3n del D\u00eda Internacional de la Mujer, la diputada por la Regi\u00f3n de Ays\u00e9n, Marcia Raphael, env\u00eda\u00a0un cordial saludo y reconocimiento a todas las mujeres de la regi\u00f3n. Sin embargo, para la legisladora de Renovaci\u00f3n Nacional (RN), esta fecha representa tambi\u00e9n una oportunidad para reflexionar sobre los desaf\u00edos a\u00fan pendientes en materia de g\u00e9nero, con el fin de poder enfrentar las desigualdades que todav\u00eda afectan a las mujeres.<\/p>\n<p style=\"text-align: justify;\">Pese a los avances logrados en materia de igualdad de g\u00e9nero, a\u00fan existen barreras que impiden el pleno desarrollo y ejercicio de los derechos de las mujeres en distintos \u00e1mbitos de la sociedad, afirm\u00f3 Raphael.<\/p>\n<p style=\"text-align: justify;\">En este sentido, la diputada de Ays\u00e9n considera que los esfuerzos del gobierno deben estar enfocados principalmente en enfrentar la violencia de g\u00e9nero, la inequidad salarial y el reconocimiento a las labores de cuidado.<\/p>\n<p style=\"text-align: justify;\">Seg\u00fan Raphael, las cifras son preocupantes: \u00abDurante el a\u00f1o 2021, las denuncias por violencia intrafamiliar superaron las 60 mil, lo que significa un aumento en m\u00e1s del 30%. Mientras tanto, las mujeres a\u00fan ganan un 27% menos que los hombres por el mismo trabajo\u00bb. Por ello, la diputada hace un llamado a trabajar en conjunto para abordar estos desaf\u00edos y lograr una sociedad m\u00e1s justa e igualitaria para todas las mujeres.<\/p>\n<p style=\"text-align: justify;\">La diputada lamenta la falta de una agenda concreta en materia de g\u00e9nero por parte del gobierno se\u00f1alando lo siguiente:\u00a0\u201cEsta administraci\u00f3n\u00a0que se autodeclara feminista ha convertido las problem\u00e1ticas que tenemos a\u00fan pendientes las mujeres, en una lucha ideol\u00f3gica, sentenci\u00f3 Raphael.<\/p>\n<\/div><\/section><\/div><div  style='height:50px' class='hr hr-invisible   avia-builder-el-6  el_after_av_one_full  el_before_av_social_share '><span class='hr-inner ' ><span class='hr-inner-style'><\/span><\/span><\/div><\/p>\n<div  class='av-social-sharing-box  avia-builder-el-7  el_after_av_hr  el_before_av_hr  '><div class='av-share-box'><h5 class='av-share-link-description av-no-toc '>Compartir esta noticia<\/h5><ul class='av-share-box-list noLightbox'><li class='av-share-link av-social-link-facebook' ><a target=\"_blank\" aria-label=\"Compartir en Facebook\" href='https:\/\/www.facebook.com\/sharer.php?u=https:\/\/radiorevelacionfm.cl\/?p=28533&#038;t=Marcia%20Raphael%3A%20%E2%80%9CA%C3%BAn%20existen%20grandes%20desaf%C3%ADos%20pendientes%20para%20mejorar%20la%20calidad%20de%20vida%20de%20las%20mujeres%20de%20Ays%C3%A9n%E2%80%9D' aria-hidden='false' data-av_icon='\ue8f3' data-av_iconfont='entypo-fontello' title='' data-avia-related-tooltip='Compartir en Facebook' rel=\"noopener\"><span class='avia_hidden_link_text'>Compartir en Facebook<\/span><\/a><\/li><li class='av-share-link av-social-link-twitter' ><a target=\"_blank\" aria-label=\"Compartir en Twitter\" href='https:\/\/twitter.com\/share?text=Marcia%20Raphael%3A%20%E2%80%9CA%C3%BAn%20existen%20grandes%20desaf%C3%ADos%20pendientes%20para%20mejorar%20la%20calidad%20de%20vida%20de%20las%20mujeres%20de%20Ays%C3%A9n%E2%80%9D&#038;url=https:\/\/radiorevelacionfm.cl\/?p=28533' aria-hidden='false' data-av_icon='\ue8f1' data-av_iconfont='entypo-fontello' title='' data-avia-related-tooltip='Compartir en Twitter' rel=\"noopener\"><span class='avia_hidden_link_text'>Compartir en Twitter<\/span><\/a><\/li><li class='av-share-link av-social-link-whatsapp' ><a target=\"_blank\" aria-label=\"Compartir en Whatsapp\" href='https:\/\/api.whatsapp.com\/send?text=https:\/\/radiorevelacionfm.cl\/?p=28533' aria-hidden='false' data-av_icon='\uf232' data-av_iconfont='entypo-fontello' title='' data-avia-related-tooltip='Compartir en Whatsapp' rel=\"noopener\"><span class='avia_hidden_link_text'>Compartir en Whatsapp<\/span><\/a><\/li><li class='av-share-link av-social-link-linkedin' ><a target=\"_blank\" aria-label=\"Compartir en LinkedIn\" href='https:\/\/linkedin.com\/shareArticle?mini=true&#038;title=Marcia%20Raphael%3A%20%E2%80%9CA%C3%BAn%20existen%20grandes%20desaf%C3%ADos%20pendientes%20para%20mejorar%20la%20calidad%20de%20vida%20de%20las%20mujeres%20de%20Ays%C3%A9n%E2%80%9D&#038;url=https:\/\/radiorevelacionfm.cl\/?p=28533' aria-hidden='false' data-av_icon='\ue8fc' data-av_iconfont='entypo-fontello' title='' data-avia-related-tooltip='Compartir en LinkedIn' rel=\"noopener\"><span class='avia_hidden_link_text'>Compartir en LinkedIn<\/span><\/a><\/li><li class='av-share-link av-social-link-mail' ><a  aria-label=\"Compartir por correo\" href='mailto:?subject=Marcia%20Raphael%3A%20%E2%80%9CA%C3%BAn%20existen%20grandes%20desaf%C3%ADos%20pendientes%20para%20mejorar%20la%20calidad%20de%20vida%20de%20las%20mujeres%20de%20Ays%C3%A9n%E2%80%9D&#038;body=https:\/\/radiorevelacionfm.cl\/?p=28533' aria-hidden='false' data-av_icon='\ue805' data-av_iconfont='entypo-fontello' title='' data-avia-related-tooltip='Compartir por correo'><span class='avia_hidden_link_text'>Compartir por correo<\/span><\/a><\/li><\/ul><\/div><\/div>\n<div  style='height:50px' class='hr hr-invisible   avia-builder-el-8  el_after_av_social_share  el_before_av_comments_list '><span class='hr-inner ' ><span class='hr-inner-style'><\/span><\/span><\/div>\n<div  class='av-buildercomment  av-blog-meta-html-info-disabled av-blog-meta-tag-disabled  '><\/div>\n","protected":false},"excerpt":{"rendered":"","protected":false},"author":1,"featured_media":28535,"comment_status":"open","ping_status":"open","sticky":false,"template":"","format":"standard","meta":{"footnotes":""},"categories":[38],"tags":[],"class_list":["post-28533","post","type-post","status-publish","format-standard","has-post-thumbnail","hentry","category-regional"],"jetpack_featured_media_url":"https:\/\/radiorevelacionfm.cl\/wp-content\/uploads\/2023\/03\/dia-de-la-mujer-1-1-1_optimized.jpg","_links":{"self":[{"href":"https:\/\/radiorevelacionfm.cl\/index.php?rest_route=\/wp\/v2\/posts\/28533","targetHints":{"allow":["GET"]}}],"collection":[{"href":"https:\/\/radiorevelacionfm.cl\/index.php?rest_route=\/wp\/v2\/posts"}],"about":[{"href":"https:\/\/radiorevelacionfm.cl\/index.php?rest_route=\/wp\/v2\/types\/post"}],"author":[{"embeddable":true,"href":"https:\/\/radiorevelacionfm.cl\/index.php?rest_route=\/wp\/v2\/users\/1"}],"replies":[{"embeddable":true,"href":"https:\/\/radiorevelacionfm.cl\/index.php?rest_route=%2Fwp%2Fv2%2Fcomments&post=28533"}],"version-history":[{"count":2,"href":"https:\/\/radiorevelacionfm.cl\/index.php?rest_route=\/wp\/v2\/posts\/28533\/revisions"}],"predecessor-version":[{"id":28563,"href":"https:\/\/radiorevelacionfm.cl\/index.php?rest_route=\/wp\/v2\/posts\/28533\/revisions\/28563"}],"wp:featuredmedia":[{"embeddable":true,"href":"https:\/\/radiorevelacionfm.cl\/index.php?rest_route=\/wp\/v2\/media\/28535"}],"wp:attachment":[{"href":"https:\/\/radiorevelacionfm.cl\/index.php?rest_route=%2Fwp%2Fv2%2Fmedia&parent=28533"}],"wp:term":[{"taxonomy":"category","embeddable":true,"href":"https:\/\/radiorevelacionfm.cl\/index.php?rest_route=%2Fwp%2Fv2%2Fcategories&post=28533"},{"taxonomy":"post_tag","embeddable":true,"href":"https:\/\/radiorevelacionfm.cl\/index.php?rest_route=%2Fwp%2Fv2%2Ftags&post=28533"}],"curies":[{"name":"wp","href":"https:\/\/api.w.org\/{rel}","templated":true}]}}