{"id":28523,"date":"2023-03-08T12:35:19","date_gmt":"2023-03-08T15:35:19","guid":{"rendered":"https:\/\/radiorevelacionfm.cl\/?p=28523"},"modified":"2023-03-08T12:38:56","modified_gmt":"2023-03-08T15:38:56","slug":"seremi-de-ciencias-cerrar-la-brecha-de-genero-en-ciencias-es-una-de-nuestras-prioridades","status":"publish","type":"post","link":"https:\/\/radiorevelacionfm.cl\/?p=28523","title":{"rendered":"Seremi de Ciencias: \u00abCerrar la brecha de g\u00e9nero en ciencias es una de nuestras prioridades\u00bb"},"content":{"rendered":"<div class=\"flex_column av_one_full  flex_column_div av-zero-column-padding first  avia-builder-el-0  el_before_av_one_full  avia-builder-el-first  \" style='border-radius:0px; '><div  class='avia-image-container  av-styling-    avia-builder-el-1  avia-builder-el-no-sibling  avia-align-center '  itemprop=\"image\" itemscope=\"itemscope\" itemtype=\"https:\/\/schema.org\/ImageObject\"  ><div class='avia-image-container-inner'><div class='avia-image-overlay-wrap'><img decoding=\"async\" class='wp-image-28524 avia-img-lazy-loading-not-28524 avia_image' src=\"https:\/\/radiorevelacionfm.cl\/wp-content\/uploads\/2023\/03\/veronica-vallejos-1_optimized-1.jpeg\" alt='' title='ver\u00f3nica-vallejos-(1)_optimized (1)' height=\"600\" width=\"1165\"  itemprop=\"thumbnailUrl\" srcset=\"https:\/\/radiorevelacionfm.cl\/wp-content\/uploads\/2023\/03\/veronica-vallejos-1_optimized-1.jpeg 1165w, https:\/\/radiorevelacionfm.cl\/wp-content\/uploads\/2023\/03\/veronica-vallejos-1_optimized-1-300x155.jpeg 300w, https:\/\/radiorevelacionfm.cl\/wp-content\/uploads\/2023\/03\/veronica-vallejos-1_optimized-1-1030x530.jpeg 1030w, https:\/\/radiorevelacionfm.cl\/wp-content\/uploads\/2023\/03\/veronica-vallejos-1_optimized-1-768x396.jpeg 768w, https:\/\/radiorevelacionfm.cl\/wp-content\/uploads\/2023\/03\/veronica-vallejos-1_optimized-1-705x363.jpeg 705w, https:\/\/radiorevelacionfm.cl\/wp-content\/uploads\/2023\/03\/veronica-vallejos-1_optimized-1-600x309.jpeg 600w\" sizes=\"(max-width: 1165px) 100vw, 1165px\" \/><\/div><\/div><\/div><\/div>\n<div class=\"flex_column av_one_full  flex_column_div av-zero-column-padding first  avia-builder-el-2  el_after_av_one_full  el_before_av_one_full  column-top-margin\" style='border-radius:0px; '><section class=\"av_textblock_section \"  itemscope=\"itemscope\" itemtype=\"https:\/\/schema.org\/BlogPosting\" itemprop=\"blogPost\" ><div class='avia_textblock  '   itemprop=\"text\" ><p class=\"v1MsoNormal\" style=\"text-align: center;\"><strong><span style=\"font-size: 18pt;\"><span lang=\"es\">Seremi de Ciencias: <\/span><span lang=\"es\">\u00abCerrar la brecha de g\u00e9nero en ciencias es una de nuestras prioridades\u00bb<\/span><\/span><\/strong><\/p>\n<div id=\"gtx-trans\" style=\"position: absolute; left: -50px; top: 4.31534px;\">\n<div class=\"gtx-trans-icon\"><\/div>\n<\/div>\n<\/div><\/section><\/div>\n<div class=\"flex_column av_one_full  flex_column_div av-zero-column-padding first  avia-builder-el-4  el_after_av_one_full  el_before_av_hr  column-top-margin\" style='border-radius:0px; '><section class=\"av_textblock_section \"  itemscope=\"itemscope\" itemtype=\"https:\/\/schema.org\/BlogPosting\" itemprop=\"blogPost\" ><div class='avia_textblock  '   itemprop=\"text\" ><p style=\"text-align: justify;\"><i><span lang=\"es\">Hace algunos d\u00edas se dieron a conocer los resultados del concurso de Becas de Doctorado Nacional 2023, que adjudic\u00f3 900 becas de manera paritaria, un nuevo paso para disminuir la brecha en el \u00e1mbito de la formaci\u00f3n de futuras y futuros doctores.<\/span><\/i><\/p>\n<p class=\"v1MsoNormal\" style=\"text-align: justify;\"><span lang=\"es\">El Ministerio de Ciencia, Tecnolog\u00eda, Conocimiento e Innovaci\u00f3n (CTCI) junto a la Agencia Nacional de Investigaci\u00f3n y Desarrollo (ANID), presentaron los resultados del concurso de Becas de Doctorado Nacional 2023 donde, por primera vez, 450 mujeres y 450 hombres podr\u00e1n cursar estudios en programas acreditados, impartidos por universidades chilenas, en distintas \u00e1reas del conocimiento.<\/span><\/p>\n<p class=\"v1MsoNormal\" style=\"text-align: justify;\"><span lang=\"es\">La seremi de Ciencia, Ver\u00f3nica Vallejos, explic\u00f3 que en el pregrado la matr\u00edcula de mujeres es del 54%, pero cuando se avanza en la especializaci\u00f3n, va disminuyendo en comparaci\u00f3n con los hombres. \u00abVamos perdiendo mujeres en el camino, lo podemos notar en las matr\u00edculas de doctorado (43%). Por eso esta medida de paridad es importante, ya que nos acerca a una igualdad en lo que a g\u00e9nero se refiere. Este es solo un paso porque, adem\u00e1s del incremento en el ingreso, queremos que las mujeres se mantengan en la carrera acad\u00e9mica\u00bb.<\/span><\/p>\n<p class=\"v1MsoNormal\" style=\"text-align: justify;\"><span lang=\"es\">Destac\u00f3 que este tipo de acciones van en l\u00ednea con el mandato del Presidente Boric de avanzar en esta materia. \u00abComo ministerio se est\u00e1n ejecutando acciones concretas para asegurar y potenciar el acceso a la formaci\u00f3n y la educaci\u00f3n permanente en las diversas \u00e1reas del conocimiento. Sabemos que lograr la igualdad es posible, pero a\u00fan nos queda un camino muy largo por recorrer\u00bb.<\/span><\/p>\n<p class=\"v1MsoNormal\" style=\"text-align: justify;\"><span lang=\"es\">La autoridad regional coment\u00f3 que se est\u00e1 impulsando en el Congreso Nacional una moci\u00f3n parlamentaria que permitir\u00e1 avanzar en paridad de g\u00e9nero en proyectos de investigaci\u00f3n y otorgamiento de becas en \u00e1reas de ciencias, tecnolog\u00eda, ingenier\u00edas y matem\u00e1ticas, financiados por el MinCiencia mediante la Agencia Nacional de Investigaci\u00f3n y Desarrollo (ANID). El 11 de enero se aprob\u00f3 el proyecto en la Comisi\u00f3n Futuro y CTCI de la C\u00e1mara de Diputadas y Diputados, por lo que avanz\u00f3 a la Sala, donde est\u00e1 siendo discutido.<\/span><\/p>\n<p class=\"v1MsoNormal\" style=\"text-align: justify;\"><span lang=\"es\">Adem\u00e1s, se ha seguido avanzando con otras medidas, ya que conform\u00f3 una mesa de trabajo interna, en la que participan funcionarias y funcionarios de la instituci\u00f3n para estudiar, revisar y proponer actualizaciones a la Pol\u00edtica Nacional de Igualdad de G\u00e9nero en CTCI y, al mismo tiempo, analizar y proponer nuevas acciones orientadas a fortalecer su Plan de Acci\u00f3n.<\/span><\/p>\n<p class=\"v1MsoNormal\" style=\"text-align: justify;\"><span lang=\"es\">En el marco del plan \u00abChile Para Todas\u00bb del Gobierno, se est\u00e1 realizando la segunda versi\u00f3n del Programa de Liderazgo Feminista (LiFem), que busca desarrollar la carrera de las mujeres que son parte del ecosistema CTCI para que puedan avanzar y ocupar posiciones de liderazgo en instituciones de educaci\u00f3n superior, centros de investigaci\u00f3n y cargos de nombramiento p\u00fablico. \u00abEste programa, ejecutado por el ministerio, se dirige a conformar una Red de Mentoras que integre el enfoque feminista, orientado a la participaci\u00f3n de mujeres asociadas a investigaciones dentro de las \u00e1reas de ciencias sociales, artes y humanidades, principalmente, considerando una mirada regional descentralizadora, potenciando la colaboraci\u00f3n y la solidaridad entre pares por sobre la competencia, el respeto a la diversidad y a los derechos humanos\u00bb, explic\u00f3 Vallejos.<\/span><\/p>\n<p class=\"v1MsoNormal\" style=\"text-align: justify;\"><span lang=\"es\">Por \u00faltimo, se ha re-articulado el Consejo Asesor de G\u00e9nero, con el objetivo de asesorar a la subsecretar\u00eda de la cartera en el dise\u00f1o, implementaci\u00f3n y seguimiento de la Pol\u00edtica de G\u00e9nero ministerial, enfocada en la construcci\u00f3n de un sistema nacional de producci\u00f3n de conocimiento m\u00e1s justo e igualitario.<\/span><\/p>\n<p class=\"v1MsoNormal\" style=\"text-align: justify;\"><b><span lang=\"es\">Iniciativas en la Macrozona<\/span><\/b><\/p>\n<p class=\"v1MsoNormal\" style=\"text-align: justify;\"><span lang=\"es\">A las medidas ministeriales antes mencionadas, se suman las acciones que como macrozona se han llevado a cabo -y algunas que a\u00fan se est\u00e1n ejecutando- en las regiones de Ays\u00e9n y de Magallanes y de la Ant\u00e1rtica Chilena. Entre estas destacan:<\/span><\/p>\n<p class=\"v1MsoNormal\" style=\"text-align: justify;\"><span lang=\"es\">#MujeresEnTerreno.<\/span><span lang=\"es\">\u00a0Existe una brecha hist\u00f3rica en las \u00e1reas STEM. Este 2023, del total de becas de doctorado en Ingenier\u00eda y Tecnolog\u00eda las mujeres se adjudicaron el 28%, mientras que los hombres alcanzan el 72%. La campa\u00f1a audiovisual busca revertir esa situaci\u00f3n, incentivando a las nuevas generaciones de ni\u00f1as y adolescentes a seguir carreras cient\u00edficas gracias a la experiencia de mujeres que hacen ciencia en terreno. Los videos son publicados en las redes\u00a0de la seremi de Ciencia: Instagram\u00a0<\/span><span lang=\"es\"><a href=\"https:\/\/www.instagram.com\/seremicienciaaustral\/\" target=\"_blank\" rel=\"noopener noreferrer\">seremicienciaaustral<\/a><\/span><span lang=\"es\">\u00a0y Twitter\u00a0<\/span><span lang=\"es\"><a href=\"https:\/\/twitter.com\/SeremiCienciaAu\" target=\"_blank\" rel=\"noopener noreferrer\">@SeremiCienciaAu<\/a><\/span><span lang=\"es\">. Adem\u00e1s, se realizar\u00e1n conversatorios en establecimientos educacionales donde las protagonistas podr\u00e1n contar su experiencia directamente a las estudiantes. La campa\u00f1a se mantendr\u00e1 durante todo el a\u00f1o.<\/span><\/p>\n<p class=\"v1MsoNormal\" style=\"text-align: justify;\"><span lang=\"es\">Mesa de G\u00e9nero Macrozonal:\u00a0<\/span><span lang=\"es\">Compuesta por un equipo diverso, que re\u00fane a 14 investigadoras y profesionales de las instituciones generadoras de conocimiento de las regiones de Ays\u00e9n y de Magallanes y de la Ant\u00e1rtica Chilena, incluyendo a expertas en este tema. La tarea de la mesa es levantar necesidades, colaborar, proponer y crear iniciativas que permitan avanzar en la igualdad en la Macrozona Austral, disminuyendo las brechas de g\u00e9nero identificadas por las y los participantes para sus propias instituciones.<\/span><\/p>\n<p class=\"v1MsoNormal\" style=\"text-align: justify;\"><span lang=\"es\">Seminario \u00abAlfabetizaci\u00f3n en G\u00e9nero y Pol\u00edticas de Educaci\u00f3n Superior e Investigaci\u00f3n\u00bb:\u00a0<\/span><span lang=\"es\">Realizado en diciembre del 2022, \u00e9ste abord\u00f3 la importancia de la formaci\u00f3n en perspectivas de g\u00e9nero para la investigaci\u00f3n y toma de decisiones institucionales, identificando y explicando sus efectos en la normativa, las consecuencias y su impacto en la investigaci\u00f3n y en el dise\u00f1o de pol\u00edticas p\u00fablicas.\u00a0<\/span><\/p>\n<\/div><\/section><\/div><div  style='height:50px' class='hr hr-invisible   avia-builder-el-6  el_after_av_one_full  el_before_av_social_share '><span class='hr-inner ' ><span class='hr-inner-style'><\/span><\/span><\/div><\/p>\n<div  class='av-social-sharing-box  avia-builder-el-7  el_after_av_hr  el_before_av_hr  '><div class='av-share-box'><h5 class='av-share-link-description av-no-toc '>Compartir esta noticia<\/h5><ul class='av-share-box-list noLightbox'><li class='av-share-link av-social-link-facebook' ><a target=\"_blank\" aria-label=\"Compartir en Facebook\" href='https:\/\/www.facebook.com\/sharer.php?u=https:\/\/radiorevelacionfm.cl\/?p=28523&#038;t=Seremi%20de%20Ciencias%3A%20%C2%ABCerrar%20la%20brecha%20de%20g%C3%A9nero%20en%20ciencias%20es%20una%20de%20nuestras%20prioridades%C2%BB' aria-hidden='false' data-av_icon='\ue8f3' data-av_iconfont='entypo-fontello' title='' data-avia-related-tooltip='Compartir en Facebook' rel=\"noopener\"><span class='avia_hidden_link_text'>Compartir en Facebook<\/span><\/a><\/li><li class='av-share-link av-social-link-twitter' ><a target=\"_blank\" aria-label=\"Compartir en Twitter\" href='https:\/\/twitter.com\/share?text=Seremi%20de%20Ciencias%3A%20%C2%ABCerrar%20la%20brecha%20de%20g%C3%A9nero%20en%20ciencias%20es%20una%20de%20nuestras%20prioridades%C2%BB&#038;url=https:\/\/radiorevelacionfm.cl\/?p=28523' aria-hidden='false' data-av_icon='\ue8f1' data-av_iconfont='entypo-fontello' title='' data-avia-related-tooltip='Compartir en Twitter' rel=\"noopener\"><span class='avia_hidden_link_text'>Compartir en Twitter<\/span><\/a><\/li><li class='av-share-link av-social-link-whatsapp' ><a target=\"_blank\" aria-label=\"Compartir en Whatsapp\" href='https:\/\/api.whatsapp.com\/send?text=https:\/\/radiorevelacionfm.cl\/?p=28523' aria-hidden='false' data-av_icon='\uf232' data-av_iconfont='entypo-fontello' title='' data-avia-related-tooltip='Compartir en Whatsapp' rel=\"noopener\"><span class='avia_hidden_link_text'>Compartir en Whatsapp<\/span><\/a><\/li><li class='av-share-link av-social-link-linkedin' ><a target=\"_blank\" aria-label=\"Compartir en LinkedIn\" href='https:\/\/linkedin.com\/shareArticle?mini=true&#038;title=Seremi%20de%20Ciencias%3A%20%C2%ABCerrar%20la%20brecha%20de%20g%C3%A9nero%20en%20ciencias%20es%20una%20de%20nuestras%20prioridades%C2%BB&#038;url=https:\/\/radiorevelacionfm.cl\/?p=28523' aria-hidden='false' data-av_icon='\ue8fc' data-av_iconfont='entypo-fontello' title='' data-avia-related-tooltip='Compartir en LinkedIn' rel=\"noopener\"><span class='avia_hidden_link_text'>Compartir en LinkedIn<\/span><\/a><\/li><li class='av-share-link av-social-link-mail' ><a  aria-label=\"Compartir por correo\" href='mailto:?subject=Seremi%20de%20Ciencias%3A%20%C2%ABCerrar%20la%20brecha%20de%20g%C3%A9nero%20en%20ciencias%20es%20una%20de%20nuestras%20prioridades%C2%BB&#038;body=https:\/\/radiorevelacionfm.cl\/?p=28523' aria-hidden='false' data-av_icon='\ue805' data-av_iconfont='entypo-fontello' title='' data-avia-related-tooltip='Compartir por correo'><span class='avia_hidden_link_text'>Compartir por correo<\/span><\/a><\/li><\/ul><\/div><\/div>\n<div  style='height:50px' class='hr hr-invisible   avia-builder-el-8  el_after_av_social_share  el_before_av_comments_list '><span class='hr-inner ' ><span class='hr-inner-style'><\/span><\/span><\/div>\n<div  class='av-buildercomment  av-blog-meta-html-info-disabled av-blog-meta-tag-disabled  '><\/div>\n","protected":false},"excerpt":{"rendered":"","protected":false},"author":1,"featured_media":28524,"comment_status":"open","ping_status":"open","sticky":false,"template":"","format":"standard","meta":{"footnotes":""},"categories":[53],"tags":[],"class_list":["post-28523","post","type-post","status-publish","format-standard","has-post-thumbnail","hentry","category-ciencia"],"jetpack_featured_media_url":"https:\/\/radiorevelacionfm.cl\/wp-content\/uploads\/2023\/03\/veronica-vallejos-1_optimized-1.jpeg","_links":{"self":[{"href":"https:\/\/radiorevelacionfm.cl\/index.php?rest_route=\/wp\/v2\/posts\/28523","targetHints":{"allow":["GET"]}}],"collection":[{"href":"https:\/\/radiorevelacionfm.cl\/index.php?rest_route=\/wp\/v2\/posts"}],"about":[{"href":"https:\/\/radiorevelacionfm.cl\/index.php?rest_route=\/wp\/v2\/types\/post"}],"author":[{"embeddable":true,"href":"https:\/\/radiorevelacionfm.cl\/index.php?rest_route=\/wp\/v2\/users\/1"}],"replies":[{"embeddable":true,"href":"https:\/\/radiorevelacionfm.cl\/index.php?rest_route=%2Fwp%2Fv2%2Fcomments&post=28523"}],"version-history":[{"count":3,"href":"https:\/\/radiorevelacionfm.cl\/index.php?rest_route=\/wp\/v2\/posts\/28523\/revisions"}],"predecessor-version":[{"id":28577,"href":"https:\/\/radiorevelacionfm.cl\/index.php?rest_route=\/wp\/v2\/posts\/28523\/revisions\/28577"}],"wp:featuredmedia":[{"embeddable":true,"href":"https:\/\/radiorevelacionfm.cl\/index.php?rest_route=\/wp\/v2\/media\/28524"}],"wp:attachment":[{"href":"https:\/\/radiorevelacionfm.cl\/index.php?rest_route=%2Fwp%2Fv2%2Fmedia&parent=28523"}],"wp:term":[{"taxonomy":"category","embeddable":true,"href":"https:\/\/radiorevelacionfm.cl\/index.php?rest_route=%2Fwp%2Fv2%2Fcategories&post=28523"},{"taxonomy":"post_tag","embeddable":true,"href":"https:\/\/radiorevelacionfm.cl\/index.php?rest_route=%2Fwp%2Fv2%2Ftags&post=28523"}],"curies":[{"name":"wp","href":"https:\/\/api.w.org\/{rel}","templated":true}]}}