{"id":28520,"date":"2023-03-07T15:04:54","date_gmt":"2023-03-07T18:04:54","guid":{"rendered":"https:\/\/radiorevelacionfm.cl\/?p=28520"},"modified":"2023-03-07T15:04:54","modified_gmt":"2023-03-07T18:04:54","slug":"realizan-coordinaciones-entre-sector-trabajo-y-salud-para-abordar-temas-en-conjunto-con-mirada-regional","status":"publish","type":"post","link":"https:\/\/radiorevelacionfm.cl\/?p=28520","title":{"rendered":"Realizan coordinaciones entre sector Trabajo y Salud para abordar temas en conjunto con mirada regional"},"content":{"rendered":"<div class=\"flex_column av_one_full  flex_column_div av-zero-column-padding first  avia-builder-el-0  el_before_av_one_full  avia-builder-el-first  \" style='border-radius:0px; '><div  class='avia-image-container  av-styling-    avia-builder-el-1  avia-builder-el-no-sibling  avia-align-center '  itemprop=\"image\" itemscope=\"itemscope\" itemtype=\"https:\/\/schema.org\/ImageObject\"  ><div class='avia-image-container-inner'><div class='avia-image-overlay-wrap'><img decoding=\"async\" class='wp-image-28521 avia-img-lazy-loading-not-28521 avia_image' src=\"https:\/\/radiorevelacionfm.cl\/wp-content\/uploads\/2023\/03\/Coordinaciones-Trabajo-y-Salud-6-1-1.jpg\" alt='' title='Coordinaciones Trabajo y Salud (6) (1) (1)' height=\"600\" width=\"1132\"  itemprop=\"thumbnailUrl\" srcset=\"https:\/\/radiorevelacionfm.cl\/wp-content\/uploads\/2023\/03\/Coordinaciones-Trabajo-y-Salud-6-1-1.jpg 1132w, https:\/\/radiorevelacionfm.cl\/wp-content\/uploads\/2023\/03\/Coordinaciones-Trabajo-y-Salud-6-1-1-300x159.jpg 300w, https:\/\/radiorevelacionfm.cl\/wp-content\/uploads\/2023\/03\/Coordinaciones-Trabajo-y-Salud-6-1-1-1030x546.jpg 1030w, https:\/\/radiorevelacionfm.cl\/wp-content\/uploads\/2023\/03\/Coordinaciones-Trabajo-y-Salud-6-1-1-768x407.jpg 768w, https:\/\/radiorevelacionfm.cl\/wp-content\/uploads\/2023\/03\/Coordinaciones-Trabajo-y-Salud-6-1-1-710x375.jpg 710w, https:\/\/radiorevelacionfm.cl\/wp-content\/uploads\/2023\/03\/Coordinaciones-Trabajo-y-Salud-6-1-1-705x374.jpg 705w, https:\/\/radiorevelacionfm.cl\/wp-content\/uploads\/2023\/03\/Coordinaciones-Trabajo-y-Salud-6-1-1-600x318.jpg 600w\" sizes=\"(max-width: 1132px) 100vw, 1132px\" \/><\/div><\/div><\/div><\/div><div class=\"flex_column av_one_full  flex_column_div av-zero-column-padding first  avia-builder-el-2  el_after_av_one_full  el_before_av_one_full  column-top-margin\" style='border-radius:0px; '><section class=\"av_textblock_section \"  itemscope=\"itemscope\" itemtype=\"https:\/\/schema.org\/BlogPosting\" itemprop=\"blogPost\" ><div class='avia_textblock  '   itemprop=\"text\" ><p style=\"text-align: center;\"><span style=\"font-size: 18pt;\"><strong>Realizan coordinaciones entre sector Trabajo y Salud para abordar temas en conjunto con mirada regional<\/strong><\/span><\/p>\n<div id=\"gtx-trans\" style=\"position: absolute; left: -50px; top: 4.31534px;\">\n<div class=\"gtx-trans-icon\"><\/div>\n<\/div>\n<\/div><\/section><\/div><div class=\"flex_column av_one_full  flex_column_div av-zero-column-padding first  avia-builder-el-4  el_after_av_one_full  el_before_av_hr  column-top-margin\" style='border-radius:0px; '><section class=\"av_textblock_section \"  itemscope=\"itemscope\" itemtype=\"https:\/\/schema.org\/BlogPosting\" itemprop=\"blogPost\" ><div class='avia_textblock  '   itemprop=\"text\" ><p style=\"text-align: justify;\">Con el prop\u00f3sito de aunar criterios y proyectar un trabajo en conjunto en diversas \u00e1reas con una impronta regional, con miras a resguardar la salud de las y los trabajadores, se reunieron los Seremis de Salud, Carmen Monsalve y de Trabajo y Previsi\u00f3n Social, Rodrigo D\u00edaz, con el director regional(s) de la Direcci\u00f3n del Trabajo (DT), Christian Aros, directora regional(s) y jefe de \u00e1rea de prevenci\u00f3n del Instituto de Seguridad Laboral (ISL), Mery Fontecha y Gonzalo Soto, adem\u00e1s de profesionales de la Unidad de Salud Ocupacional y su encargada, Yeisy Leal.<\/p>\n<p style=\"text-align: justify;\">El Seremi de Trabajo y Previsi\u00f3n Social, Rodrigo D\u00edaz, coment\u00f3 el objetivo de la actividad, \u201cNos reunimos con la Seremi de Salud y su equipo, acompa\u00f1ados por el Director regional del Trabajo y la Directora regional del Instituto de Seguridad Laboral, -que es la mutualidad del Estado-, con el fin de poder realizar un trabajo colaborativo y en com\u00fan, reconociendo las particularidades de la regi\u00f3n y de llegar coordinados a los ambientes de Trabajo, donde nos conjugamos en los mismos espacios con Salud, de tal manera de poder hacer intervenciones coordinadas, pudiendo as\u00ed proteger el desempe\u00f1o de los trabajadores en el ambiente marino, pesca, acuicultura, pero tambi\u00e9n lo que tiene que ver con las labores agr\u00edcolas o de distintos \u00e1mbitos. Esto es muy importante, porque, reitero, nos permite llegar de manera coordinada y eficiente para poder resguardar la salud de nuestros trabajadores y trabajadoras\u201d, manifest\u00f3.<\/p>\n<p style=\"text-align: justify;\">En esta misma l\u00ednea, la Seremi de Salud, Carmen Monsalve, mencion\u00f3, \u201cDentro de las m\u00faltiples funciones que tiene la autoridad sanitaria est\u00e1 resguardar la salud ocupacional de los trabajadores en sus lugares de trabajo, y es por eso que hemos realizado una reuni\u00f3n de colaboraci\u00f3n y de coordinaci\u00f3n con el Seremi del Trabajo, la Direcci\u00f3n del Trabajo y el Instituto de Seguridad Laboral, a fin de poder definir l\u00edneas estrat\u00e9gicas de trabajo prioritarias para nuestra regi\u00f3n, teniendo en consideraci\u00f3n la casu\u00edstica, la ocurrencia de accidentes graves o fatales en los lugares de trabajo y otras circunstancias que podemos ir revisando de manera preventiva y fortaleciendo, por supuesto, las acciones de fiscalizaci\u00f3n\u201d, coment\u00f3.<\/p>\n<p style=\"text-align: justify;\">En la instancia se revisaron tem\u00e1ticas donde hay un cruce de informaci\u00f3n y de competencias de estas instituciones en los \u00e1mbitos de salud y trabajo, en las cuales se quiere dar un sello regional, tales como fiscalizaciones, labores preventivas \u2013 donde se plantearon capacitaciones y organizaciones de seminarios- , revisi\u00f3n de labores de riesgos como la que realizan los buzos, la actualizaci\u00f3n de la Pol\u00edtica Nacional de Salud y Seguridad en el Trabajo, entre otros, proyectando una coordinaci\u00f3n a lo largo del a\u00f1o entre los servicios, teniendo en consideraci\u00f3n las particularidad de nuestra Regi\u00f3n de Ays\u00e9n.<\/p>\n<\/div><\/section><\/div><div  style='height:50px' class='hr hr-invisible   avia-builder-el-6  el_after_av_one_full  el_before_av_social_share '><span class='hr-inner ' ><span class='hr-inner-style'><\/span><\/span><\/div><\/p>\n<div  class='av-social-sharing-box  avia-builder-el-7  el_after_av_hr  el_before_av_hr  '><div class='av-share-box'><h5 class='av-share-link-description av-no-toc '>Compartir esta noticia<\/h5><ul class='av-share-box-list noLightbox'><li class='av-share-link av-social-link-facebook' ><a target=\"_blank\" aria-label=\"Compartir en Facebook\" href='https:\/\/www.facebook.com\/sharer.php?u=https:\/\/radiorevelacionfm.cl\/?p=28520&#038;t=Realizan%20coordinaciones%20entre%20sector%20Trabajo%20y%20Salud%20para%20abordar%20temas%20en%20conjunto%20con%20mirada%20regional' aria-hidden='false' data-av_icon='\ue8f3' data-av_iconfont='entypo-fontello' title='' data-avia-related-tooltip='Compartir en Facebook' rel=\"noopener\"><span class='avia_hidden_link_text'>Compartir en Facebook<\/span><\/a><\/li><li class='av-share-link av-social-link-twitter' ><a target=\"_blank\" aria-label=\"Compartir en Twitter\" href='https:\/\/twitter.com\/share?text=Realizan%20coordinaciones%20entre%20sector%20Trabajo%20y%20Salud%20para%20abordar%20temas%20en%20conjunto%20con%20mirada%20regional&#038;url=https:\/\/radiorevelacionfm.cl\/?p=28520' aria-hidden='false' data-av_icon='\ue8f1' data-av_iconfont='entypo-fontello' title='' data-avia-related-tooltip='Compartir en Twitter' rel=\"noopener\"><span class='avia_hidden_link_text'>Compartir en Twitter<\/span><\/a><\/li><li class='av-share-link av-social-link-whatsapp' ><a target=\"_blank\" aria-label=\"Compartir en Whatsapp\" href='https:\/\/api.whatsapp.com\/send?text=https:\/\/radiorevelacionfm.cl\/?p=28520' aria-hidden='false' data-av_icon='\uf232' data-av_iconfont='entypo-fontello' title='' data-avia-related-tooltip='Compartir en Whatsapp' rel=\"noopener\"><span class='avia_hidden_link_text'>Compartir en Whatsapp<\/span><\/a><\/li><li class='av-share-link av-social-link-linkedin' ><a target=\"_blank\" aria-label=\"Compartir en LinkedIn\" href='https:\/\/linkedin.com\/shareArticle?mini=true&#038;title=Realizan%20coordinaciones%20entre%20sector%20Trabajo%20y%20Salud%20para%20abordar%20temas%20en%20conjunto%20con%20mirada%20regional&#038;url=https:\/\/radiorevelacionfm.cl\/?p=28520' aria-hidden='false' data-av_icon='\ue8fc' data-av_iconfont='entypo-fontello' title='' data-avia-related-tooltip='Compartir en LinkedIn' rel=\"noopener\"><span class='avia_hidden_link_text'>Compartir en LinkedIn<\/span><\/a><\/li><li class='av-share-link av-social-link-mail' ><a  aria-label=\"Compartir por correo\" href='mailto:?subject=Realizan%20coordinaciones%20entre%20sector%20Trabajo%20y%20Salud%20para%20abordar%20temas%20en%20conjunto%20con%20mirada%20regional&#038;body=https:\/\/radiorevelacionfm.cl\/?p=28520' aria-hidden='false' data-av_icon='\ue805' data-av_iconfont='entypo-fontello' title='' data-avia-related-tooltip='Compartir por correo'><span class='avia_hidden_link_text'>Compartir por correo<\/span><\/a><\/li><\/ul><\/div><\/div>\n<div  style='height:50px' class='hr hr-invisible   avia-builder-el-8  el_after_av_social_share  el_before_av_comments_list '><span class='hr-inner ' ><span class='hr-inner-style'><\/span><\/span><\/div>\n<div  class='av-buildercomment  av-blog-meta-html-info-disabled av-blog-meta-tag-disabled  '><\/div>\n","protected":false},"excerpt":{"rendered":"","protected":false},"author":1,"featured_media":28521,"comment_status":"open","ping_status":"open","sticky":false,"template":"","format":"standard","meta":{"footnotes":""},"categories":[38],"tags":[],"class_list":["post-28520","post","type-post","status-publish","format-standard","has-post-thumbnail","hentry","category-regional"],"jetpack_featured_media_url":"https:\/\/radiorevelacionfm.cl\/wp-content\/uploads\/2023\/03\/Coordinaciones-Trabajo-y-Salud-6-1-1.jpg","_links":{"self":[{"href":"https:\/\/radiorevelacionfm.cl\/index.php?rest_route=\/wp\/v2\/posts\/28520","targetHints":{"allow":["GET"]}}],"collection":[{"href":"https:\/\/radiorevelacionfm.cl\/index.php?rest_route=\/wp\/v2\/posts"}],"about":[{"href":"https:\/\/radiorevelacionfm.cl\/index.php?rest_route=\/wp\/v2\/types\/post"}],"author":[{"embeddable":true,"href":"https:\/\/radiorevelacionfm.cl\/index.php?rest_route=\/wp\/v2\/users\/1"}],"replies":[{"embeddable":true,"href":"https:\/\/radiorevelacionfm.cl\/index.php?rest_route=%2Fwp%2Fv2%2Fcomments&post=28520"}],"version-history":[{"count":2,"href":"https:\/\/radiorevelacionfm.cl\/index.php?rest_route=\/wp\/v2\/posts\/28520\/revisions"}],"predecessor-version":[{"id":28529,"href":"https:\/\/radiorevelacionfm.cl\/index.php?rest_route=\/wp\/v2\/posts\/28520\/revisions\/28529"}],"wp:featuredmedia":[{"embeddable":true,"href":"https:\/\/radiorevelacionfm.cl\/index.php?rest_route=\/wp\/v2\/media\/28521"}],"wp:attachment":[{"href":"https:\/\/radiorevelacionfm.cl\/index.php?rest_route=%2Fwp%2Fv2%2Fmedia&parent=28520"}],"wp:term":[{"taxonomy":"category","embeddable":true,"href":"https:\/\/radiorevelacionfm.cl\/index.php?rest_route=%2Fwp%2Fv2%2Fcategories&post=28520"},{"taxonomy":"post_tag","embeddable":true,"href":"https:\/\/radiorevelacionfm.cl\/index.php?rest_route=%2Fwp%2Fv2%2Ftags&post=28520"}],"curies":[{"name":"wp","href":"https:\/\/api.w.org\/{rel}","templated":true}]}}