{"id":28515,"date":"2023-03-07T09:56:37","date_gmt":"2023-03-07T12:56:37","guid":{"rendered":"https:\/\/radiorevelacionfm.cl\/?p=28515"},"modified":"2023-03-07T09:56:37","modified_gmt":"2023-03-07T12:56:37","slug":"realizan-desalojo-de-una-ocupacion-ilegal-en-terreno-fiscal-en-cochrane","status":"publish","type":"post","link":"https:\/\/radiorevelacionfm.cl\/?p=28515","title":{"rendered":"Realizan desalojo de una ocupaci\u00f3n ilegal en terreno fiscal en Cochrane"},"content":{"rendered":"<div class=\"flex_column av_one_full  flex_column_div av-zero-column-padding first  avia-builder-el-0  el_before_av_one_full  avia-builder-el-first  \" style='border-radius:0px; '><div  class='avia-image-container  av-styling-    avia-builder-el-1  avia-builder-el-no-sibling  avia-align-center '  itemprop=\"image\" itemscope=\"itemscope\" itemtype=\"https:\/\/schema.org\/ImageObject\"  ><div class='avia-image-container-inner'><div class='avia-image-overlay-wrap'><img decoding=\"async\" class='wp-image-28516 avia-img-lazy-loading-not-28516 avia_image' src=\"https:\/\/radiorevelacionfm.cl\/wp-content\/uploads\/2023\/03\/9-17-1_optimized-1.jpg\" alt='' title='9-(17)-(1)_optimized (1)' height=\"600\" width=\"779\"  itemprop=\"thumbnailUrl\" srcset=\"https:\/\/radiorevelacionfm.cl\/wp-content\/uploads\/2023\/03\/9-17-1_optimized-1.jpg 779w, https:\/\/radiorevelacionfm.cl\/wp-content\/uploads\/2023\/03\/9-17-1_optimized-1-300x231.jpg 300w, https:\/\/radiorevelacionfm.cl\/wp-content\/uploads\/2023\/03\/9-17-1_optimized-1-768x592.jpg 768w, https:\/\/radiorevelacionfm.cl\/wp-content\/uploads\/2023\/03\/9-17-1_optimized-1-705x543.jpg 705w, https:\/\/radiorevelacionfm.cl\/wp-content\/uploads\/2023\/03\/9-17-1_optimized-1-600x462.jpg 600w\" sizes=\"(max-width: 779px) 100vw, 779px\" \/><\/div><\/div><\/div><\/div><div class=\"flex_column av_one_full  flex_column_div av-zero-column-padding first  avia-builder-el-2  el_after_av_one_full  el_before_av_one_full  column-top-margin\" style='border-radius:0px; '><section class=\"av_textblock_section \"  itemscope=\"itemscope\" itemtype=\"https:\/\/schema.org\/BlogPosting\" itemprop=\"blogPost\" ><div class='avia_textblock  '   itemprop=\"text\" ><p style=\"text-align: center;\"><strong><span style=\"font-size: 18pt;\">Realizan desalojo de una ocupaci\u00f3n ilegal en terreno fiscal en Cochrane<\/span><\/strong><\/p>\n<div id=\"gtx-trans\" style=\"position: absolute; left: -50px; top: 4.31534px;\">\n<div class=\"gtx-trans-icon\"><\/div>\n<\/div>\n<\/div><\/section><\/div><div class=\"flex_column av_one_full  flex_column_div av-zero-column-padding first  avia-builder-el-4  el_after_av_one_full  el_before_av_hr  column-top-margin\" style='border-radius:0px; '><section class=\"av_textblock_section \"  itemscope=\"itemscope\" itemtype=\"https:\/\/schema.org\/BlogPosting\" itemprop=\"blogPost\" ><div class='avia_textblock  '   itemprop=\"text\" ><p style=\"text-align: justify;\">El mediod\u00eda de este lunes se concret\u00f3 el desalojo de una ocupaci\u00f3n ilegal en el sector Cerro la Virgen, Camino al \u201cH\u00fangaro\u201d de Cochrane, trabajo producto de meses de coordinaci\u00f3n entre la Delegaci\u00f3n Presidencial Provincial de Capit\u00e1n Prat, Carabineros de Chile y la Seremi de Bienes Nacionales.<\/p>\n<p style=\"text-align: justify;\">Los antecedentes datan de octubre de 2022 cuando fue la propia comunidad la que denunci\u00f3 el hecho, y posteriormente constatado por un fiscalizador de la Seremi de Bienes Nacionales, quien acudi\u00f3 al terreno y pudo dar cuenta a la autoridad de que se estaba realizando un cierre perimetral, sin mediar una autorizaci\u00f3n por parte del Ministerio, activ\u00e1ndose los actos administrativos que se usan ante una situaci\u00f3n de esta \u00edndole y que culmin\u00f3 con el despeje total de este importante terreno para la comunidad, que habitualmente lo usaba como una v\u00eda de tr\u00e1nsito peatonal y de esparcimiento.<\/p>\n<p style=\"text-align: justify;\">El ocupante que hab\u00eda sido notificado meses antes para que desalojar\u00e1 de forma voluntaria el sector, ignor\u00f3 las advertencias y continu\u00f3 trabajando en el lugar, ya que entre otras actividades, lo utilizaba como taller mec\u00e1nico, donde manten\u00eda al menos 10 veh\u00edculos aparcados; asimismo, realiz\u00f3 algunas construcciones, como una torre para un estanque de agua, una peque\u00f1a caba\u00f1a y un invernadero.<\/p>\n<p style=\"text-align: justify;\">Respecto del procedimiento, el Comisario de la 4ta. Comisaria de Carabineros de Cochrane, Mayor Andr\u00e9s Rozas C\u00e1rdenas, explic\u00f3 que \u201cse procedi\u00f3 al desalojo por la v\u00eda administrativa, la que contempla la emisi\u00f3n por parte de la Delegaci\u00f3n de una notificaci\u00f3n previa, dicha notificaci\u00f3n no fue acatada por el ocupante, por lo que se procedi\u00f3, lamentablemente a trav\u00e9s del uso de la fuerza al desalojo, de esta manera se recuper\u00f3 el inmueble y se entreg\u00f3 a su propietario, en este caso a la Seremi de Bienes Nacionales\u201d, describi\u00f3.<\/p>\n<p style=\"text-align: justify;\">En cuanto al destino del inmueble la Seremi de Bienes Nacionales Ays\u00e9n, Irina Morend Valdebenito, explic\u00f3 que como se ha venido trabajando se someter\u00e1 a discusi\u00f3n p\u00fablica el destino de este inmueble. \u201cComo Bienes Nacionales estamos ejecutando un desalojo en un terreno fiscal, un bien p\u00fablico que estaba siendo utilizado para usos particulares, necesitamos recuperar este inmueble para que sea utilizado como tradicionalmente se ha usado. Posterior a esta etapa nos reuniremos con la comunidad interesa para definir nuevos usos y la forma en que se otorgar\u00e1 en administraci\u00f3n\u201d.<\/p>\n<p style=\"text-align: justify;\">En la misma l\u00ednea la Delegada Presidencial Provincial Capit\u00e1n Prat, Marta Montiel Alarc\u00f3n, destac\u00f3 la coordinaci\u00f3n entre los servicios y la preocupaci\u00f3n por \u00a0\u00a0recuperar los usos comunitarios del inmueble. \u201cEsta recuperaci\u00f3n de terreno es el resultado de una coordinaci\u00f3n administrativa, ya que hasta el d\u00eda de hoy no pod\u00edamos ocupar este espacio p\u00fablico que pertenece a todos los cochraninos y a los visitantes, un \u00e1rea usada para el esparcimiento. El llamado y la misi\u00f3n que nos encomend\u00f3 el presidente Gabriel Boric, es a velar a que todos los espacios p\u00fablicos est\u00e9n disponibles para todas y todos, sabemos que hay necesidades, pero para ello existen los canales formales y sus instituciones que van en apoyo de las familias m\u00e1s vulnerables\u201d.<\/p>\n<p style=\"text-align: justify;\">Desde Bienes Nacionales tambi\u00e9n se inform\u00f3 que a la brevedad se organizar\u00e1 un encuentro con la comunidad, organizaciones del \u00e1mbito civil e instituciones p\u00fablicas, para definir en conjunto el futuro de este importante terreno, el que tradicionalmente ha tenido un uso comunitario.<\/p>\n<\/div><\/section><\/div><div  style='height:50px' class='hr hr-invisible   avia-builder-el-6  el_after_av_one_full  el_before_av_social_share '><span class='hr-inner ' ><span class='hr-inner-style'><\/span><\/span><\/div><\/p>\n<div  class='av-social-sharing-box  avia-builder-el-7  el_after_av_hr  el_before_av_hr  '><div class='av-share-box'><h5 class='av-share-link-description av-no-toc '>Compartir esta noticia<\/h5><ul class='av-share-box-list noLightbox'><li class='av-share-link av-social-link-facebook' ><a target=\"_blank\" aria-label=\"Compartir en Facebook\" href='https:\/\/www.facebook.com\/sharer.php?u=https:\/\/radiorevelacionfm.cl\/?p=28515&#038;t=Realizan%20desalojo%20de%20una%20ocupaci%C3%B3n%20ilegal%20en%20terreno%20fiscal%20en%20Cochrane' aria-hidden='false' data-av_icon='\ue8f3' data-av_iconfont='entypo-fontello' title='' data-avia-related-tooltip='Compartir en Facebook' rel=\"noopener\"><span class='avia_hidden_link_text'>Compartir en Facebook<\/span><\/a><\/li><li class='av-share-link av-social-link-twitter' ><a target=\"_blank\" aria-label=\"Compartir en Twitter\" href='https:\/\/twitter.com\/share?text=Realizan%20desalojo%20de%20una%20ocupaci%C3%B3n%20ilegal%20en%20terreno%20fiscal%20en%20Cochrane&#038;url=https:\/\/radiorevelacionfm.cl\/?p=28515' aria-hidden='false' data-av_icon='\ue8f1' data-av_iconfont='entypo-fontello' title='' data-avia-related-tooltip='Compartir en Twitter' rel=\"noopener\"><span class='avia_hidden_link_text'>Compartir en Twitter<\/span><\/a><\/li><li class='av-share-link av-social-link-whatsapp' ><a target=\"_blank\" aria-label=\"Compartir en Whatsapp\" href='https:\/\/api.whatsapp.com\/send?text=https:\/\/radiorevelacionfm.cl\/?p=28515' aria-hidden='false' data-av_icon='\uf232' data-av_iconfont='entypo-fontello' title='' data-avia-related-tooltip='Compartir en Whatsapp' rel=\"noopener\"><span class='avia_hidden_link_text'>Compartir en Whatsapp<\/span><\/a><\/li><li class='av-share-link av-social-link-linkedin' ><a target=\"_blank\" aria-label=\"Compartir en LinkedIn\" href='https:\/\/linkedin.com\/shareArticle?mini=true&#038;title=Realizan%20desalojo%20de%20una%20ocupaci%C3%B3n%20ilegal%20en%20terreno%20fiscal%20en%20Cochrane&#038;url=https:\/\/radiorevelacionfm.cl\/?p=28515' aria-hidden='false' data-av_icon='\ue8fc' data-av_iconfont='entypo-fontello' title='' data-avia-related-tooltip='Compartir en LinkedIn' rel=\"noopener\"><span class='avia_hidden_link_text'>Compartir en LinkedIn<\/span><\/a><\/li><li class='av-share-link av-social-link-mail' ><a  aria-label=\"Compartir por correo\" href='mailto:?subject=Realizan%20desalojo%20de%20una%20ocupaci%C3%B3n%20ilegal%20en%20terreno%20fiscal%20en%20Cochrane&#038;body=https:\/\/radiorevelacionfm.cl\/?p=28515' aria-hidden='false' data-av_icon='\ue805' data-av_iconfont='entypo-fontello' title='' data-avia-related-tooltip='Compartir por correo'><span class='avia_hidden_link_text'>Compartir por correo<\/span><\/a><\/li><\/ul><\/div><\/div>\n<div  style='height:50px' class='hr hr-invisible   avia-builder-el-8  el_after_av_social_share  el_before_av_comments_list '><span class='hr-inner ' ><span class='hr-inner-style'><\/span><\/span><\/div>\n<div  class='av-buildercomment  av-blog-meta-html-info-disabled av-blog-meta-tag-disabled  '><\/div>\n","protected":false},"excerpt":{"rendered":"","protected":false},"author":1,"featured_media":28516,"comment_status":"open","ping_status":"open","sticky":false,"template":"","format":"standard","meta":{"footnotes":""},"categories":[38],"tags":[],"class_list":["post-28515","post","type-post","status-publish","format-standard","has-post-thumbnail","hentry","category-regional"],"jetpack_featured_media_url":"https:\/\/radiorevelacionfm.cl\/wp-content\/uploads\/2023\/03\/9-17-1_optimized-1.jpg","_links":{"self":[{"href":"https:\/\/radiorevelacionfm.cl\/index.php?rest_route=\/wp\/v2\/posts\/28515","targetHints":{"allow":["GET"]}}],"collection":[{"href":"https:\/\/radiorevelacionfm.cl\/index.php?rest_route=\/wp\/v2\/posts"}],"about":[{"href":"https:\/\/radiorevelacionfm.cl\/index.php?rest_route=\/wp\/v2\/types\/post"}],"author":[{"embeddable":true,"href":"https:\/\/radiorevelacionfm.cl\/index.php?rest_route=\/wp\/v2\/users\/1"}],"replies":[{"embeddable":true,"href":"https:\/\/radiorevelacionfm.cl\/index.php?rest_route=%2Fwp%2Fv2%2Fcomments&post=28515"}],"version-history":[{"count":2,"href":"https:\/\/radiorevelacionfm.cl\/index.php?rest_route=\/wp\/v2\/posts\/28515\/revisions"}],"predecessor-version":[{"id":28518,"href":"https:\/\/radiorevelacionfm.cl\/index.php?rest_route=\/wp\/v2\/posts\/28515\/revisions\/28518"}],"wp:featuredmedia":[{"embeddable":true,"href":"https:\/\/radiorevelacionfm.cl\/index.php?rest_route=\/wp\/v2\/media\/28516"}],"wp:attachment":[{"href":"https:\/\/radiorevelacionfm.cl\/index.php?rest_route=%2Fwp%2Fv2%2Fmedia&parent=28515"}],"wp:term":[{"taxonomy":"category","embeddable":true,"href":"https:\/\/radiorevelacionfm.cl\/index.php?rest_route=%2Fwp%2Fv2%2Fcategories&post=28515"},{"taxonomy":"post_tag","embeddable":true,"href":"https:\/\/radiorevelacionfm.cl\/index.php?rest_route=%2Fwp%2Fv2%2Ftags&post=28515"}],"curies":[{"name":"wp","href":"https:\/\/api.w.org\/{rel}","templated":true}]}}