{"id":28508,"date":"2023-03-07T12:26:31","date_gmt":"2023-03-07T15:26:31","guid":{"rendered":"https:\/\/radiorevelacionfm.cl\/?p=28508"},"modified":"2023-03-07T12:26:31","modified_gmt":"2023-03-07T15:26:31","slug":"guaitecas-ejecuta-proyecto-dental-para-mejorar-salud-bucal-de-vecinas-os-de-la-comuna","status":"publish","type":"post","link":"https:\/\/radiorevelacionfm.cl\/?p=28508","title":{"rendered":"Guaitecas ejecuta proyecto dental para mejorar salud bucal de vecinas\/os de la comuna"},"content":{"rendered":"<div class=\"flex_column av_one_full  flex_column_div av-zero-column-padding first  avia-builder-el-0  el_before_av_one_full  avia-builder-el-first  \" style='border-radius:0px; '><div  class='avia-image-container  av-styling-    avia-builder-el-1  avia-builder-el-no-sibling  avia-align-center '  itemprop=\"image\" itemscope=\"itemscope\" itemtype=\"https:\/\/schema.org\/ImageObject\"  ><div class='avia-image-container-inner'><div class='avia-image-overlay-wrap'><img decoding=\"async\" class='wp-image-28509 avia-img-lazy-loading-not-28509 avia_image' src=\"https:\/\/radiorevelacionfm.cl\/wp-content\/uploads\/2023\/03\/IMG-20230210-WA0018-1-1.jpg\" alt='' title='IMG-20230210-WA0018 (1) (1)' height=\"600\" width=\"1058\"  itemprop=\"thumbnailUrl\" srcset=\"https:\/\/radiorevelacionfm.cl\/wp-content\/uploads\/2023\/03\/IMG-20230210-WA0018-1-1.jpg 1058w, https:\/\/radiorevelacionfm.cl\/wp-content\/uploads\/2023\/03\/IMG-20230210-WA0018-1-1-300x170.jpg 300w, https:\/\/radiorevelacionfm.cl\/wp-content\/uploads\/2023\/03\/IMG-20230210-WA0018-1-1-1030x584.jpg 1030w, https:\/\/radiorevelacionfm.cl\/wp-content\/uploads\/2023\/03\/IMG-20230210-WA0018-1-1-768x436.jpg 768w, https:\/\/radiorevelacionfm.cl\/wp-content\/uploads\/2023\/03\/IMG-20230210-WA0018-1-1-705x400.jpg 705w, https:\/\/radiorevelacionfm.cl\/wp-content\/uploads\/2023\/03\/IMG-20230210-WA0018-1-1-600x340.jpg 600w\" sizes=\"(max-width: 1058px) 100vw, 1058px\" \/><\/div><\/div><\/div><\/div><div class=\"flex_column av_one_full  flex_column_div av-zero-column-padding first  avia-builder-el-2  el_after_av_one_full  el_before_av_one_full  column-top-margin\" style='border-radius:0px; '><section class=\"av_textblock_section \"  itemscope=\"itemscope\" itemtype=\"https:\/\/schema.org\/BlogPosting\" itemprop=\"blogPost\" ><div class='avia_textblock  '   itemprop=\"text\" ><p style=\"text-align: center;\"><strong><span style=\"font-size: 18pt;\">Guaitecas ejecuta proyecto dental para mejorar salud bucal de vecinas\/os de la comuna<\/span><\/strong><\/p>\n<div id=\"gtx-trans\" style=\"position: absolute; left: -50px; top: 4.31534px;\">\n<div class=\"gtx-trans-icon\"><\/div>\n<\/div>\n<\/div><\/section><\/div><div class=\"flex_column av_one_full  flex_column_div av-zero-column-padding first  avia-builder-el-4  el_after_av_one_full  el_before_av_hr  column-top-margin\" style='border-radius:0px; '><section class=\"av_textblock_section \"  itemscope=\"itemscope\" itemtype=\"https:\/\/schema.org\/BlogPosting\" itemprop=\"blogPost\" ><div class='avia_textblock  '   itemprop=\"text\" ><p style=\"text-align: justify;\">Una decena de vecinas y vecinos de Guaitecas est\u00e1n siendo beneficiados con un proyecto dental que se adjudic\u00f3 el municipio en el fondo del 7 % del Gobierno Regional.<\/p>\n<p style=\"text-align: justify;\">Se trata de una iniciativa por casi 10 millones de pesos que permitir\u00e1 entregar pr\u00f3tesis dentales a personas que por diferentes motivos han ido perdiendo su dentadura, como explic\u00f3 Lorena Gonz\u00e1lez, profesional de apoyo de la Municipalidad de Guaitecas y coordinadora de esta iniciativa local.<\/p>\n<p style=\"text-align: justify;\">\u201cEl proyecto consiste en un operativo dental, que denominamos \u201cGuaitecas sonr\u00ede\u201d. Hemos reconocido que en la comunidad hay personas que por diferentes razones han ido perdiendo su dentadura, ya sea la piezas frontales como las laterales y que esto significa una problem\u00e1tica desde el punto de vista nutricional y que si no se atiende de manera oportuna, en la adultez genera mayores complicaciones\u201d, dijo la trabajadora social de la Municipalidad de Guaitecas, quien a\u00f1adi\u00f3 que este tipo de prestaciones no se ofrecen en la comuna y quien quiera acceder a ellas deben buscarlas fuera de ella, por lo que para muchas personas acceder a pr\u00f3tesis dentales no es posible.<\/p>\n<p style=\"text-align: justify;\">Este proyecto es financiado por el Gobierno Regional, a trav\u00e9s del 7% del \u00e1rea social del Fondo Nacional de Desarrollo Regional, FNDR y los recursos han permitido contratar a un dentista que desde hace un tiempo viene trabajando con las personas que se prioriz\u00f3 para el desarrollo de esta iniciativa.<\/p>\n<p style=\"text-align: justify;\">Fue el propio dentista, Carlos Sanhueza, quien entreg\u00f3 m\u00e1s antecedentes de esta novedosa y necesaria iniciativa.<\/p>\n<p style=\"text-align: justify;\">\u201cEl proyecto consta de realizar tratamiento prot\u00e9sico a 10 pacientes y a cada paciente se le incluye una pr\u00f3tesis, adem\u00e1s de su tratamiento. Ya iniciamos el proceso de evaluaciones, con los ingresos y estamos en la etapa preprot\u00e9sica, es decir estamos sacado los dientes que no sirven\u201d, dijo el dentista, quien a\u00f1adi\u00f3 que en la mayor\u00eda de los casos se debe esperar un par de meses para trabajar en la pr\u00f3tesis, pues las enc\u00edas de los pacientes deben cicatrizar antes de cualquier otra intervenci\u00f3n.<\/p>\n<p style=\"text-align: justify;\">Con relaci\u00f3n a los tratamientos, Carlos Sanhueza a\u00f1adi\u00f3 que a los pacientes se les habilitar\u00e1n pr\u00f3tesis dentales, ya sea parciales o totales.<\/p>\n<p style=\"text-align: justify;\">\u201cLas pr\u00f3tesis consisten en pr\u00f3tesis parciales o totales, de material acr\u00edlico. Se prioriz\u00f3 a pacientes que tuvieran p\u00e9rdida est\u00e9tica, es decir de la parte frontal de la boca y a pacientes que no presentaran ning\u00fan diente o que los dientes que les quedaran remanentes en la boca ya no est\u00e1n en buenas condiciones, entonces depende: hay pr\u00f3tesis parciales y en otros casos pr\u00f3tesis totales\u201d, dijo el odont\u00f3logo, quien reiter\u00f3 que, dada la naturaleza de las intervenciones, este proyecto se debe desarrollar en unos meses.<\/p>\n<p style=\"text-align: justify;\">Las atenciones se est\u00e1n realizando en el m\u00f3dulo dental de la posta de salud de Melinka, tras el horario normal de trabajo del recinto asistencial.<\/p>\n<p style=\"text-align: justify;\">Esta iniciativa de ayuda a vecinas y vecinos que requieren pr\u00f3tesis dentales es uno de varios proyectos que la Municipalidad de Guaitecas se adjudic\u00f3 el a\u00f1o pasado en uno de los llamados del Fondo del 7% del Fondo Nacional de Desarrollo Regional, FNDR.<\/p>\n<\/div><\/section><\/div><div  style='height:50px' class='hr hr-invisible   avia-builder-el-6  el_after_av_one_full  el_before_av_social_share '><span class='hr-inner ' ><span class='hr-inner-style'><\/span><\/span><\/div><\/p>\n<div  class='av-social-sharing-box  avia-builder-el-7  el_after_av_hr  el_before_av_hr  '><div class='av-share-box'><h5 class='av-share-link-description av-no-toc '>Compartir esta noticia<\/h5><ul class='av-share-box-list noLightbox'><li class='av-share-link av-social-link-facebook' ><a target=\"_blank\" aria-label=\"Compartir en Facebook\" href='https:\/\/www.facebook.com\/sharer.php?u=https:\/\/radiorevelacionfm.cl\/?p=28508&#038;t=Guaitecas%20ejecuta%20proyecto%20dental%20para%20mejorar%20salud%20bucal%20de%20vecinas%2Fos%20de%20la%20comuna' aria-hidden='false' data-av_icon='\ue8f3' data-av_iconfont='entypo-fontello' title='' data-avia-related-tooltip='Compartir en Facebook' rel=\"noopener\"><span class='avia_hidden_link_text'>Compartir en Facebook<\/span><\/a><\/li><li class='av-share-link av-social-link-twitter' ><a target=\"_blank\" aria-label=\"Compartir en Twitter\" href='https:\/\/twitter.com\/share?text=Guaitecas%20ejecuta%20proyecto%20dental%20para%20mejorar%20salud%20bucal%20de%20vecinas%2Fos%20de%20la%20comuna&#038;url=https:\/\/radiorevelacionfm.cl\/?p=28508' aria-hidden='false' data-av_icon='\ue8f1' data-av_iconfont='entypo-fontello' title='' data-avia-related-tooltip='Compartir en Twitter' rel=\"noopener\"><span class='avia_hidden_link_text'>Compartir en Twitter<\/span><\/a><\/li><li class='av-share-link av-social-link-whatsapp' ><a target=\"_blank\" aria-label=\"Compartir en Whatsapp\" href='https:\/\/api.whatsapp.com\/send?text=https:\/\/radiorevelacionfm.cl\/?p=28508' aria-hidden='false' data-av_icon='\uf232' data-av_iconfont='entypo-fontello' title='' data-avia-related-tooltip='Compartir en Whatsapp' rel=\"noopener\"><span class='avia_hidden_link_text'>Compartir en Whatsapp<\/span><\/a><\/li><li class='av-share-link av-social-link-linkedin' ><a target=\"_blank\" aria-label=\"Compartir en LinkedIn\" href='https:\/\/linkedin.com\/shareArticle?mini=true&#038;title=Guaitecas%20ejecuta%20proyecto%20dental%20para%20mejorar%20salud%20bucal%20de%20vecinas%2Fos%20de%20la%20comuna&#038;url=https:\/\/radiorevelacionfm.cl\/?p=28508' aria-hidden='false' data-av_icon='\ue8fc' data-av_iconfont='entypo-fontello' title='' data-avia-related-tooltip='Compartir en LinkedIn' rel=\"noopener\"><span class='avia_hidden_link_text'>Compartir en LinkedIn<\/span><\/a><\/li><li class='av-share-link av-social-link-mail' ><a  aria-label=\"Compartir por correo\" href='mailto:?subject=Guaitecas%20ejecuta%20proyecto%20dental%20para%20mejorar%20salud%20bucal%20de%20vecinas%2Fos%20de%20la%20comuna&#038;body=https:\/\/radiorevelacionfm.cl\/?p=28508' aria-hidden='false' data-av_icon='\ue805' data-av_iconfont='entypo-fontello' title='' data-avia-related-tooltip='Compartir por correo'><span class='avia_hidden_link_text'>Compartir por correo<\/span><\/a><\/li><\/ul><\/div><\/div>\n<div  style='height:50px' class='hr hr-invisible   avia-builder-el-8  el_after_av_social_share  el_before_av_comments_list '><span class='hr-inner ' ><span class='hr-inner-style'><\/span><\/span><\/div>\n<div  class='av-buildercomment  av-blog-meta-html-info-disabled av-blog-meta-tag-disabled  '><\/div>\n","protected":false},"excerpt":{"rendered":"","protected":false},"author":1,"featured_media":28509,"comment_status":"open","ping_status":"open","sticky":false,"template":"","format":"standard","meta":{"footnotes":""},"categories":[38],"tags":[],"class_list":["post-28508","post","type-post","status-publish","format-standard","has-post-thumbnail","hentry","category-regional"],"jetpack_featured_media_url":"https:\/\/radiorevelacionfm.cl\/wp-content\/uploads\/2023\/03\/IMG-20230210-WA0018-1-1.jpg","_links":{"self":[{"href":"https:\/\/radiorevelacionfm.cl\/index.php?rest_route=\/wp\/v2\/posts\/28508","targetHints":{"allow":["GET"]}}],"collection":[{"href":"https:\/\/radiorevelacionfm.cl\/index.php?rest_route=\/wp\/v2\/posts"}],"about":[{"href":"https:\/\/radiorevelacionfm.cl\/index.php?rest_route=\/wp\/v2\/types\/post"}],"author":[{"embeddable":true,"href":"https:\/\/radiorevelacionfm.cl\/index.php?rest_route=\/wp\/v2\/users\/1"}],"replies":[{"embeddable":true,"href":"https:\/\/radiorevelacionfm.cl\/index.php?rest_route=%2Fwp%2Fv2%2Fcomments&post=28508"}],"version-history":[{"count":2,"href":"https:\/\/radiorevelacionfm.cl\/index.php?rest_route=\/wp\/v2\/posts\/28508\/revisions"}],"predecessor-version":[{"id":28519,"href":"https:\/\/radiorevelacionfm.cl\/index.php?rest_route=\/wp\/v2\/posts\/28508\/revisions\/28519"}],"wp:featuredmedia":[{"embeddable":true,"href":"https:\/\/radiorevelacionfm.cl\/index.php?rest_route=\/wp\/v2\/media\/28509"}],"wp:attachment":[{"href":"https:\/\/radiorevelacionfm.cl\/index.php?rest_route=%2Fwp%2Fv2%2Fmedia&parent=28508"}],"wp:term":[{"taxonomy":"category","embeddable":true,"href":"https:\/\/radiorevelacionfm.cl\/index.php?rest_route=%2Fwp%2Fv2%2Fcategories&post=28508"},{"taxonomy":"post_tag","embeddable":true,"href":"https:\/\/radiorevelacionfm.cl\/index.php?rest_route=%2Fwp%2Fv2%2Ftags&post=28508"}],"curies":[{"name":"wp","href":"https:\/\/api.w.org\/{rel}","templated":true}]}}