{"id":28503,"date":"2023-03-06T22:05:15","date_gmt":"2023-03-07T01:05:15","guid":{"rendered":"https:\/\/radiorevelacionfm.cl\/?p=28503"},"modified":"2023-03-06T22:05:15","modified_gmt":"2023-03-07T01:05:15","slug":"investigan-grave-ataque-con-arma-blanca-en-contra-de-un-joven-de-puerto-aysen","status":"publish","type":"post","link":"https:\/\/radiorevelacionfm.cl\/?p=28503","title":{"rendered":"Investigan grave ataque con arma blanca en contra de un joven de Puerto Ays\u00e9n"},"content":{"rendered":"<div class=\"flex_column av_one_full  flex_column_div av-zero-column-padding first  avia-builder-el-0  el_before_av_one_full  avia-builder-el-first  \" style='border-radius:0px; '><div  class='avia-image-container  av-styling-    avia-builder-el-1  avia-builder-el-no-sibling  avia-align-center '  itemprop=\"image\" itemscope=\"itemscope\" itemtype=\"https:\/\/schema.org\/ImageObject\"  ><div class='avia-image-container-inner'><div class='avia-image-overlay-wrap'><img decoding=\"async\" class='wp-image-28505 avia-img-lazy-loading-not-28505 avia_image' src=\"https:\/\/radiorevelacionfm.cl\/wp-content\/uploads\/2023\/03\/tribunal-3-1_optimized.jpeg\" alt='' title='tribunal-3-(1)_optimized' height=\"600\" width=\"1066\"  itemprop=\"thumbnailUrl\" srcset=\"https:\/\/radiorevelacionfm.cl\/wp-content\/uploads\/2023\/03\/tribunal-3-1_optimized.jpeg 1066w, https:\/\/radiorevelacionfm.cl\/wp-content\/uploads\/2023\/03\/tribunal-3-1_optimized-300x169.jpeg 300w, https:\/\/radiorevelacionfm.cl\/wp-content\/uploads\/2023\/03\/tribunal-3-1_optimized-1030x580.jpeg 1030w, https:\/\/radiorevelacionfm.cl\/wp-content\/uploads\/2023\/03\/tribunal-3-1_optimized-768x432.jpeg 768w, https:\/\/radiorevelacionfm.cl\/wp-content\/uploads\/2023\/03\/tribunal-3-1_optimized-705x397.jpeg 705w, https:\/\/radiorevelacionfm.cl\/wp-content\/uploads\/2023\/03\/tribunal-3-1_optimized-600x338.jpeg 600w\" sizes=\"(max-width: 1066px) 100vw, 1066px\" \/><\/div><\/div><\/div><\/div><div class=\"flex_column av_one_full  flex_column_div av-zero-column-padding first  avia-builder-el-2  el_after_av_one_full  el_before_av_one_full  column-top-margin\" style='border-radius:0px; '><section class=\"av_textblock_section \"  itemscope=\"itemscope\" itemtype=\"https:\/\/schema.org\/BlogPosting\" itemprop=\"blogPost\" ><div class='avia_textblock  '   itemprop=\"text\" ><p style=\"text-align: center;\"><strong><span style=\"font-size: 18pt;\">Investigan grave ataque con arma blanca en contra de un joven de Puerto Ays\u00e9n<\/span><\/strong><\/p>\n<div id=\"gtx-trans\" style=\"position: absolute; left: -50px; top: 4.31534px;\">\n<div class=\"gtx-trans-icon\"><\/div>\n<\/div>\n<\/div><\/section><\/div><div class=\"flex_column av_one_full  flex_column_div av-zero-column-padding first  avia-builder-el-4  el_after_av_one_full  el_before_av_hr  column-top-margin\" style='border-radius:0px; '><section class=\"av_textblock_section \"  itemscope=\"itemscope\" itemtype=\"https:\/\/schema.org\/BlogPosting\" itemprop=\"blogPost\" ><div class='avia_textblock  '   itemprop=\"text\" ><p style=\"text-align: justify;\">Durante la jornada del d\u00eda s\u00e1bado, Carabineros de la Segunda Comisaria de Ays\u00e9n fueron alertados de un grave hecho que, inicialmente dejo con riesgo vital a un conocido vecino de la ciudad de 31 a\u00f1os. Esta persona fue v\u00edctima de un ataque con arma blanca que lo dej\u00f3 al borde la muerte, siendo trasladado al hospital regional producto de la extrema gravedad en la que se encontraba.<\/p>\n<p style=\"text-align: justify;\">A ra\u00edz de las diligencias realizadas, existe una persona detenida, quien ser\u00eda el causante del ataque.<\/p>\n<p style=\"text-align: justify;\">\u201cSe dio cuenta al turno de la Fiscal\u00eda local de Puerto Ays\u00e9n, de un procedimiento que se hab\u00eda gestado en dicha comuna, donde hab\u00eda un adulto de 31 a\u00f1os, lesionado con un arma cortopunzante, quien manten\u00eda heridas de gravedad. En raz\u00f3n de aquello, fue trasladado al hospital local de Puerto Ays\u00e9n y posteriormente al hospital regional de Coyhaique, atendido lo delicado de las lesiones. En ese entendido, a cargo de Carabineros de la Segunda Comisaria de Ays\u00e9n se materializ\u00f3 la detenci\u00f3n del imputado y el Ministerio P\u00fablico instruy\u00f3 la orden de investigar a la SIP de dicha unidad, de igual forma, el traslado por parte del Labocar, a fin de que se desarrollaran diligencias atingentes a la comisi\u00f3n de tal il\u00edcito\u201d, detall\u00f3 el fiscal(s) de Puerto Ays\u00e9n, Jos\u00e9 Luis Palominos.<\/p>\n<p style=\"text-align: justify;\">El fiscal de turno lleg\u00f3 tambi\u00e9n hasta la unidad policial y durante la jornada del domingo se llev\u00f3 a cabo la audiencia, donde se ampli\u00f3 la detenci\u00f3n del imputado, mientras se re\u00fanen nuevos antecedentes del caso.<\/p>\n<p style=\"text-align: justify;\">\u201cEl fiscal de turno concurri\u00f3 a la unidad policial, se desarrollaron una serie de diligencias y el d\u00eda de hoy (domingo) se materializ\u00f3 el control de detenci\u00f3n del imputado, se declar\u00f3 legal la detenci\u00f3n y el Ministerio P\u00fablico solicit\u00f3 la ampliaci\u00f3n de la misma, a fin de desarrollar diligencias que son imprescindibles y necesarias para efectuar la formalizaci\u00f3n de la investigaci\u00f3n, lo cual, fue acogido por el Tribunal, fij\u00e1ndose audiencia para el d\u00eda martes 7 de marzo a las 11 horas\u201d.<\/p>\n<p style=\"text-align: justify;\">Mientras ocurre aquello, el imputado qued\u00f3 en el Centro de Detenci\u00f3n de Puerto Ays\u00e9n.<\/p>\n<p style=\"text-align: justify;\">Es importante destacar que, durante el desarrollo de la audiencia de control de detenci\u00f3n en el Juzgado de Garant\u00eda de Puerto Ays\u00e9n, en las afueras de este recinto hab\u00eda muchas personas, amigos y conocidos de la v\u00edctima, atentos a la resoluci\u00f3n del Tribunal.<\/p>\n<\/div><\/section><\/div><div  style='height:50px' class='hr hr-invisible   avia-builder-el-6  el_after_av_one_full  el_before_av_social_share '><span class='hr-inner ' ><span class='hr-inner-style'><\/span><\/span><\/div><\/p>\n<div  class='av-social-sharing-box  avia-builder-el-7  el_after_av_hr  el_before_av_hr  '><div class='av-share-box'><h5 class='av-share-link-description av-no-toc '>Compartir esta noticia<\/h5><ul class='av-share-box-list noLightbox'><li class='av-share-link av-social-link-facebook' ><a target=\"_blank\" aria-label=\"Compartir en Facebook\" href='https:\/\/www.facebook.com\/sharer.php?u=https:\/\/radiorevelacionfm.cl\/?p=28503&#038;t=Investigan%20grave%20ataque%20con%20arma%20blanca%20en%20contra%20de%20un%20joven%20de%20Puerto%20Ays%C3%A9n' aria-hidden='false' data-av_icon='\ue8f3' data-av_iconfont='entypo-fontello' title='' data-avia-related-tooltip='Compartir en Facebook' rel=\"noopener\"><span class='avia_hidden_link_text'>Compartir en Facebook<\/span><\/a><\/li><li class='av-share-link av-social-link-twitter' ><a target=\"_blank\" aria-label=\"Compartir en Twitter\" href='https:\/\/twitter.com\/share?text=Investigan%20grave%20ataque%20con%20arma%20blanca%20en%20contra%20de%20un%20joven%20de%20Puerto%20Ays%C3%A9n&#038;url=https:\/\/radiorevelacionfm.cl\/?p=28503' aria-hidden='false' data-av_icon='\ue8f1' data-av_iconfont='entypo-fontello' title='' data-avia-related-tooltip='Compartir en Twitter' rel=\"noopener\"><span class='avia_hidden_link_text'>Compartir en Twitter<\/span><\/a><\/li><li class='av-share-link av-social-link-whatsapp' ><a target=\"_blank\" aria-label=\"Compartir en Whatsapp\" href='https:\/\/api.whatsapp.com\/send?text=https:\/\/radiorevelacionfm.cl\/?p=28503' aria-hidden='false' data-av_icon='\uf232' data-av_iconfont='entypo-fontello' title='' data-avia-related-tooltip='Compartir en Whatsapp' rel=\"noopener\"><span class='avia_hidden_link_text'>Compartir en Whatsapp<\/span><\/a><\/li><li class='av-share-link av-social-link-linkedin' ><a target=\"_blank\" aria-label=\"Compartir en LinkedIn\" href='https:\/\/linkedin.com\/shareArticle?mini=true&#038;title=Investigan%20grave%20ataque%20con%20arma%20blanca%20en%20contra%20de%20un%20joven%20de%20Puerto%20Ays%C3%A9n&#038;url=https:\/\/radiorevelacionfm.cl\/?p=28503' aria-hidden='false' data-av_icon='\ue8fc' data-av_iconfont='entypo-fontello' title='' data-avia-related-tooltip='Compartir en LinkedIn' rel=\"noopener\"><span class='avia_hidden_link_text'>Compartir en LinkedIn<\/span><\/a><\/li><li class='av-share-link av-social-link-mail' ><a  aria-label=\"Compartir por correo\" href='mailto:?subject=Investigan%20grave%20ataque%20con%20arma%20blanca%20en%20contra%20de%20un%20joven%20de%20Puerto%20Ays%C3%A9n&#038;body=https:\/\/radiorevelacionfm.cl\/?p=28503' aria-hidden='false' data-av_icon='\ue805' data-av_iconfont='entypo-fontello' title='' data-avia-related-tooltip='Compartir por correo'><span class='avia_hidden_link_text'>Compartir por correo<\/span><\/a><\/li><\/ul><\/div><\/div>\n<div  style='height:50px' class='hr hr-invisible   avia-builder-el-8  el_after_av_social_share  el_before_av_comments_list '><span class='hr-inner ' ><span class='hr-inner-style'><\/span><\/span><\/div>\n<div  class='av-buildercomment  av-blog-meta-html-info-disabled av-blog-meta-tag-disabled  '><\/div>\n","protected":false},"excerpt":{"rendered":"","protected":false},"author":1,"featured_media":28505,"comment_status":"open","ping_status":"open","sticky":false,"template":"","format":"standard","meta":{"footnotes":""},"categories":[36],"tags":[],"class_list":["post-28503","post","type-post","status-publish","format-standard","has-post-thumbnail","hentry","category-policial"],"jetpack_featured_media_url":"https:\/\/radiorevelacionfm.cl\/wp-content\/uploads\/2023\/03\/tribunal-3-1_optimized.jpeg","_links":{"self":[{"href":"https:\/\/radiorevelacionfm.cl\/index.php?rest_route=\/wp\/v2\/posts\/28503","targetHints":{"allow":["GET"]}}],"collection":[{"href":"https:\/\/radiorevelacionfm.cl\/index.php?rest_route=\/wp\/v2\/posts"}],"about":[{"href":"https:\/\/radiorevelacionfm.cl\/index.php?rest_route=\/wp\/v2\/types\/post"}],"author":[{"embeddable":true,"href":"https:\/\/radiorevelacionfm.cl\/index.php?rest_route=\/wp\/v2\/users\/1"}],"replies":[{"embeddable":true,"href":"https:\/\/radiorevelacionfm.cl\/index.php?rest_route=%2Fwp%2Fv2%2Fcomments&post=28503"}],"version-history":[{"count":2,"href":"https:\/\/radiorevelacionfm.cl\/index.php?rest_route=\/wp\/v2\/posts\/28503\/revisions"}],"predecessor-version":[{"id":28507,"href":"https:\/\/radiorevelacionfm.cl\/index.php?rest_route=\/wp\/v2\/posts\/28503\/revisions\/28507"}],"wp:featuredmedia":[{"embeddable":true,"href":"https:\/\/radiorevelacionfm.cl\/index.php?rest_route=\/wp\/v2\/media\/28505"}],"wp:attachment":[{"href":"https:\/\/radiorevelacionfm.cl\/index.php?rest_route=%2Fwp%2Fv2%2Fmedia&parent=28503"}],"wp:term":[{"taxonomy":"category","embeddable":true,"href":"https:\/\/radiorevelacionfm.cl\/index.php?rest_route=%2Fwp%2Fv2%2Fcategories&post=28503"},{"taxonomy":"post_tag","embeddable":true,"href":"https:\/\/radiorevelacionfm.cl\/index.php?rest_route=%2Fwp%2Fv2%2Ftags&post=28503"}],"curies":[{"name":"wp","href":"https:\/\/api.w.org\/{rel}","templated":true}]}}