{"id":28496,"date":"2023-03-06T21:32:04","date_gmt":"2023-03-07T00:32:04","guid":{"rendered":"https:\/\/radiorevelacionfm.cl\/?p=28496"},"modified":"2023-03-06T21:32:04","modified_gmt":"2023-03-07T00:32:04","slug":"el-99-de-los-clientes-de-edelaysen-esta-con-suministro-electrico-tras-cortes-por-caida-de-arboles","status":"publish","type":"post","link":"https:\/\/radiorevelacionfm.cl\/?p=28496","title":{"rendered":"El 99% de los clientes de Edelaysen est\u00e1 con suministro el\u00e9ctrico tras cortes por ca\u00edda de \u00e1rboles"},"content":{"rendered":"<div class=\"flex_column av_one_full  flex_column_div av-zero-column-padding first  avia-builder-el-0  el_before_av_one_full  avia-builder-el-first  \" style='border-radius:0px; '><div  class='avia-image-container  av-styling-    avia-builder-el-1  avia-builder-el-no-sibling  avia-align-center '  itemprop=\"image\" itemscope=\"itemscope\" itemtype=\"https:\/\/schema.org\/ImageObject\"  ><div class='avia-image-container-inner'><div class='avia-image-overlay-wrap'><img decoding=\"async\" class='wp-image-28497 avia-img-lazy-loading-not-28497 avia_image' src=\"https:\/\/radiorevelacionfm.cl\/wp-content\/uploads\/2023\/03\/FOTO-DE-ARCHIVO-1-1-1.jpg\" alt='' title='FOTO DE ARCHIVO (1) (1) (1)' height=\"600\" width=\"855\"  itemprop=\"thumbnailUrl\" srcset=\"https:\/\/radiorevelacionfm.cl\/wp-content\/uploads\/2023\/03\/FOTO-DE-ARCHIVO-1-1-1.jpg 855w, https:\/\/radiorevelacionfm.cl\/wp-content\/uploads\/2023\/03\/FOTO-DE-ARCHIVO-1-1-1-300x211.jpg 300w, https:\/\/radiorevelacionfm.cl\/wp-content\/uploads\/2023\/03\/FOTO-DE-ARCHIVO-1-1-1-768x539.jpg 768w, https:\/\/radiorevelacionfm.cl\/wp-content\/uploads\/2023\/03\/FOTO-DE-ARCHIVO-1-1-1-705x495.jpg 705w, https:\/\/radiorevelacionfm.cl\/wp-content\/uploads\/2023\/03\/FOTO-DE-ARCHIVO-1-1-1-600x421.jpg 600w\" sizes=\"(max-width: 855px) 100vw, 855px\" \/><\/div><\/div><\/div><\/div><div class=\"flex_column av_one_full  flex_column_div av-zero-column-padding first  avia-builder-el-2  el_after_av_one_full  el_before_av_one_full  column-top-margin\" style='border-radius:0px; '><section class=\"av_textblock_section \"  itemscope=\"itemscope\" itemtype=\"https:\/\/schema.org\/BlogPosting\" itemprop=\"blogPost\" ><div class='avia_textblock  '   itemprop=\"text\" ><p style=\"text-align: center;\"><span style=\"font-size: 18pt;\"><strong>El 99% de los clientes de Edelaysen est\u00e1 con suministro el\u00e9ctrico tras cortes por ca\u00edda de \u00e1rboles<\/strong><\/span><\/p>\n<div id=\"gtx-trans\" style=\"position: absolute; left: -50px; top: 4.31534px;\">\n<div class=\"gtx-trans-icon\"><\/div>\n<\/div>\n<\/div><\/section><\/div><div class=\"flex_column av_one_full  flex_column_div av-zero-column-padding first  avia-builder-el-4  el_after_av_one_full  el_before_av_hr  column-top-margin\" style='border-radius:0px; '><section class=\"av_textblock_section \"  itemscope=\"itemscope\" itemtype=\"https:\/\/schema.org\/BlogPosting\" itemprop=\"blogPost\" ><div class='avia_textblock  '   itemprop=\"text\" ><p style=\"text-align: justify;\">Las principales causas de las interrupciones en el suministro el\u00e9ctrico en Coyhaique y Ays\u00e9n se debieron a la ca\u00edda de \u00e1rboles, voladuras de techo y ca\u00edda de letreros publicitarios, producto de los fuertes vientos que en algunos momentos superaron los 100km\/h, en la regi\u00f3n. Debido a la magnitud del evento, desde la empresa el\u00e9ctrica Edelaysen, se inform\u00f3 que algunos de los trabajos de normalizaci\u00f3n se dilataron, ya que era necesario que las condiciones de seguridad fueran \u00f3ptimas para el desarrollo de faenas.<\/p>\n<p style=\"text-align: justify;\">Sin embargo, han estado trabajando en la reparaci\u00f3n de las l\u00edneas y postes da\u00f1ado y hoy debiesen quedar finalizadas las reparaciones de las interrupciones generadas el d\u00eda de ayer (domingo).<\/p>\n<p style=\"text-align: justify;\">Adem\u00e1s, se inform\u00f3 que por el lado del sistema Carrera, se logr\u00f3 recuperar la totalidad del suministro el\u00e9ctrico, principalmente por interrupciones en circuito de Guadal a Chile Chico, donde en el \u201cPaso de las Llaves\u201d, se cort\u00f3 el camino por ca\u00edda de material y crecida de caudales de agua.<\/p>\n<p style=\"text-align: justify;\">Ante ello, Patricio Raimilla jefe de Servicio al Cliente agreg\u00f3 que: \u201cNuestro equipo t\u00e9cnico, luego de que se despejaran las zonas d\u00f3nde hab\u00eda \u00e1rboles en el suelo, pudieron as\u00ed ejecutar los trabajos de normalizaci\u00f3n, los que se llevaron a cabo durante toda la noche y madrugada de hoy lunes. Aun as\u00ed, con todas estas adversidades, logramos restablecer el suministro el\u00e9ctrico al 99% de nuestros clientes, quedando por delante la reposici\u00f3n de interrupciones m\u00e1s aisladas las cuales quedar\u00e1n resultas durante la jornada\u201d.<\/p>\n<p style=\"text-align: justify;\">Finalmente, se informa que el personal encargado contin\u00faa trabajando en terreno para atender eventuales cortes en el suministro el\u00e9ctrico y garantizar que este sea restablecido al 100%. La empresa reafirma su compromiso con la comunidad y seguir\u00e1 trabajando en la mejora continua del servicio el\u00e9ctrico en la zona.<\/p>\n<p style=\"text-align: justify;\">Ante emergencias el ejecutivo record\u00f3 los canales de contacto: l\u00ednea gratuita 800 600 803, Twitter Facebook, p\u00e1gina web: www.edelaysen.cl<\/p>\n<\/div><\/section><\/div><div  style='height:50px' class='hr hr-invisible   avia-builder-el-6  el_after_av_one_full  el_before_av_social_share '><span class='hr-inner ' ><span class='hr-inner-style'><\/span><\/span><\/div><\/p>\n<div  class='av-social-sharing-box  avia-builder-el-7  el_after_av_hr  el_before_av_hr  '><div class='av-share-box'><h5 class='av-share-link-description av-no-toc '>Compartir esta noticia<\/h5><ul class='av-share-box-list noLightbox'><li class='av-share-link av-social-link-facebook' ><a target=\"_blank\" aria-label=\"Compartir en Facebook\" href='https:\/\/www.facebook.com\/sharer.php?u=https:\/\/radiorevelacionfm.cl\/?p=28496&#038;t=El%2099%25%20de%20los%20clientes%20de%20Edelaysen%20est%C3%A1%20con%20suministro%20el%C3%A9ctrico%20tras%20cortes%20por%20ca%C3%ADda%20de%20%C3%A1rboles' aria-hidden='false' data-av_icon='\ue8f3' data-av_iconfont='entypo-fontello' title='' data-avia-related-tooltip='Compartir en Facebook' rel=\"noopener\"><span class='avia_hidden_link_text'>Compartir en Facebook<\/span><\/a><\/li><li class='av-share-link av-social-link-twitter' ><a target=\"_blank\" aria-label=\"Compartir en Twitter\" href='https:\/\/twitter.com\/share?text=El%2099%25%20de%20los%20clientes%20de%20Edelaysen%20est%C3%A1%20con%20suministro%20el%C3%A9ctrico%20tras%20cortes%20por%20ca%C3%ADda%20de%20%C3%A1rboles&#038;url=https:\/\/radiorevelacionfm.cl\/?p=28496' aria-hidden='false' data-av_icon='\ue8f1' data-av_iconfont='entypo-fontello' title='' data-avia-related-tooltip='Compartir en Twitter' rel=\"noopener\"><span class='avia_hidden_link_text'>Compartir en Twitter<\/span><\/a><\/li><li class='av-share-link av-social-link-whatsapp' ><a target=\"_blank\" aria-label=\"Compartir en Whatsapp\" href='https:\/\/api.whatsapp.com\/send?text=https:\/\/radiorevelacionfm.cl\/?p=28496' aria-hidden='false' data-av_icon='\uf232' data-av_iconfont='entypo-fontello' title='' data-avia-related-tooltip='Compartir en Whatsapp' rel=\"noopener\"><span class='avia_hidden_link_text'>Compartir en Whatsapp<\/span><\/a><\/li><li class='av-share-link av-social-link-linkedin' ><a target=\"_blank\" aria-label=\"Compartir en LinkedIn\" href='https:\/\/linkedin.com\/shareArticle?mini=true&#038;title=El%2099%25%20de%20los%20clientes%20de%20Edelaysen%20est%C3%A1%20con%20suministro%20el%C3%A9ctrico%20tras%20cortes%20por%20ca%C3%ADda%20de%20%C3%A1rboles&#038;url=https:\/\/radiorevelacionfm.cl\/?p=28496' aria-hidden='false' data-av_icon='\ue8fc' data-av_iconfont='entypo-fontello' title='' data-avia-related-tooltip='Compartir en LinkedIn' rel=\"noopener\"><span class='avia_hidden_link_text'>Compartir en LinkedIn<\/span><\/a><\/li><li class='av-share-link av-social-link-mail' ><a  aria-label=\"Compartir por correo\" href='mailto:?subject=El%2099%25%20de%20los%20clientes%20de%20Edelaysen%20est%C3%A1%20con%20suministro%20el%C3%A9ctrico%20tras%20cortes%20por%20ca%C3%ADda%20de%20%C3%A1rboles&#038;body=https:\/\/radiorevelacionfm.cl\/?p=28496' aria-hidden='false' data-av_icon='\ue805' data-av_iconfont='entypo-fontello' title='' data-avia-related-tooltip='Compartir por correo'><span class='avia_hidden_link_text'>Compartir por correo<\/span><\/a><\/li><\/ul><\/div><\/div>\n<div  style='height:50px' class='hr hr-invisible   avia-builder-el-8  el_after_av_social_share  el_before_av_comments_list '><span class='hr-inner ' ><span class='hr-inner-style'><\/span><\/span><\/div>\n<div  class='av-buildercomment  av-blog-meta-html-info-disabled av-blog-meta-tag-disabled  '><\/div>\n","protected":false},"excerpt":{"rendered":"","protected":false},"author":1,"featured_media":28497,"comment_status":"open","ping_status":"open","sticky":false,"template":"","format":"standard","meta":{"footnotes":""},"categories":[38],"tags":[],"class_list":["post-28496","post","type-post","status-publish","format-standard","has-post-thumbnail","hentry","category-regional"],"jetpack_featured_media_url":"https:\/\/radiorevelacionfm.cl\/wp-content\/uploads\/2023\/03\/FOTO-DE-ARCHIVO-1-1-1.jpg","_links":{"self":[{"href":"https:\/\/radiorevelacionfm.cl\/index.php?rest_route=\/wp\/v2\/posts\/28496","targetHints":{"allow":["GET"]}}],"collection":[{"href":"https:\/\/radiorevelacionfm.cl\/index.php?rest_route=\/wp\/v2\/posts"}],"about":[{"href":"https:\/\/radiorevelacionfm.cl\/index.php?rest_route=\/wp\/v2\/types\/post"}],"author":[{"embeddable":true,"href":"https:\/\/radiorevelacionfm.cl\/index.php?rest_route=\/wp\/v2\/users\/1"}],"replies":[{"embeddable":true,"href":"https:\/\/radiorevelacionfm.cl\/index.php?rest_route=%2Fwp%2Fv2%2Fcomments&post=28496"}],"version-history":[{"count":2,"href":"https:\/\/radiorevelacionfm.cl\/index.php?rest_route=\/wp\/v2\/posts\/28496\/revisions"}],"predecessor-version":[{"id":28500,"href":"https:\/\/radiorevelacionfm.cl\/index.php?rest_route=\/wp\/v2\/posts\/28496\/revisions\/28500"}],"wp:featuredmedia":[{"embeddable":true,"href":"https:\/\/radiorevelacionfm.cl\/index.php?rest_route=\/wp\/v2\/media\/28497"}],"wp:attachment":[{"href":"https:\/\/radiorevelacionfm.cl\/index.php?rest_route=%2Fwp%2Fv2%2Fmedia&parent=28496"}],"wp:term":[{"taxonomy":"category","embeddable":true,"href":"https:\/\/radiorevelacionfm.cl\/index.php?rest_route=%2Fwp%2Fv2%2Fcategories&post=28496"},{"taxonomy":"post_tag","embeddable":true,"href":"https:\/\/radiorevelacionfm.cl\/index.php?rest_route=%2Fwp%2Fv2%2Ftags&post=28496"}],"curies":[{"name":"wp","href":"https:\/\/api.w.org\/{rel}","templated":true}]}}