{"id":28491,"date":"2023-03-07T09:30:27","date_gmt":"2023-03-07T12:30:27","guid":{"rendered":"https:\/\/radiorevelacionfm.cl\/?p=28491"},"modified":"2023-03-07T09:30:27","modified_gmt":"2023-03-07T12:30:27","slug":"autoridades-regionales-y-locales-inauguraron-el-ano-escolar-con-enfasis-en-la-reactivacion-educativa","status":"publish","type":"post","link":"https:\/\/radiorevelacionfm.cl\/?p=28491","title":{"rendered":"Autoridades regionales y locales inauguraron el A\u00f1o Escolar con \u00e9nfasis en la Reactivaci\u00f3n Educativa"},"content":{"rendered":"<div class=\"flex_column av_one_full  flex_column_div av-zero-column-padding first  avia-builder-el-0  el_before_av_one_full  avia-builder-el-first  \" style='border-radius:0px; '><div  class='avia-image-container  av-styling-    avia-builder-el-1  avia-builder-el-no-sibling  avia-align-center '  itemprop=\"image\" itemscope=\"itemscope\" itemtype=\"https:\/\/schema.org\/ImageObject\"  ><div class='avia-image-container-inner'><div class='avia-image-overlay-wrap'><img decoding=\"async\" class='wp-image-28492 avia-img-lazy-loading-not-28492 avia_image' src=\"https:\/\/radiorevelacionfm.cl\/wp-content\/uploads\/2023\/03\/autoridades-y-ninos-1_optimized.jpg\" alt='' title='autoridades-y-ni\u00f1os-(1)_optimized' height=\"600\" width=\"800\"  itemprop=\"thumbnailUrl\" srcset=\"https:\/\/radiorevelacionfm.cl\/wp-content\/uploads\/2023\/03\/autoridades-y-ninos-1_optimized.jpg 800w, https:\/\/radiorevelacionfm.cl\/wp-content\/uploads\/2023\/03\/autoridades-y-ninos-1_optimized-300x225.jpg 300w, https:\/\/radiorevelacionfm.cl\/wp-content\/uploads\/2023\/03\/autoridades-y-ninos-1_optimized-768x576.jpg 768w, https:\/\/radiorevelacionfm.cl\/wp-content\/uploads\/2023\/03\/autoridades-y-ninos-1_optimized-705x529.jpg 705w, https:\/\/radiorevelacionfm.cl\/wp-content\/uploads\/2023\/03\/autoridades-y-ninos-1_optimized-600x450.jpg 600w\" sizes=\"(max-width: 800px) 100vw, 800px\" \/><\/div><\/div><\/div><\/div><div class=\"flex_column av_one_full  flex_column_div av-zero-column-padding first  avia-builder-el-2  el_after_av_one_full  el_before_av_one_full  column-top-margin\" style='border-radius:0px; '><section class=\"av_textblock_section \"  itemscope=\"itemscope\" itemtype=\"https:\/\/schema.org\/BlogPosting\" itemprop=\"blogPost\" ><div class='avia_textblock  '   itemprop=\"text\" ><p style=\"text-align: center;\"><strong><span style=\"font-size: 18pt;\">Autoridades regionales y locales inauguraron el A\u00f1o Escolar con \u00e9nfasis en la Reactivaci\u00f3n Educativa<\/span><\/strong><\/p>\n<div id=\"gtx-trans\" style=\"position: absolute; left: -50px; top: 4.31534px;\">\n<div class=\"gtx-trans-icon\"><\/div>\n<\/div>\n<\/div><\/section><\/div><div class=\"flex_column av_one_full  flex_column_div av-zero-column-padding first  avia-builder-el-4  el_after_av_one_full  el_before_av_hr  column-top-margin\" style='border-radius:0px; '><section class=\"av_textblock_section \"  itemscope=\"itemscope\" itemtype=\"https:\/\/schema.org\/BlogPosting\" itemprop=\"blogPost\" ><div class='avia_textblock  '   itemprop=\"text\" ><p class=\"v1MsoNormal\" style=\"text-align: justify;\">Para dar el vamos oficial al inicio del a\u00f1o escolar, el delegado presidencial regional, Rodrigo Araya Morales, el alcalde de Coyhaique, Carlos Gatica Villegas, y la seremi de Educaci\u00f3n, Isabel Garrido Casassa, entre otras autoridades, concurrieron esta ma\u00f1ana a la Escuela Municipal V\u00edctor Domingo Silva de Coyhaique para dar la bienvenida a las y los estudiantes en su primer d\u00eda de clases.<\/p>\n<p class=\"v1MsoNormal\" style=\"text-align: justify;\">La ceremonia fue un espacio propicio para mostrar el sello de la educaci\u00f3n p\u00fablica municipal, acompa\u00f1ado del desfile de delegaciones y estandartes de las escuelas municipales urbanas y rurales de Coyhaique y el acompa\u00f1amiento musical de la Orquesta de C\u00e1mara del programa Tocando Sue\u00f1os.<\/p>\n<p class=\"v1MsoNormal\" style=\"text-align: justify;\">En su intervenci\u00f3n, el delegado presidencial regional, expres\u00f3 que \u201cestamos ac\u00e1, junto al alcalde Carlos Gatica, inaugurando este a\u00f1o escolar 2023 que tiene mucha importancia para el Gobierno del Presidente Gabriel Boric, ya que la educaci\u00f3n es fundamental para construir una sociedad m\u00e1s justa y equitativa en todos los territorios de nuestro pa\u00eds. Por eso, es tan importante el plan de Reactivaci\u00f3n Educativa\u00a0 2023, tanto en materia de convivencia escolar y salud mental, revinculaci\u00f3n educativa y tambi\u00e9n en la rehabilitaci\u00f3n de la infraestructura escolar, donde hay una inversi\u00f3n muy fuerte comprometida para nuestra regi\u00f3n. Adem\u00e1s, estamos en un proceso muy importante que es el traspaso de la administraci\u00f3n de los establecimientos educaciones desde las municipalidades al Servicio Local de Educaci\u00f3n P\u00fablica SLEP Ays\u00e9n y para que ese proceso se concrete en forma \u00f3ptima estamos trabajando coordinadamente los servicios del Estado\u201d.<\/p>\n<p class=\"v1MsoNormal\" style=\"text-align: justify;\">Por su parte, el alcalde Gatica manifest\u00f3 que \u201chemos inaugurado nuestro a\u00f1o escolar junto a nuestras autoridades regionales, junto a los trabajadores de la educaci\u00f3n municipal, profesores y estudiantes. Lo hemos hecho en conjunto porque para las instituciones del Estado, la educaci\u00f3n es una prioridad y en eso estamos trabajando junto\u00a0 la Seremi de Educaci\u00f3n, la Delegaci\u00f3n Presidencial y el Gobierno Regional de Ays\u00e9n. Como municipio estamos trabajando en la obtenci\u00f3n de tres Resoluciones Satisfactorias (RS) definitivas para las obras de reposici\u00f3n de las Escuelas Espa\u00f1a, Liceo Profesor Ricardo Navarrete y V\u00edctor Domingo Silva. Todas estas materias las estamos abordando en conjunto, porque la educaci\u00f3n es el pilar de la sociedad y as\u00ed lo entendemos como autoridades locales\u201d.<\/p>\n<p class=\"v1MsoNormal\" style=\"text-align: justify;\">La Seremi Isabel Garrido se\u00f1al\u00f3 que \u201ceste a\u00f1o, desde el Ministerio de Educaci\u00f3n seguiremos trabajando, con sentido de urgencia, por la reactivaci\u00f3n de nuestro sistema educativo. A trav\u00e9s de este plan, buscamos que las y los estudiantes asistan a clases, aprendan lo que necesiten aprender y en ambientes de sana convivencia. Este es un desaf\u00edo que nos incluye a todos, el llamado a las familias es que ni\u00f1as, ni\u00f1os y adolescentes concurran a las aulas todos los d\u00edas. Para eso, continuamos avanzando en mejoras de infraestructura, alimentaci\u00f3n y distintos programas de cuidado\u201d,<\/p>\n<p class=\"v1MsoNormal\" style=\"text-align: justify;\">En representaci\u00f3n de la gobernadora regional de Ays\u00e9n, Vania C\u00e1ceres se\u00f1al\u00f3 que \u201choy nos hacemos presentes en representaci\u00f3n de la Gobierno Regional y su Consejo para recalcar la importancia que tiene para esta administraci\u00f3n regional la situaci\u00f3n de la educaci\u00f3n regional. La pandemia dej\u00f3 muchas consecuencias, entre ellas el ausentismo escolar y los problemas de infraestructura. El Gobierno Regional se hace cargo en apoyar con los instrumentos econ\u00f3micos que posee, en este caso el Fondo Nacional de Desarrollo Regional, FND, que ha dispuesto importantes recursos para educaci\u00f3n. M\u00e1s de 3 mil millones de pesos est\u00e1n enfocado en grupos prioritarios, en la educaci\u00f3n de ni\u00f1os ni\u00f1as y adolescentes, en su salud mental y en superar los sesgos de g\u00e9nero, entre otras l\u00edneas de acci\u00f3n junto al gobierno central y las municipalidades\u201d.<\/p>\n<\/div><\/section><\/div><div  style='height:50px' class='hr hr-invisible   avia-builder-el-6  el_after_av_one_full  el_before_av_social_share '><span class='hr-inner ' ><span class='hr-inner-style'><\/span><\/span><\/div><\/p>\n<div  class='av-social-sharing-box  avia-builder-el-7  el_after_av_hr  el_before_av_hr  '><div class='av-share-box'><h5 class='av-share-link-description av-no-toc '>Compartir esta noticia<\/h5><ul class='av-share-box-list noLightbox'><li class='av-share-link av-social-link-facebook' ><a target=\"_blank\" aria-label=\"Compartir en Facebook\" href='https:\/\/www.facebook.com\/sharer.php?u=https:\/\/radiorevelacionfm.cl\/?p=28491&#038;t=Autoridades%20regionales%20y%20locales%20inauguraron%20el%20A%C3%B1o%20Escolar%20con%20%C3%A9nfasis%20en%20la%20Reactivaci%C3%B3n%20Educativa' aria-hidden='false' data-av_icon='\ue8f3' data-av_iconfont='entypo-fontello' title='' data-avia-related-tooltip='Compartir en Facebook' rel=\"noopener\"><span class='avia_hidden_link_text'>Compartir en Facebook<\/span><\/a><\/li><li class='av-share-link av-social-link-twitter' ><a target=\"_blank\" aria-label=\"Compartir en Twitter\" href='https:\/\/twitter.com\/share?text=Autoridades%20regionales%20y%20locales%20inauguraron%20el%20A%C3%B1o%20Escolar%20con%20%C3%A9nfasis%20en%20la%20Reactivaci%C3%B3n%20Educativa&#038;url=https:\/\/radiorevelacionfm.cl\/?p=28491' aria-hidden='false' data-av_icon='\ue8f1' data-av_iconfont='entypo-fontello' title='' data-avia-related-tooltip='Compartir en Twitter' rel=\"noopener\"><span class='avia_hidden_link_text'>Compartir en Twitter<\/span><\/a><\/li><li class='av-share-link av-social-link-whatsapp' ><a target=\"_blank\" aria-label=\"Compartir en Whatsapp\" href='https:\/\/api.whatsapp.com\/send?text=https:\/\/radiorevelacionfm.cl\/?p=28491' aria-hidden='false' data-av_icon='\uf232' data-av_iconfont='entypo-fontello' title='' data-avia-related-tooltip='Compartir en Whatsapp' rel=\"noopener\"><span class='avia_hidden_link_text'>Compartir en Whatsapp<\/span><\/a><\/li><li class='av-share-link av-social-link-linkedin' ><a target=\"_blank\" aria-label=\"Compartir en LinkedIn\" href='https:\/\/linkedin.com\/shareArticle?mini=true&#038;title=Autoridades%20regionales%20y%20locales%20inauguraron%20el%20A%C3%B1o%20Escolar%20con%20%C3%A9nfasis%20en%20la%20Reactivaci%C3%B3n%20Educativa&#038;url=https:\/\/radiorevelacionfm.cl\/?p=28491' aria-hidden='false' data-av_icon='\ue8fc' data-av_iconfont='entypo-fontello' title='' data-avia-related-tooltip='Compartir en LinkedIn' rel=\"noopener\"><span class='avia_hidden_link_text'>Compartir en LinkedIn<\/span><\/a><\/li><li class='av-share-link av-social-link-mail' ><a  aria-label=\"Compartir por correo\" href='mailto:?subject=Autoridades%20regionales%20y%20locales%20inauguraron%20el%20A%C3%B1o%20Escolar%20con%20%C3%A9nfasis%20en%20la%20Reactivaci%C3%B3n%20Educativa&#038;body=https:\/\/radiorevelacionfm.cl\/?p=28491' aria-hidden='false' data-av_icon='\ue805' data-av_iconfont='entypo-fontello' title='' data-avia-related-tooltip='Compartir por correo'><span class='avia_hidden_link_text'>Compartir por correo<\/span><\/a><\/li><\/ul><\/div><\/div>\n<div  style='height:50px' class='hr hr-invisible   avia-builder-el-8  el_after_av_social_share  el_before_av_comments_list '><span class='hr-inner ' ><span class='hr-inner-style'><\/span><\/span><\/div>\n<div  class='av-buildercomment  av-blog-meta-html-info-disabled av-blog-meta-tag-disabled  '><\/div>\n","protected":false},"excerpt":{"rendered":"","protected":false},"author":1,"featured_media":28492,"comment_status":"open","ping_status":"open","sticky":false,"template":"","format":"standard","meta":{"footnotes":""},"categories":[49],"tags":[],"class_list":["post-28491","post","type-post","status-publish","format-standard","has-post-thumbnail","hentry","category-educacion"],"jetpack_featured_media_url":"https:\/\/radiorevelacionfm.cl\/wp-content\/uploads\/2023\/03\/autoridades-y-ninos-1_optimized.jpg","_links":{"self":[{"href":"https:\/\/radiorevelacionfm.cl\/index.php?rest_route=\/wp\/v2\/posts\/28491","targetHints":{"allow":["GET"]}}],"collection":[{"href":"https:\/\/radiorevelacionfm.cl\/index.php?rest_route=\/wp\/v2\/posts"}],"about":[{"href":"https:\/\/radiorevelacionfm.cl\/index.php?rest_route=\/wp\/v2\/types\/post"}],"author":[{"embeddable":true,"href":"https:\/\/radiorevelacionfm.cl\/index.php?rest_route=\/wp\/v2\/users\/1"}],"replies":[{"embeddable":true,"href":"https:\/\/radiorevelacionfm.cl\/index.php?rest_route=%2Fwp%2Fv2%2Fcomments&post=28491"}],"version-history":[{"count":2,"href":"https:\/\/radiorevelacionfm.cl\/index.php?rest_route=\/wp\/v2\/posts\/28491\/revisions"}],"predecessor-version":[{"id":28511,"href":"https:\/\/radiorevelacionfm.cl\/index.php?rest_route=\/wp\/v2\/posts\/28491\/revisions\/28511"}],"wp:featuredmedia":[{"embeddable":true,"href":"https:\/\/radiorevelacionfm.cl\/index.php?rest_route=\/wp\/v2\/media\/28492"}],"wp:attachment":[{"href":"https:\/\/radiorevelacionfm.cl\/index.php?rest_route=%2Fwp%2Fv2%2Fmedia&parent=28491"}],"wp:term":[{"taxonomy":"category","embeddable":true,"href":"https:\/\/radiorevelacionfm.cl\/index.php?rest_route=%2Fwp%2Fv2%2Fcategories&post=28491"},{"taxonomy":"post_tag","embeddable":true,"href":"https:\/\/radiorevelacionfm.cl\/index.php?rest_route=%2Fwp%2Fv2%2Ftags&post=28491"}],"curies":[{"name":"wp","href":"https:\/\/api.w.org\/{rel}","templated":true}]}}