{"id":28488,"date":"2023-03-06T18:05:37","date_gmt":"2023-03-06T21:05:37","guid":{"rendered":"https:\/\/radiorevelacionfm.cl\/?p=28488"},"modified":"2023-03-06T18:05:37","modified_gmt":"2023-03-06T21:05:37","slug":"mesa-tecnica-atiende-contingencias-asociadas-a-sistema-frontal-en-aysen","status":"publish","type":"post","link":"https:\/\/radiorevelacionfm.cl\/?p=28488","title":{"rendered":"Mesa T\u00e9cnica atiende contingencias asociadas a sistema frontal en Ays\u00e9n"},"content":{"rendered":"<div class=\"flex_column av_one_full  flex_column_div av-zero-column-padding first  avia-builder-el-0  el_before_av_one_full  avia-builder-el-first  \" style='border-radius:0px; '><div  class='avia-image-container  av-styling-    avia-builder-el-1  avia-builder-el-no-sibling  avia-align-center '  itemprop=\"image\" itemscope=\"itemscope\" itemtype=\"https:\/\/schema.org\/ImageObject\"  ><div class='avia-image-container-inner'><div class='avia-image-overlay-wrap'><img decoding=\"async\" class='wp-image-28489 avia-img-lazy-loading-not-28489 avia_image' src=\"https:\/\/radiorevelacionfm.cl\/wp-content\/uploads\/2023\/03\/WhatsApp-Image-2023-03-06-at-14.56.51-1-1.jpeg\" alt='' title='WhatsApp Image 2023-03-06 at 14.56.51 (1) (1)' height=\"600\" width=\"854\"  itemprop=\"thumbnailUrl\" srcset=\"https:\/\/radiorevelacionfm.cl\/wp-content\/uploads\/2023\/03\/WhatsApp-Image-2023-03-06-at-14.56.51-1-1.jpeg 854w, https:\/\/radiorevelacionfm.cl\/wp-content\/uploads\/2023\/03\/WhatsApp-Image-2023-03-06-at-14.56.51-1-1-300x211.jpeg 300w, https:\/\/radiorevelacionfm.cl\/wp-content\/uploads\/2023\/03\/WhatsApp-Image-2023-03-06-at-14.56.51-1-1-768x540.jpeg 768w, https:\/\/radiorevelacionfm.cl\/wp-content\/uploads\/2023\/03\/WhatsApp-Image-2023-03-06-at-14.56.51-1-1-705x495.jpeg 705w, https:\/\/radiorevelacionfm.cl\/wp-content\/uploads\/2023\/03\/WhatsApp-Image-2023-03-06-at-14.56.51-1-1-600x422.jpeg 600w\" sizes=\"(max-width: 854px) 100vw, 854px\" \/><\/div><\/div><\/div><\/div><div class=\"flex_column av_one_full  flex_column_div av-zero-column-padding first  avia-builder-el-2  el_after_av_one_full  el_before_av_one_full  column-top-margin\" style='border-radius:0px; '><section class=\"av_textblock_section \"  itemscope=\"itemscope\" itemtype=\"https:\/\/schema.org\/BlogPosting\" itemprop=\"blogPost\" ><div class='avia_textblock  '   itemprop=\"text\" ><p style=\"text-align: center;\"><span style=\"font-size: 18pt;\"><b><span lang=\"ES\">Mesa T\u00e9cnica atiende contingencias asociadas a sistema frontal en Ays\u00e9n<\/span><\/b><\/span><\/p>\n<div id=\"gtx-trans\" style=\"position: absolute; left: -50px; top: 4.31534px;\">\n<div class=\"gtx-trans-icon\"><\/div>\n<\/div>\n<\/div><\/section><\/div><div class=\"flex_column av_one_full  flex_column_div av-zero-column-padding first  avia-builder-el-4  el_after_av_one_full  el_before_av_hr  column-top-margin\" style='border-radius:0px; '><section class=\"av_textblock_section \"  itemscope=\"itemscope\" itemtype=\"https:\/\/schema.org\/BlogPosting\" itemprop=\"blogPost\" ><div class='avia_textblock  '   itemprop=\"text\" ><p style=\"text-align: justify;\">Una mesa t\u00e9cnica abord\u00f3 las contingencias registradas en la Regi\u00f3n de Ays\u00e9n, producto del sistema frontal asociado a la Alerta Verde Temprana Preventiva del Servicio Nacional de Prevenci\u00f3n y Respuesta ante Desastres (SENAPRED).<\/p>\n<p style=\"text-align: justify;\">La instancia fue encabezada por el Delegado Presidencial Regional, Rodrigo Araya, con participaci\u00f3n de los delegados presidenciales provinciales Ays\u00e9n, Jorge Salfate, General Carrera, Crist\u00f3bal Barcel\u00f3 y Capit\u00e1n Prat, Marta Montiel; seremi de Obras P\u00fablicas, Patricio Sanhueza; director de Senapred, Sidi Bravo y Coronel de Carabineros Fuad Chab\u00e1n, m\u00e1s equipos t\u00e9cnicos, en coordinaci\u00f3n con la Gobernadora Andrea Mac\u00edas y alcaldes.<\/p>\n<p style=\"text-align: justify;\">\u201cToda la institucionalidad p\u00fablica del Estado, municipios, han estado coordinadamente trabajando para resolver los distintos problemas que hemos tenido, sobre todo, en conectividad. Hay algunas localidades que han tenido problemas, pero las personas en general est\u00e1n en buenas condiciones\u201d, sintetiz\u00f3 el Delegado Rodrigo Araya.<\/p>\n<p style=\"text-align: justify;\">Entre los eventos derivados de la lluvia y r\u00e1fagas de \u00a0viento de hasta 80 kil\u00f3metros por hora en Coyhaique, 24 pasajeros de un bus proveniente de Tortel fueron socorridos entre Puente Barrancoso y Puente Los \u00d1adis; dos excursionistas tuvieron dificultades para salir de la Reserva Nacional Jeinimeni en Chile Chico; una familia fue evacuada preventivamente en el sector Mall\u00edn Grande debido a aumento de caudal; y m\u00e1s de diez viviendas tuvieron da\u00f1os en evaluaci\u00f3n producto de voladuras de techumbres o ca\u00edda de \u00e1rboles en Coyhaique.<\/p>\n<p style=\"text-align: justify;\">\u201cDentro de las 14 afectaciones a las viviendas, hay una donde gracias al apoyo del Ministerio de Obras P\u00fablicas pudimos albergar a la familia en la Casa de Hu\u00e9spedes de Vialidad. Adem\u00e1s, hubo once ca\u00eddas de \u00e1rboles y un letrero\u201d, detall\u00f3 el alcalde Carlos Gatica.<\/p>\n<p style=\"text-align: justify;\">En conectividad, interrupci\u00f3n de la Ruta 7 Norte, entre el Puente Chucao y Puente Queulat, donde ya hay destinada maquinaria y cese barcaza R\u00edo Palena.<\/p>\n<p style=\"text-align: justify;\">El seremi Patricio Sanhueza detall\u00f3 que \u00abhacia el sur tenemos abierto el tr\u00e1nsito la Ruta 7 hasta Cochrane, pero se recomienda veh\u00edculos con doble tracci\u00f3n; mantenemos cerrado el camino Tranquilo-Exploradores, Ruta 265 en especial en paso Las Llaves, tenemos afectada una infraestructura en el camino Chile Chico Jeinimeni; est\u00e1 bajando el agua en el sector laguna Los Vascos y tenemos tr\u00e1nsito interrumpido con afectaci\u00f3n de la carpeta en el km 30 de la Ruta X-91 R\u00edo Bravo-Villa O\u00b4Higgins y una situaci\u00f3n similar Villa O\u00b4Higgins-Entrada Mayer y afectaci\u00f3n del camino hacia el sector Viviana y todav\u00eda, nos falta conocer en detalle la situaci\u00f3n de la red vial secundaria. En tanto, respecto a los Servicios Sanitarios Rurales o ex APR afectados son Mall\u00edn Grande, de Tranquilo y de Bah\u00eda Murta y afectados por turbiedad los de Cerro Castillo, Gran Pangal, El Salto Ays\u00e9n, El Claro, entre otros y estamos actualizando esta informaci\u00f3n\u201d.<\/p>\n<p style=\"text-align: justify;\"><strong>Medidas preventivas por parte de la comunidad<\/strong><\/p>\n<p style=\"text-align: justify;\">La Gobernadora Andrea Mac\u00edas, indic\u00f3 que el Laboratorio Eco Clim\u00e1tico del Centro de Investigaci\u00f3n en Ecosistemas de la Patagonia (CIEP), comunic\u00f3 que \u201chubo un r\u00edo atmosf\u00e9rico que atraves\u00f3 la Regi\u00f3n de Ays\u00e9n, cuya mayor intensidad se vivi\u00f3 el d\u00eda de ayer (domingo). Este r\u00edo se est\u00e1 desplazando por lo que vamos a seguir con precipitaciones y viento, pero menor. Este r\u00edo atmosf\u00e9rico se va desplazando hacia la zona norte, por lo que un llamado a los habitantes de sectores como Puyuhuapi, La Junta, Ra\u00fal Mar\u00edn Balmaceda Lago Verde, que se van a ver afectados pero no de la misma forma\u201d.<\/p>\n<p style=\"text-align: justify;\">En coordinaci\u00f3n con la Delegaci\u00f3n Presidencial de Ays\u00e9n, la Direcci\u00f3n Regional del Senapred mantiene la Alerta Temprana Preventiva Regional, por evento meteorol\u00f3gico, vigente hasta que las condiciones as\u00ed lo ameriten.<\/p>\n<p style=\"text-align: justify;\">En este contexto, se recomienda a la poblaci\u00f3n evitar la proximidad a maquinarias, cercas o rejas de metal, alambrados y l\u00edneas el\u00e9ctricas y\/o de telefon\u00eda; evitar los desplazamientos por zonas de riesgo y respetar las indicaciones establecidas por canales oficiales de las autoridades competentes.<\/p>\n<\/div><\/section><\/div><div  style='height:50px' class='hr hr-invisible   avia-builder-el-6  el_after_av_one_full  el_before_av_social_share '><span class='hr-inner ' ><span class='hr-inner-style'><\/span><\/span><\/div><\/p>\n<div  class='av-social-sharing-box  avia-builder-el-7  el_after_av_hr  el_before_av_hr  '><div class='av-share-box'><h5 class='av-share-link-description av-no-toc '>Compartir esta noticia<\/h5><ul class='av-share-box-list noLightbox'><li class='av-share-link av-social-link-facebook' ><a target=\"_blank\" aria-label=\"Compartir en Facebook\" href='https:\/\/www.facebook.com\/sharer.php?u=https:\/\/radiorevelacionfm.cl\/?p=28488&#038;t=Mesa%20T%C3%A9cnica%20atiende%20contingencias%20asociadas%20a%20sistema%20frontal%20en%20Ays%C3%A9n' aria-hidden='false' data-av_icon='\ue8f3' data-av_iconfont='entypo-fontello' title='' data-avia-related-tooltip='Compartir en Facebook' rel=\"noopener\"><span class='avia_hidden_link_text'>Compartir en Facebook<\/span><\/a><\/li><li class='av-share-link av-social-link-twitter' ><a target=\"_blank\" aria-label=\"Compartir en Twitter\" href='https:\/\/twitter.com\/share?text=Mesa%20T%C3%A9cnica%20atiende%20contingencias%20asociadas%20a%20sistema%20frontal%20en%20Ays%C3%A9n&#038;url=https:\/\/radiorevelacionfm.cl\/?p=28488' aria-hidden='false' data-av_icon='\ue8f1' data-av_iconfont='entypo-fontello' title='' data-avia-related-tooltip='Compartir en Twitter' rel=\"noopener\"><span class='avia_hidden_link_text'>Compartir en Twitter<\/span><\/a><\/li><li class='av-share-link av-social-link-whatsapp' ><a target=\"_blank\" aria-label=\"Compartir en Whatsapp\" href='https:\/\/api.whatsapp.com\/send?text=https:\/\/radiorevelacionfm.cl\/?p=28488' aria-hidden='false' data-av_icon='\uf232' data-av_iconfont='entypo-fontello' title='' data-avia-related-tooltip='Compartir en Whatsapp' rel=\"noopener\"><span class='avia_hidden_link_text'>Compartir en Whatsapp<\/span><\/a><\/li><li class='av-share-link av-social-link-linkedin' ><a target=\"_blank\" aria-label=\"Compartir en LinkedIn\" href='https:\/\/linkedin.com\/shareArticle?mini=true&#038;title=Mesa%20T%C3%A9cnica%20atiende%20contingencias%20asociadas%20a%20sistema%20frontal%20en%20Ays%C3%A9n&#038;url=https:\/\/radiorevelacionfm.cl\/?p=28488' aria-hidden='false' data-av_icon='\ue8fc' data-av_iconfont='entypo-fontello' title='' data-avia-related-tooltip='Compartir en LinkedIn' rel=\"noopener\"><span class='avia_hidden_link_text'>Compartir en LinkedIn<\/span><\/a><\/li><li class='av-share-link av-social-link-mail' ><a  aria-label=\"Compartir por correo\" href='mailto:?subject=Mesa%20T%C3%A9cnica%20atiende%20contingencias%20asociadas%20a%20sistema%20frontal%20en%20Ays%C3%A9n&#038;body=https:\/\/radiorevelacionfm.cl\/?p=28488' aria-hidden='false' data-av_icon='\ue805' data-av_iconfont='entypo-fontello' title='' data-avia-related-tooltip='Compartir por correo'><span class='avia_hidden_link_text'>Compartir por correo<\/span><\/a><\/li><\/ul><\/div><\/div>\n<div  style='height:50px' class='hr hr-invisible   avia-builder-el-8  el_after_av_social_share  el_before_av_comments_list '><span class='hr-inner ' ><span class='hr-inner-style'><\/span><\/span><\/div>\n<div  class='av-buildercomment  av-blog-meta-html-info-disabled av-blog-meta-tag-disabled  '><\/div>\n","protected":false},"excerpt":{"rendered":"","protected":false},"author":1,"featured_media":28489,"comment_status":"open","ping_status":"open","sticky":false,"template":"","format":"standard","meta":{"footnotes":""},"categories":[38],"tags":[],"class_list":["post-28488","post","type-post","status-publish","format-standard","has-post-thumbnail","hentry","category-regional"],"jetpack_featured_media_url":"https:\/\/radiorevelacionfm.cl\/wp-content\/uploads\/2023\/03\/WhatsApp-Image-2023-03-06-at-14.56.51-1-1.jpeg","_links":{"self":[{"href":"https:\/\/radiorevelacionfm.cl\/index.php?rest_route=\/wp\/v2\/posts\/28488","targetHints":{"allow":["GET"]}}],"collection":[{"href":"https:\/\/radiorevelacionfm.cl\/index.php?rest_route=\/wp\/v2\/posts"}],"about":[{"href":"https:\/\/radiorevelacionfm.cl\/index.php?rest_route=\/wp\/v2\/types\/post"}],"author":[{"embeddable":true,"href":"https:\/\/radiorevelacionfm.cl\/index.php?rest_route=\/wp\/v2\/users\/1"}],"replies":[{"embeddable":true,"href":"https:\/\/radiorevelacionfm.cl\/index.php?rest_route=%2Fwp%2Fv2%2Fcomments&post=28488"}],"version-history":[{"count":2,"href":"https:\/\/radiorevelacionfm.cl\/index.php?rest_route=\/wp\/v2\/posts\/28488\/revisions"}],"predecessor-version":[{"id":28495,"href":"https:\/\/radiorevelacionfm.cl\/index.php?rest_route=\/wp\/v2\/posts\/28488\/revisions\/28495"}],"wp:featuredmedia":[{"embeddable":true,"href":"https:\/\/radiorevelacionfm.cl\/index.php?rest_route=\/wp\/v2\/media\/28489"}],"wp:attachment":[{"href":"https:\/\/radiorevelacionfm.cl\/index.php?rest_route=%2Fwp%2Fv2%2Fmedia&parent=28488"}],"wp:term":[{"taxonomy":"category","embeddable":true,"href":"https:\/\/radiorevelacionfm.cl\/index.php?rest_route=%2Fwp%2Fv2%2Fcategories&post=28488"},{"taxonomy":"post_tag","embeddable":true,"href":"https:\/\/radiorevelacionfm.cl\/index.php?rest_route=%2Fwp%2Fv2%2Ftags&post=28488"}],"curies":[{"name":"wp","href":"https:\/\/api.w.org\/{rel}","templated":true}]}}