{"id":28485,"date":"2023-03-06T20:03:04","date_gmt":"2023-03-06T23:03:04","guid":{"rendered":"https:\/\/radiorevelacionfm.cl\/?p=28485"},"modified":"2023-03-06T20:03:04","modified_gmt":"2023-03-06T23:03:04","slug":"director-de-seguridad-publica-de-aysen-somos-el-municipio-que-obtuvo-mas-recursos-en-seguridad-la-disminucion-de-los-delitos-es-producto-del-trabajo-de-carabineros-y-nuestra-colaboracion","status":"publish","type":"post","link":"https:\/\/radiorevelacionfm.cl\/?p=28485","title":{"rendered":"Director de Seguridad P\u00fablica de Ays\u00e9n: \u201cSomos el municipio que obtuvo m\u00e1s recursos en Seguridad, la disminuci\u00f3n de los delitos es producto del trabajo de Carabineros y nuestra colaboraci\u00f3n\u201d"},"content":{"rendered":"<div class=\"flex_column av_one_full  flex_column_div av-zero-column-padding first  avia-builder-el-0  el_before_av_one_full  avia-builder-el-first  \" style='border-radius:0px; '><div  class='avia-image-container  av-styling-    avia-builder-el-1  avia-builder-el-no-sibling  avia-align-center '  itemprop=\"image\" itemscope=\"itemscope\" itemtype=\"https:\/\/schema.org\/ImageObject\"  ><div class='avia-image-container-inner'><div class='avia-image-overlay-wrap'><img decoding=\"async\" class='wp-image-28486 avia-img-lazy-loading-not-28486 avia_image' src=\"https:\/\/radiorevelacionfm.cl\/wp-content\/uploads\/2023\/03\/IMG-20230302-WA0033-1-1.jpg\" alt='' title='IMG-20230302-WA0033 (1) (1)' height=\"600\" width=\"901\"  itemprop=\"thumbnailUrl\" srcset=\"https:\/\/radiorevelacionfm.cl\/wp-content\/uploads\/2023\/03\/IMG-20230302-WA0033-1-1.jpg 901w, https:\/\/radiorevelacionfm.cl\/wp-content\/uploads\/2023\/03\/IMG-20230302-WA0033-1-1-300x200.jpg 300w, https:\/\/radiorevelacionfm.cl\/wp-content\/uploads\/2023\/03\/IMG-20230302-WA0033-1-1-768x511.jpg 768w, https:\/\/radiorevelacionfm.cl\/wp-content\/uploads\/2023\/03\/IMG-20230302-WA0033-1-1-705x469.jpg 705w, https:\/\/radiorevelacionfm.cl\/wp-content\/uploads\/2023\/03\/IMG-20230302-WA0033-1-1-600x400.jpg 600w\" sizes=\"(max-width: 901px) 100vw, 901px\" \/><\/div><\/div><\/div><\/div><div class=\"flex_column av_one_full  flex_column_div av-zero-column-padding first  avia-builder-el-2  el_after_av_one_full  el_before_av_one_full  column-top-margin\" style='border-radius:0px; '><section class=\"av_textblock_section \"  itemscope=\"itemscope\" itemtype=\"https:\/\/schema.org\/BlogPosting\" itemprop=\"blogPost\" ><div class='avia_textblock  '   itemprop=\"text\" ><p style=\"text-align: center;\"><strong><span style=\"font-size: 18pt;\">Director de Seguridad P\u00fablica de Ays\u00e9n: \u201cSomos el municipio que obtuvo m\u00e1s recursos en Seguridad, la disminuci\u00f3n de los delitos es producto del trabajo de Carabineros y nuestra colaboraci\u00f3n\u201d <\/span><\/strong><\/p>\n<div id=\"gtx-trans\" style=\"position: absolute; left: -50px; top: 4.31534px;\">\n<div class=\"gtx-trans-icon\"><\/div>\n<\/div>\n<\/div><\/section><\/div><div class=\"flex_column av_one_full  flex_column_div av-zero-column-padding first  avia-builder-el-4  el_after_av_one_full  el_before_av_hr  column-top-margin\" style='border-radius:0px; '><section class=\"av_textblock_section \"  itemscope=\"itemscope\" itemtype=\"https:\/\/schema.org\/BlogPosting\" itemprop=\"blogPost\" ><div class='avia_textblock  '   itemprop=\"text\" ><p style=\"text-align: justify;\">La semana pasada, diversos hechos hicieron que la seguridad p\u00fablica estuviese en el foco de la agenda regional, destacando la demolici\u00f3n de un inmueble de propiedad municipal que se encontraba tomado por \u2018okupas\u2019 y ten\u00edan amedrentados a los vecinos del sector del antiguo hospital, la denuncia interpuesta por el director de Seguridad P\u00fablica de Ays\u00e9n contra una vecina de Puerto Chacabuco por presuntas amenazas y agresiones contra vecinos, y la firma del convenio OS-14 entre la Municipalidad de Ays\u00e9n y Carabineros de Chile.<\/p>\n<p style=\"text-align: justify;\">Respecto a ello, el director de Seguridad P\u00fablica de la Municipalidad de Ays\u00e9n, Marco Co\u00f1uecar, se\u00f1al\u00f3 que \u201cnuestro equipo se encuentra en constante movimiento. Hemos continuado con los patrullajes preventivos nocturnos y hemos seguido apoyando con acciones que permitan entregar mayor resguardo a la comunidad, gestionando m\u00e1s recursos para la comuna en materia de seguridad\u201d.<\/p>\n<p style=\"text-align: justify;\">El municipio se adjudic\u00f3 un monto de m\u00e1s de 180 millones de pesos provenientes del Programa de Mejoramiento Urbano de la Subdere y la Subsecretar\u00eda de Prevenci\u00f3n del Delito, los que fueron gestionados desde la direcci\u00f3n previamente se\u00f1alada. Respecto a ello, Co\u00f1uecar indic\u00f3 que \u201csomos el municipio que m\u00e1s recursos obtuvo en el \u00e1rea de seguridad. Esto no sucede por azar, sino que es producto del trabajo constante.\u201d<\/p>\n<p style=\"text-align: justify;\">Co\u00f1uecar indic\u00f3 que en estos momentos lo importante es enfocarse en los avances que se realizan y los aspectos positivos que se han gestionado, agregando que \u201clo importante es reconocer el trabajo de Carabineros y visibilizar el apoyo que nos entregan constantemente, sobre el que pr\u00f3ximamente firmaremos un convenio que nos permitir\u00e1 llegar a m\u00e1s vecinos\u201d, recalcando as\u00ed las acciones que se est\u00e1n tomando desde la direcci\u00f3n para reforzar la seguridad comunal.<\/p>\n<p style=\"text-align: justify;\">Respecto del Plan de Seguridad P\u00fablica 2023, Co\u00f1uecar agreg\u00f3 que \u201cnuestra matriz del plan comunal se dise\u00f1\u00f3 sobre la base de una encuesta realizada en Ays\u00e9n, con la finalidad de dar pertinencia a nuestro programa de trabajo y que este se construya atendiendo a las necesidades de nuestros vecinos\u201d.<\/p>\n<\/div><\/section><\/div><div  style='height:50px' class='hr hr-invisible   avia-builder-el-6  el_after_av_one_full  el_before_av_social_share '><span class='hr-inner ' ><span class='hr-inner-style'><\/span><\/span><\/div><\/p>\n<div  class='av-social-sharing-box  avia-builder-el-7  el_after_av_hr  el_before_av_hr  '><div class='av-share-box'><h5 class='av-share-link-description av-no-toc '>Compartir esta noticia<\/h5><ul class='av-share-box-list noLightbox'><li class='av-share-link av-social-link-facebook' ><a target=\"_blank\" aria-label=\"Compartir en Facebook\" href='https:\/\/www.facebook.com\/sharer.php?u=https:\/\/radiorevelacionfm.cl\/?p=28485&#038;t=Director%20de%20Seguridad%20P%C3%BAblica%20de%20Ays%C3%A9n%3A%20%E2%80%9CSomos%20el%20municipio%20que%20obtuvo%20m%C3%A1s%20recursos%20en%20Seguridad%2C%20la%20disminuci%C3%B3n%20de%20los%20delitos%20es%20producto%20del%20trabajo%20de%20Carabineros%20y%20nuestra%20colaboraci%C3%B3n%E2%80%9D' aria-hidden='false' data-av_icon='\ue8f3' data-av_iconfont='entypo-fontello' title='' data-avia-related-tooltip='Compartir en Facebook' rel=\"noopener\"><span class='avia_hidden_link_text'>Compartir en Facebook<\/span><\/a><\/li><li class='av-share-link av-social-link-twitter' ><a target=\"_blank\" aria-label=\"Compartir en Twitter\" href='https:\/\/twitter.com\/share?text=Director%20de%20Seguridad%20P%C3%BAblica%20de%20Ays%C3%A9n%3A%20%E2%80%9CSomos%20el%20municipio%20que%20obtuvo%20m%C3%A1s%20recursos%20en%20Seguridad%2C%20la%20disminuci%C3%B3n%20de%20los%20delitos%20es%20producto%20del%20trabajo%20de%20Carabineros%20y%20nuestra%20colaboraci%C3%B3n%E2%80%9D&#038;url=https:\/\/radiorevelacionfm.cl\/?p=28485' aria-hidden='false' data-av_icon='\ue8f1' data-av_iconfont='entypo-fontello' title='' data-avia-related-tooltip='Compartir en Twitter' rel=\"noopener\"><span class='avia_hidden_link_text'>Compartir en Twitter<\/span><\/a><\/li><li class='av-share-link av-social-link-whatsapp' ><a target=\"_blank\" aria-label=\"Compartir en Whatsapp\" href='https:\/\/api.whatsapp.com\/send?text=https:\/\/radiorevelacionfm.cl\/?p=28485' aria-hidden='false' data-av_icon='\uf232' data-av_iconfont='entypo-fontello' title='' data-avia-related-tooltip='Compartir en Whatsapp' rel=\"noopener\"><span class='avia_hidden_link_text'>Compartir en Whatsapp<\/span><\/a><\/li><li class='av-share-link av-social-link-linkedin' ><a target=\"_blank\" aria-label=\"Compartir en LinkedIn\" href='https:\/\/linkedin.com\/shareArticle?mini=true&#038;title=Director%20de%20Seguridad%20P%C3%BAblica%20de%20Ays%C3%A9n%3A%20%E2%80%9CSomos%20el%20municipio%20que%20obtuvo%20m%C3%A1s%20recursos%20en%20Seguridad%2C%20la%20disminuci%C3%B3n%20de%20los%20delitos%20es%20producto%20del%20trabajo%20de%20Carabineros%20y%20nuestra%20colaboraci%C3%B3n%E2%80%9D&#038;url=https:\/\/radiorevelacionfm.cl\/?p=28485' aria-hidden='false' data-av_icon='\ue8fc' data-av_iconfont='entypo-fontello' title='' data-avia-related-tooltip='Compartir en LinkedIn' rel=\"noopener\"><span class='avia_hidden_link_text'>Compartir en LinkedIn<\/span><\/a><\/li><li class='av-share-link av-social-link-mail' ><a  aria-label=\"Compartir por correo\" href='mailto:?subject=Director%20de%20Seguridad%20P%C3%BAblica%20de%20Ays%C3%A9n%3A%20%E2%80%9CSomos%20el%20municipio%20que%20obtuvo%20m%C3%A1s%20recursos%20en%20Seguridad%2C%20la%20disminuci%C3%B3n%20de%20los%20delitos%20es%20producto%20del%20trabajo%20de%20Carabineros%20y%20nuestra%20colaboraci%C3%B3n%E2%80%9D&#038;body=https:\/\/radiorevelacionfm.cl\/?p=28485' aria-hidden='false' data-av_icon='\ue805' data-av_iconfont='entypo-fontello' title='' data-avia-related-tooltip='Compartir por correo'><span class='avia_hidden_link_text'>Compartir por correo<\/span><\/a><\/li><\/ul><\/div><\/div>\n<div  style='height:50px' class='hr hr-invisible   avia-builder-el-8  el_after_av_social_share  el_before_av_comments_list '><span class='hr-inner ' ><span class='hr-inner-style'><\/span><\/span><\/div>\n<div  class='av-buildercomment  av-blog-meta-html-info-disabled av-blog-meta-tag-disabled  '><\/div>\n","protected":false},"excerpt":{"rendered":"","protected":false},"author":1,"featured_media":28486,"comment_status":"open","ping_status":"open","sticky":false,"template":"","format":"standard","meta":{"footnotes":""},"categories":[38],"tags":[],"class_list":["post-28485","post","type-post","status-publish","format-standard","has-post-thumbnail","hentry","category-regional"],"jetpack_featured_media_url":"https:\/\/radiorevelacionfm.cl\/wp-content\/uploads\/2023\/03\/IMG-20230302-WA0033-1-1.jpg","_links":{"self":[{"href":"https:\/\/radiorevelacionfm.cl\/index.php?rest_route=\/wp\/v2\/posts\/28485","targetHints":{"allow":["GET"]}}],"collection":[{"href":"https:\/\/radiorevelacionfm.cl\/index.php?rest_route=\/wp\/v2\/posts"}],"about":[{"href":"https:\/\/radiorevelacionfm.cl\/index.php?rest_route=\/wp\/v2\/types\/post"}],"author":[{"embeddable":true,"href":"https:\/\/radiorevelacionfm.cl\/index.php?rest_route=\/wp\/v2\/users\/1"}],"replies":[{"embeddable":true,"href":"https:\/\/radiorevelacionfm.cl\/index.php?rest_route=%2Fwp%2Fv2%2Fcomments&post=28485"}],"version-history":[{"count":2,"href":"https:\/\/radiorevelacionfm.cl\/index.php?rest_route=\/wp\/v2\/posts\/28485\/revisions"}],"predecessor-version":[{"id":28499,"href":"https:\/\/radiorevelacionfm.cl\/index.php?rest_route=\/wp\/v2\/posts\/28485\/revisions\/28499"}],"wp:featuredmedia":[{"embeddable":true,"href":"https:\/\/radiorevelacionfm.cl\/index.php?rest_route=\/wp\/v2\/media\/28486"}],"wp:attachment":[{"href":"https:\/\/radiorevelacionfm.cl\/index.php?rest_route=%2Fwp%2Fv2%2Fmedia&parent=28485"}],"wp:term":[{"taxonomy":"category","embeddable":true,"href":"https:\/\/radiorevelacionfm.cl\/index.php?rest_route=%2Fwp%2Fv2%2Fcategories&post=28485"},{"taxonomy":"post_tag","embeddable":true,"href":"https:\/\/radiorevelacionfm.cl\/index.php?rest_route=%2Fwp%2Fv2%2Ftags&post=28485"}],"curies":[{"name":"wp","href":"https:\/\/api.w.org\/{rel}","templated":true}]}}