{"id":28469,"date":"2023-03-06T16:09:52","date_gmt":"2023-03-06T19:09:52","guid":{"rendered":"https:\/\/radiorevelacionfm.cl\/?p=28469"},"modified":"2023-03-06T21:42:46","modified_gmt":"2023-03-07T00:42:46","slug":"culmina-tour-patrimonial-en-puerto-cisnes-conmemorando-el-dia-internacional-de-la-mujer","status":"publish","type":"post","link":"https:\/\/radiorevelacionfm.cl\/?p=28469","title":{"rendered":"Culmina Tour Patrimonial en Puerto Cisnes conmemorando el D\u00eda Internacional de la Mujer"},"content":{"rendered":"<div class=\"flex_column av_one_full  flex_column_div av-zero-column-padding first  avia-builder-el-0  el_before_av_one_full  avia-builder-el-first  \" style='border-radius:0px; '><div  class='avia-image-container  av-styling-    avia-builder-el-1  avia-builder-el-no-sibling  avia-align-center '  itemprop=\"image\" itemscope=\"itemscope\" itemtype=\"https:\/\/schema.org\/ImageObject\"  ><div class='avia-image-container-inner'><div class='avia-image-overlay-wrap'><img decoding=\"async\" class='wp-image-28470 avia-img-lazy-loading-not-28470 avia_image' src=\"https:\/\/radiorevelacionfm.cl\/wp-content\/uploads\/2023\/03\/fotos-tour-2-1-1.jpeg\" alt='' title='fotos tour (2) (1) (1)' height=\"599\" width=\"518\"  itemprop=\"thumbnailUrl\" srcset=\"https:\/\/radiorevelacionfm.cl\/wp-content\/uploads\/2023\/03\/fotos-tour-2-1-1.jpeg 518w, https:\/\/radiorevelacionfm.cl\/wp-content\/uploads\/2023\/03\/fotos-tour-2-1-1-259x300.jpeg 259w\" sizes=\"(max-width: 518px) 100vw, 518px\" \/><\/div><\/div><\/div><\/div><div class=\"flex_column av_one_full  flex_column_div av-zero-column-padding first  avia-builder-el-2  el_after_av_one_full  el_before_av_one_full  column-top-margin\" style='border-radius:0px; '><section class=\"av_textblock_section \"  itemscope=\"itemscope\" itemtype=\"https:\/\/schema.org\/BlogPosting\" itemprop=\"blogPost\" ><div class='avia_textblock  '   itemprop=\"text\" ><p style=\"text-align: center;\"><strong><span style=\"font-size: 18pt;\">Culmina Tour Patrimonial en Puerto Cisnes conmemorando el D\u00eda Internacional de la Mujer<\/span><\/strong><\/p>\n<div id=\"gtx-trans\" style=\"position: absolute; left: -50px; top: 4.31534px;\">\n<div class=\"gtx-trans-icon\"><\/div>\n<\/div>\n<\/div><\/section><\/div><div class=\"flex_column av_one_full  flex_column_div av-zero-column-padding first  avia-builder-el-4  el_after_av_one_full  el_before_av_hr  column-top-margin\" style='border-radius:0px; '><section class=\"av_textblock_section \"  itemscope=\"itemscope\" itemtype=\"https:\/\/schema.org\/BlogPosting\" itemprop=\"blogPost\" ><div class='avia_textblock  '   itemprop=\"text\" ><p style=\"text-align: justify;\">Durante el pasado mes de febrero se dio inicio a un importante proyecto con el objetivo de rescatar la cultura patrimonial de Puerto Cisnes, el proyecto en su fase inicial estren\u00f3 el microdocumental <strong>\u201cTour Patrimonial\u201d <\/strong>y una ruta que se llev\u00f3 a cabo durante todos los s\u00e1bados de ese mes.<\/p>\n<p style=\"text-align: justify;\">Iniciativa que en marzo entra en su fase final, programando el cierre para este mi\u00e9rcoles 08 de marzo con el \u00faltimo recorrido a las 11:30 de la ma\u00f1ana, fecha en que adem\u00e1s se conmemora el D\u00eda Internacional de la Mujer.<\/p>\n<p style=\"text-align: justify;\">La encargada del proyecto, Mar\u00eda Antonietta Inostroza Garabito, profesional de las artes esc\u00e9nicas y gesti\u00f3n cultural, destac\u00f3 la participaci\u00f3n de quienes asistieron a esta iniciativa, recalcando que la actividad super\u00f3 ampliamente las expectativas propuestas, no solo por las personas que fueron parte del tour, sino por la experiencia que se gener\u00f3 dentro de los mismos recorridos, puesto que las vecinas y vecinos que participaron contribuyeron con sus an\u00e9cdotas, historias, gener\u00e1ndose as\u00ed un espacio cultural, de emotivo encuentro con personas que no se ve\u00edan hace much\u00edsimo tiempo.<\/p>\n<p style=\"text-align: justify;\">Durante el desarrollo del Tour Patrimonial, que inici\u00f3 el s\u00e1bado 04 de febrero, con una importante convocatoria, los participantes pudieron visitar 10 inmuebles, completando en total de cerca de 60 minutos de recorrido. En su \u00faltima etapa para esta semana la entidad cultural busc\u00f3 asociarse y realizar un trabajo conjunto con la Oficina de la Mujer de la Municipalidad de Cisnes, dirigida por Nicole N\u00fa\u00f1ez, con la finalidad de invitar a las mujeres a conmemorar el D\u00eda Internacional de la Mujer.<\/p>\n<p style=\"text-align: justify;\">Al final del recorrido patrimonial del d\u00eda <strong>8 de marzo, <\/strong>las visitantes recibir\u00e1n un peque\u00f1o recuerdo en formato polaroid, y ser\u00e1n invitadas a presenciar el microdocumental en dependencias de la Biblioteca Municipal y participar de un conversatorio, para finalizar con un peque\u00f1o c\u00f3ctel en conmemoraci\u00f3n del D\u00eda Internacional de la Mujer.<\/p>\n<p style=\"text-align: justify;\">Finalmente, Mar\u00eda Antonietta Inostroza enfatiz\u00f3 en la incre\u00edble experiencia que signific\u00f3 este proyecto, por lo que invit\u00f3 a la comunidad a seguir reconociendo y compartiendo su historia.<\/p>\n<p style=\"text-align: justify;\">Esta iniciativa fue ejecutada y desarrollada por la Agrupaci\u00f3n Cultural Arte y Mate, con el financiamiento 7% del Gobierno Regional, contando adem\u00e1s con la colaboraci\u00f3n de Catarsis Film, Radio Revelaci\u00f3n, Radio Aut\u00e9ntica, Finisterra, Hostal Bellavista, entre otros emprendedores locales pertenecientes a la C\u00e1mara de Turismo y Comercio.<\/p>\n<\/div><\/section><\/div><div  style='height:50px' class='hr hr-invisible   avia-builder-el-6  el_after_av_one_full  el_before_av_social_share '><span class='hr-inner ' ><span class='hr-inner-style'><\/span><\/span><\/div><\/p>\n<div  class='av-social-sharing-box  avia-builder-el-7  el_after_av_hr  el_before_av_hr  '><div class='av-share-box'><h5 class='av-share-link-description av-no-toc '>Compartir esta noticia<\/h5><ul class='av-share-box-list noLightbox'><li class='av-share-link av-social-link-facebook' ><a target=\"_blank\" aria-label=\"Compartir en Facebook\" href='https:\/\/www.facebook.com\/sharer.php?u=https:\/\/radiorevelacionfm.cl\/?p=28469&#038;t=Culmina%20Tour%20Patrimonial%20en%20Puerto%20Cisnes%20conmemorando%20el%20D%C3%ADa%20Internacional%20de%20la%20Mujer' aria-hidden='false' data-av_icon='\ue8f3' data-av_iconfont='entypo-fontello' title='' data-avia-related-tooltip='Compartir en Facebook' rel=\"noopener\"><span class='avia_hidden_link_text'>Compartir en Facebook<\/span><\/a><\/li><li class='av-share-link av-social-link-twitter' ><a target=\"_blank\" aria-label=\"Compartir en Twitter\" href='https:\/\/twitter.com\/share?text=Culmina%20Tour%20Patrimonial%20en%20Puerto%20Cisnes%20conmemorando%20el%20D%C3%ADa%20Internacional%20de%20la%20Mujer&#038;url=https:\/\/radiorevelacionfm.cl\/?p=28469' aria-hidden='false' data-av_icon='\ue8f1' data-av_iconfont='entypo-fontello' title='' data-avia-related-tooltip='Compartir en Twitter' rel=\"noopener\"><span class='avia_hidden_link_text'>Compartir en Twitter<\/span><\/a><\/li><li class='av-share-link av-social-link-whatsapp' ><a target=\"_blank\" aria-label=\"Compartir en Whatsapp\" href='https:\/\/api.whatsapp.com\/send?text=https:\/\/radiorevelacionfm.cl\/?p=28469' aria-hidden='false' data-av_icon='\uf232' data-av_iconfont='entypo-fontello' title='' data-avia-related-tooltip='Compartir en Whatsapp' rel=\"noopener\"><span class='avia_hidden_link_text'>Compartir en Whatsapp<\/span><\/a><\/li><li class='av-share-link av-social-link-linkedin' ><a target=\"_blank\" aria-label=\"Compartir en LinkedIn\" href='https:\/\/linkedin.com\/shareArticle?mini=true&#038;title=Culmina%20Tour%20Patrimonial%20en%20Puerto%20Cisnes%20conmemorando%20el%20D%C3%ADa%20Internacional%20de%20la%20Mujer&#038;url=https:\/\/radiorevelacionfm.cl\/?p=28469' aria-hidden='false' data-av_icon='\ue8fc' data-av_iconfont='entypo-fontello' title='' data-avia-related-tooltip='Compartir en LinkedIn' rel=\"noopener\"><span class='avia_hidden_link_text'>Compartir en LinkedIn<\/span><\/a><\/li><li class='av-share-link av-social-link-mail' ><a  aria-label=\"Compartir por correo\" href='mailto:?subject=Culmina%20Tour%20Patrimonial%20en%20Puerto%20Cisnes%20conmemorando%20el%20D%C3%ADa%20Internacional%20de%20la%20Mujer&#038;body=https:\/\/radiorevelacionfm.cl\/?p=28469' aria-hidden='false' data-av_icon='\ue805' data-av_iconfont='entypo-fontello' title='' data-avia-related-tooltip='Compartir por correo'><span class='avia_hidden_link_text'>Compartir por correo<\/span><\/a><\/li><\/ul><\/div><\/div>\n<div  style='height:50px' class='hr hr-invisible   avia-builder-el-8  el_after_av_social_share  el_before_av_comments_list '><span class='hr-inner ' ><span class='hr-inner-style'><\/span><\/span><\/div>\n<div  class='av-buildercomment  av-blog-meta-html-info-disabled av-blog-meta-tag-disabled  '><\/div>\n","protected":false},"excerpt":{"rendered":"","protected":false},"author":1,"featured_media":28502,"comment_status":"open","ping_status":"open","sticky":false,"template":"","format":"standard","meta":{"footnotes":""},"categories":[38],"tags":[],"class_list":["post-28469","post","type-post","status-publish","format-standard","has-post-thumbnail","hentry","category-regional"],"jetpack_featured_media_url":"https:\/\/radiorevelacionfm.cl\/wp-content\/uploads\/2023\/03\/fotos-tour-2-5_optimized-1.jpeg","_links":{"self":[{"href":"https:\/\/radiorevelacionfm.cl\/index.php?rest_route=\/wp\/v2\/posts\/28469","targetHints":{"allow":["GET"]}}],"collection":[{"href":"https:\/\/radiorevelacionfm.cl\/index.php?rest_route=\/wp\/v2\/posts"}],"about":[{"href":"https:\/\/radiorevelacionfm.cl\/index.php?rest_route=\/wp\/v2\/types\/post"}],"author":[{"embeddable":true,"href":"https:\/\/radiorevelacionfm.cl\/index.php?rest_route=\/wp\/v2\/users\/1"}],"replies":[{"embeddable":true,"href":"https:\/\/radiorevelacionfm.cl\/index.php?rest_route=%2Fwp%2Fv2%2Fcomments&post=28469"}],"version-history":[{"count":2,"href":"https:\/\/radiorevelacionfm.cl\/index.php?rest_route=\/wp\/v2\/posts\/28469\/revisions"}],"predecessor-version":[{"id":28501,"href":"https:\/\/radiorevelacionfm.cl\/index.php?rest_route=\/wp\/v2\/posts\/28469\/revisions\/28501"}],"wp:featuredmedia":[{"embeddable":true,"href":"https:\/\/radiorevelacionfm.cl\/index.php?rest_route=\/wp\/v2\/media\/28502"}],"wp:attachment":[{"href":"https:\/\/radiorevelacionfm.cl\/index.php?rest_route=%2Fwp%2Fv2%2Fmedia&parent=28469"}],"wp:term":[{"taxonomy":"category","embeddable":true,"href":"https:\/\/radiorevelacionfm.cl\/index.php?rest_route=%2Fwp%2Fv2%2Fcategories&post=28469"},{"taxonomy":"post_tag","embeddable":true,"href":"https:\/\/radiorevelacionfm.cl\/index.php?rest_route=%2Fwp%2Fv2%2Ftags&post=28469"}],"curies":[{"name":"wp","href":"https:\/\/api.w.org\/{rel}","templated":true}]}}