{"id":2846,"date":"2021-02-21T15:13:22","date_gmt":"2021-02-21T18:13:22","guid":{"rendered":"https:\/\/radiorevelacionfm.cl\/?p=2846"},"modified":"2021-02-21T15:13:22","modified_gmt":"2021-02-21T18:13:22","slug":"en-puerto-aysen-y-coyhaique-se-realizaron-operativos-de-vacunacion-contra-el-covid-19-este-fin-de-semana","status":"publish","type":"post","link":"https:\/\/radiorevelacionfm.cl\/?p=2846","title":{"rendered":"En Puerto Ays\u00e9n y Coyhaique se realizaron operativos de vacunaci\u00f3n contra el COVID-19 este fin de semana"},"content":{"rendered":"<div class=\"flex_column av_one_full  flex_column_div av-zero-column-padding first  avia-builder-el-0  el_before_av_one_full  avia-builder-el-first  \" style='border-radius:0px; '><div  class='avia-image-container  av-styling-    avia-builder-el-1  avia-builder-el-no-sibling  avia-align-center '  itemprop=\"image\" itemscope=\"itemscope\" itemtype=\"https:\/\/schema.org\/ImageObject\"  ><div class='avia-image-container-inner'><div class='avia-image-overlay-wrap'><img decoding=\"async\" class='wp-image-0 avia-img-lazy-loading-not-0 avia_image' src=\"https:\/\/radiorevelacionfm.cl\/wp-content\/uploads\/2021\/02\/prensa1-4-1.jpeg\" alt='' title=''   itemprop=\"thumbnailUrl\"  \/><\/div><\/div><\/div><\/div><div class=\"flex_column av_one_full  flex_column_div av-zero-column-padding first  avia-builder-el-2  el_after_av_one_full  el_before_av_one_full  column-top-margin\" style='border-radius:0px; '><section class=\"av_textblock_section \"  itemscope=\"itemscope\" itemtype=\"https:\/\/schema.org\/BlogPosting\" itemprop=\"blogPost\" ><div class='avia_textblock  '   itemprop=\"text\" ><p style=\"text-align: center;\"><strong><span style=\"font-size: 18pt;\">En Puerto Ays\u00e9n y Coyhaique se realizaron operativos de vacunaci\u00f3n contra el COVID-19 este fin de semana<\/span><\/strong><\/p>\n<div id=\"gtx-trans\" style=\"position: absolute; left: -50px; top: 4.31534px;\">\n<div class=\"gtx-trans-icon\"><\/div>\n<\/div>\n<\/div><\/section><\/div><div class=\"flex_column av_one_full  flex_column_div av-zero-column-padding first  avia-builder-el-4  el_after_av_one_full  el_before_av_hr  column-top-margin\" style='border-radius:0px; '><section class=\"av_textblock_section \"  itemscope=\"itemscope\" itemtype=\"https:\/\/schema.org\/BlogPosting\" itemprop=\"blogPost\" ><div class='avia_textblock  '   itemprop=\"text\" ><p style=\"text-align: justify;\"><em>Esta estrategia de acercar la inmunizaci\u00f3n a la comunidad es impulsada por el Servicio de Salud Ays\u00e9n en conjunto con los equipos de Atenci\u00f3n Primaria de Salud, en el marco del Plan Nacional de Vacunaci\u00f3n contra el COVID-19.<\/em><\/p>\n<p style=\"text-align: justify;\">Varios equipos de inmunizaci\u00f3n se trasladaron hasta distintos puntos de Coyhaique y Puerto Ays\u00e9n con la finalidad de realizar operativos de vacunaci\u00f3n contra el COVID-19, esto como una estrategia impulsada por el Servicio de Salud Ays\u00e9n en conjunto con los equipos de Atenci\u00f3n Primaria de Salud, en el marco del Plan Nacional de Vacunaci\u00f3n.<\/p>\n<p style=\"text-align: justify;\">Es as\u00ed como el d\u00eda de ayer, autoridades regionales se trasladaron hasta la Sede Social Club de Adultos Mayores Los Aromos de Puerto Ays\u00e9n, donde un n\u00famero importantes de personas sobre 65 a\u00f1os llegaron hasta el lugar, recibiendo de esta manera la primera dosis de la vacuna contra el COVID-19.<\/p>\n<p style=\"text-align: justify;\">Manuel Ortiz, Gobernador de Ays\u00e9n, indic\u00f3 que \u201clo hemos dicho desde el primer d\u00eda, en la regi\u00f3n los equipos de salud se han puesto la camiseta y se han dedicado con un compromiso \u00fanico con el objetivo de beneficiar a nuestra comunidad, administr\u00e1ndole esta vacuna que les va a permitir enfrentar de mejor manera lo que estamos enfrentando como pandemia. Felicitar a los equipos de salud, al director del Servicio de Salud Ays\u00e9n, que han sido fundamentales en llevar un proceso de vacunaci\u00f3n ordenado, tal y como el Presidente Pi\u00f1era nos ha solicitado. Nosotros como Gobernaci\u00f3n hemos puesto toda nuestra gesti\u00f3n y coordinaci\u00f3n a trav\u00e9s de los servicios para que esto pueda ser r\u00e1pido y llevadero\u201d.<\/p>\n<p style=\"text-align: justify;\">Cabe destacar, que esta acci\u00f3n se enmarca en la estrategia de acercar la vacunaci\u00f3n a la comunidad, con estricto respeto de instrucciones priorizadas en la calendarizaci\u00f3n seg\u00fan grupo etario, de esta manera se est\u00e1 llevando la Campa\u00f1a #YoMeVacuno a todo el territorio.<\/p>\n<p style=\"text-align: justify;\">Gabriel Burgos, director del Servicio de Salud Ays\u00e9n, manifest\u00f3 que \u201cpara nosotros es muy importante llegar a toda la poblaci\u00f3n, y nuestro compromiso esta enfocado en llegar al viernes pr\u00f3ximo al 80% de la poblaci\u00f3n mayor a 65 a\u00f1os vacunada, por lo tanto, estamos desarrollando todas las estrategias posibles. Hoy estamos en este Sede de la Poblaci\u00f3n Pedro Aguirre Cerda para poder acercar la vacuna a la comunidad, vacuna que es gratuita y segura, por lo que hacemos un llamado a la comunidad a acercarse a los distintos puntos de inmunizaci\u00f3n de manera que podamos combatir esta pandemia\u201d.<\/p>\n<p style=\"text-align: justify;\">Igualmente, el director del CESFAM de Puerto Ays\u00e9n, Cesar Reguero, se\u00f1al\u00f3 que \u201cagradecer el trabajo mancomunado que se est\u00e1 realizando desde el Servicio de Salud Ays\u00e9n con el intersector y la sociedad civil, ya que de esta manera estamos accediendo a llevar la vacunaci\u00f3n a toda la poblaci\u00f3n de Puerto Ays\u00e9n, y toda la regi\u00f3n. El recibimiento de parte de los adultos mayores ha sido bastante bueno, hemos estado cit\u00e1ndolos telef\u00f3nicamente y a trav\u00e9s de distintos medios de comunicaci\u00f3n para que puedan participar de este proceso. Agradecer a los equipos de vacunaci\u00f3n que han hecho que esto sea posible y tambi\u00e9n hacerles una invitaci\u00f3n a todos los adultos mayores a acercarse a los puntos de vacunaci\u00f3n\u201d, puntualiz\u00f3.<\/p>\n<p style=\"text-align: justify;\"><strong>Otros puntos de vacunaci\u00f3n<\/strong><\/p>\n<p style=\"text-align: justify;\">Asimismo, distintos equipos de vacunaci\u00f3n se desplegaron en la ciudad de Coyhaique. Es as\u00ed como se llev\u00f3 a cabo la inmunizaci\u00f3n a adultos mayores de 65 a\u00f1os en las Juntas de Vecinos de Villa Divisadero y de la Poblaci\u00f3n Vera Cartes.<\/p>\n<p style=\"text-align: justify;\">A la par, el viernes en la tarde y toda la jornada del s\u00e1bado, equipos de vacunaci\u00f3n estuvieron en el Liceo Josefina Aguirre Montenegro, donde se administr\u00f3 la vacuna contra el COVID-19 a adultos mayores sobre 65 a\u00f1os y a trabajadores de la educaci\u00f3n mayores de 60 a\u00f1os.<\/p>\n<p style=\"text-align: justify;\">Este \u00faltimo punto de vacunaci\u00f3n funcion\u00f3 gracias a profesionales del voluntariado de enfermer\u00eda del Servicio de Salud Ays\u00e9n, Seremi de Salud, Hospital Regional Coyhaique, Universidad de Ays\u00e9n, Ejercito, ACHS, entre otros.<\/p>\n<\/div><\/section><\/div><div  style='height:50px' class='hr hr-invisible   avia-builder-el-6  el_after_av_one_full  el_before_av_social_share '><span class='hr-inner ' ><span class='hr-inner-style'><\/span><\/span><\/div><\/p>\n<div  class='av-social-sharing-box  avia-builder-el-7  el_after_av_hr  el_before_av_hr  '><div class='av-share-box'><h5 class='av-share-link-description av-no-toc '>Compartir esta noticia<\/h5><ul class='av-share-box-list noLightbox'><li class='av-share-link av-social-link-facebook' ><a target=\"_blank\" aria-label=\"Compartir en Facebook\" href='https:\/\/www.facebook.com\/sharer.php?u=https:\/\/radiorevelacionfm.cl\/?p=2846&#038;t=En%20Puerto%20Ays%C3%A9n%20y%20Coyhaique%20se%20realizaron%20operativos%20de%20vacunaci%C3%B3n%20contra%20el%20COVID-19%20este%20fin%20de%20semana' aria-hidden='false' data-av_icon='\ue8f3' data-av_iconfont='entypo-fontello' title='' data-avia-related-tooltip='Compartir en Facebook' rel=\"noopener\"><span class='avia_hidden_link_text'>Compartir en Facebook<\/span><\/a><\/li><li class='av-share-link av-social-link-twitter' ><a target=\"_blank\" aria-label=\"Compartir en Twitter\" href='https:\/\/twitter.com\/share?text=En%20Puerto%20Ays%C3%A9n%20y%20Coyhaique%20se%20realizaron%20operativos%20de%20vacunaci%C3%B3n%20contra%20el%20COVID-19%20este%20fin%20de%20semana&#038;url=https:\/\/radiorevelacionfm.cl\/?p=2846' aria-hidden='false' data-av_icon='\ue8f1' data-av_iconfont='entypo-fontello' title='' data-avia-related-tooltip='Compartir en Twitter' rel=\"noopener\"><span class='avia_hidden_link_text'>Compartir en Twitter<\/span><\/a><\/li><li class='av-share-link av-social-link-whatsapp' ><a target=\"_blank\" aria-label=\"Compartir en Whatsapp\" href='https:\/\/api.whatsapp.com\/send?text=https:\/\/radiorevelacionfm.cl\/?p=2846' aria-hidden='false' data-av_icon='\uf232' data-av_iconfont='entypo-fontello' title='' data-avia-related-tooltip='Compartir en Whatsapp' rel=\"noopener\"><span class='avia_hidden_link_text'>Compartir en Whatsapp<\/span><\/a><\/li><li class='av-share-link av-social-link-linkedin' ><a target=\"_blank\" aria-label=\"Compartir en LinkedIn\" href='https:\/\/linkedin.com\/shareArticle?mini=true&#038;title=En%20Puerto%20Ays%C3%A9n%20y%20Coyhaique%20se%20realizaron%20operativos%20de%20vacunaci%C3%B3n%20contra%20el%20COVID-19%20este%20fin%20de%20semana&#038;url=https:\/\/radiorevelacionfm.cl\/?p=2846' aria-hidden='false' data-av_icon='\ue8fc' data-av_iconfont='entypo-fontello' title='' data-avia-related-tooltip='Compartir en LinkedIn' rel=\"noopener\"><span class='avia_hidden_link_text'>Compartir en LinkedIn<\/span><\/a><\/li><li class='av-share-link av-social-link-mail' ><a  aria-label=\"Compartir por correo\" href='mailto:?subject=En%20Puerto%20Ays%C3%A9n%20y%20Coyhaique%20se%20realizaron%20operativos%20de%20vacunaci%C3%B3n%20contra%20el%20COVID-19%20este%20fin%20de%20semana&#038;body=https:\/\/radiorevelacionfm.cl\/?p=2846' aria-hidden='false' data-av_icon='\ue805' data-av_iconfont='entypo-fontello' title='' data-avia-related-tooltip='Compartir por correo'><span class='avia_hidden_link_text'>Compartir por correo<\/span><\/a><\/li><\/ul><\/div><\/div>\n<div  style='height:50px' class='hr hr-invisible   avia-builder-el-8  el_after_av_social_share  el_before_av_comments_list '><span class='hr-inner ' ><span class='hr-inner-style'><\/span><\/span><\/div>\n<div  class='av-buildercomment  av-blog-meta-html-info-disabled av-blog-meta-tag-disabled  '><\/div>\n","protected":false},"excerpt":{"rendered":"","protected":false},"author":1,"featured_media":0,"comment_status":"open","ping_status":"open","sticky":false,"template":"","format":"standard","meta":{"footnotes":""},"categories":[46],"tags":[],"class_list":["post-2846","post","type-post","status-publish","format-standard","hentry","category-salud"],"jetpack_featured_media_url":"","_links":{"self":[{"href":"https:\/\/radiorevelacionfm.cl\/index.php?rest_route=\/wp\/v2\/posts\/2846","targetHints":{"allow":["GET"]}}],"collection":[{"href":"https:\/\/radiorevelacionfm.cl\/index.php?rest_route=\/wp\/v2\/posts"}],"about":[{"href":"https:\/\/radiorevelacionfm.cl\/index.php?rest_route=\/wp\/v2\/types\/post"}],"author":[{"embeddable":true,"href":"https:\/\/radiorevelacionfm.cl\/index.php?rest_route=\/wp\/v2\/users\/1"}],"replies":[{"embeddable":true,"href":"https:\/\/radiorevelacionfm.cl\/index.php?rest_route=%2Fwp%2Fv2%2Fcomments&post=2846"}],"version-history":[{"count":1,"href":"https:\/\/radiorevelacionfm.cl\/index.php?rest_route=\/wp\/v2\/posts\/2846\/revisions"}],"predecessor-version":[{"id":2848,"href":"https:\/\/radiorevelacionfm.cl\/index.php?rest_route=\/wp\/v2\/posts\/2846\/revisions\/2848"}],"wp:attachment":[{"href":"https:\/\/radiorevelacionfm.cl\/index.php?rest_route=%2Fwp%2Fv2%2Fmedia&parent=2846"}],"wp:term":[{"taxonomy":"category","embeddable":true,"href":"https:\/\/radiorevelacionfm.cl\/index.php?rest_route=%2Fwp%2Fv2%2Fcategories&post=2846"},{"taxonomy":"post_tag","embeddable":true,"href":"https:\/\/radiorevelacionfm.cl\/index.php?rest_route=%2Fwp%2Fv2%2Ftags&post=2846"}],"curies":[{"name":"wp","href":"https:\/\/api.w.org\/{rel}","templated":true}]}}