{"id":28443,"date":"2023-03-05T14:43:12","date_gmt":"2023-03-05T17:43:12","guid":{"rendered":"https:\/\/radiorevelacionfm.cl\/?p=28443"},"modified":"2023-03-05T14:56:25","modified_gmt":"2023-03-05T17:56:25","slug":"carabineros-certifica-a-transporte-escolar-seguro-2023","status":"publish","type":"post","link":"https:\/\/radiorevelacionfm.cl\/?p=28443","title":{"rendered":"Carabineros certific\u00f3 veh\u00edculos habilitados para transporte escolar seguro 2023"},"content":{"rendered":"<div class=\"flex_column av_one_full  flex_column_div av-zero-column-padding first  avia-builder-el-0  el_before_av_one_full  avia-builder-el-first  \" style='border-radius:0px; '><div  class='avia-image-container  av-styling-    avia-builder-el-1  avia-builder-el-no-sibling  avia-align-center '  itemprop=\"image\" itemscope=\"itemscope\" itemtype=\"https:\/\/schema.org\/ImageObject\"  ><div class='avia-image-container-inner'><div class='avia-image-overlay-wrap'><img decoding=\"async\" class='wp-image-28444 avia-img-lazy-loading-not-28444 avia_image' src=\"https:\/\/radiorevelacionfm.cl\/wp-content\/uploads\/2023\/03\/20230304082745_img_5469-1_optimized.jpg\" alt='' title='20230304082745_img_5469-(1)_optimized' height=\"600\" width=\"900\"  itemprop=\"thumbnailUrl\" srcset=\"https:\/\/radiorevelacionfm.cl\/wp-content\/uploads\/2023\/03\/20230304082745_img_5469-1_optimized.jpg 900w, https:\/\/radiorevelacionfm.cl\/wp-content\/uploads\/2023\/03\/20230304082745_img_5469-1_optimized-300x200.jpg 300w, https:\/\/radiorevelacionfm.cl\/wp-content\/uploads\/2023\/03\/20230304082745_img_5469-1_optimized-768x512.jpg 768w, https:\/\/radiorevelacionfm.cl\/wp-content\/uploads\/2023\/03\/20230304082745_img_5469-1_optimized-705x470.jpg 705w, https:\/\/radiorevelacionfm.cl\/wp-content\/uploads\/2023\/03\/20230304082745_img_5469-1_optimized-600x400.jpg 600w\" sizes=\"(max-width: 900px) 100vw, 900px\" \/><\/div><\/div><\/div><\/div>\n<div class=\"flex_column av_one_full  flex_column_div av-zero-column-padding first  avia-builder-el-2  el_after_av_one_full  el_before_av_one_full  column-top-margin\" style='border-radius:0px; '><section class=\"av_textblock_section \"  itemscope=\"itemscope\" itemtype=\"https:\/\/schema.org\/BlogPosting\" itemprop=\"blogPost\" ><div class='avia_textblock  '   itemprop=\"text\" ><p style=\"text-align: center;\"><strong><span style=\"font-size: 18pt;\">Carabineros certific\u00f3 veh\u00edculos habilitados para transporte escolar seguro 2023<\/span><\/strong><\/p>\n<div id=\"gtx-trans\" style=\"position: absolute; left: -50px; top: 4.31534px;\">\n<div class=\"gtx-trans-icon\"><\/div>\n<\/div>\n<\/div><\/section><\/div><div class=\"flex_column av_one_full  flex_column_div av-zero-column-padding first  avia-builder-el-4  el_after_av_one_full  el_before_av_hr  column-top-margin\" style='border-radius:0px; '><section class=\"av_textblock_section \"  itemscope=\"itemscope\" itemtype=\"https:\/\/schema.org\/BlogPosting\" itemprop=\"blogPost\" ><div class='avia_textblock  '   itemprop=\"text\" ><p style=\"font-weight: 400; text-align: justify;\">Con el objetivo de resguardar y fortalecer las condiciones de seguridad en el desplazamiento de estudiantes durante este a\u00f1o 2023, Carabineros de Chile certific\u00f3 los veh\u00edculos de la Regi\u00f3n de Ays\u00e9n habilitados en el Registro Nacional de Transporte Escolar.<\/p>\n<p style=\"font-weight: 400; text-align: justify;\">En Coyhaique el proceso fue encabezado por el Delegado Presidencial Regional, Rodrigo Araya, y Jefe XI Zona de Carabineros, General Patricio Santos, acompa\u00f1ados por el alcalde de Coyhaique, Carlos Gatica, seremis de Educaci\u00f3n, Isabel Garrido, y de Justicia y Derechos Humanos, Samuel Navarro, equipos de fiscalizaci\u00f3n de la Seremi de Transportes y Telecomunicaciones m\u00e1s Departamento de Tr\u00e1nsito de la Municipalidad.<\/p>\n<p style=\"font-weight: 400; text-align: justify;\">En la Regi\u00f3n de Ays\u00e9n se trata de alrededor de 135 veh\u00edculos y 250 conductores que cumplen todos los aspectos exigidos por la normativa para el desplazamiento seguro de los estudiantes, como indic\u00f3 el General Patricio Santos.<\/p>\n<p style=\"font-weight: 400; text-align: justify;\">\u201cNuestro prop\u00f3sito es asegurar la vida de los estudiantes y fiscalizar la Ley de Tr\u00e1nsito, de forma que las personas cumplan con sus responsabilidades. Esta actividad es de certificaci\u00f3n de la calidad profesional y de la norma que cumplen los transportistas escolares. En la regi\u00f3n tenemos cerca de 135 veh\u00edculos habilitados y registrados en el Registro Nacional de Transporte Escolar y cerca de 250 conductores habilitados con licencias profesionales del tipo que exige la ley para este cometido\u201d, se\u00f1al\u00f3.<\/p>\n<p style=\"font-weight: 400; text-align: justify;\">El Delegado Rodrigo Araya record\u00f3 que todos los servicios competentes han estado trabajando para que la comunidad cuente con los servicios requeridos, en este caso, mediante un c\u00f3digo QR disponible en el parabrisas del medio de transporte para un control ciudadano efectivo y eficiente.<\/p>\n<p style=\"font-weight: 400; text-align: justify;\">\u201cEst\u00e1n acreditados en calidad del veh\u00edculo, de los conductores, los veh\u00edculos tienen seguros, las personas que conducen los veh\u00edculos no tienen inconvenientes para trabajar con ni\u00f1os, ni\u00f1as y adolescentes y los adultos acompa\u00f1antes tambi\u00e9n cuentan con esa certificaci\u00f3n. Todos quienes utilicen estos servicios pueden solicitar esa certificaci\u00f3n para garantizar que ni\u00f1as, ni\u00f1os y adolescentes puedan viajar hacia y desde los establecimientos educacionales de manera segura\u201d, enfatiz\u00f3.<\/p>\n<p style=\"font-weight: 400; text-align: justify;\">William Salas, presidente de la asociaci\u00f3n de transporte escolar Nuevo Amanecer de Coyhaique, se\u00f1al\u00f3 que este sistema permite que cualquier persona pueda constatar la calidad de los servicios que se entregan a la comunidad.<\/p>\n<p style=\"font-weight: 400; text-align: justify;\">\u201cNos reunimos en Plaza de Armas para presentarnos como transporte escolar formal, para que vean los veh\u00edculos que tenemos y dar la tranquilidad de que cumplimos con la norma y podemos transportar a los ni\u00f1os a los colegios. Por ello, estamos aqu\u00ed presenciales para que nos conozcan y podamos ayudar a la comunidad\u201d, recalc\u00f3.<\/p>\n<p style=\"font-weight: 400; text-align: justify;\">Las autoridades insistieron en el mensaje preventivo para evitar accidentes en los desplazamientos, respetando las normas de tr\u00e1nsito y las indicaciones del personal del conjunto de instituciones destinadas a la seguridad y resguardo en este nuevo a\u00f1o escolar 2023.<\/p>\n<\/div><\/section><\/div><\/p>\n<div  style='height:50px' class='hr hr-invisible   avia-builder-el-6  el_after_av_one_full  el_before_av_social_share '><span class='hr-inner ' ><span class='hr-inner-style'><\/span><\/span><\/div>\n<div  class='av-social-sharing-box  avia-builder-el-7  el_after_av_hr  el_before_av_hr  '><div class='av-share-box'><h5 class='av-share-link-description av-no-toc '>Compartir esta noticia<\/h5><ul class='av-share-box-list noLightbox'><li class='av-share-link av-social-link-facebook' ><a target=\"_blank\" aria-label=\"Compartir en Facebook\" href='https:\/\/www.facebook.com\/sharer.php?u=https:\/\/radiorevelacionfm.cl\/?p=28443&#038;t=Carabineros%20certific%C3%B3%20veh%C3%ADculos%20habilitados%20para%20transporte%20escolar%20seguro%202023' aria-hidden='false' data-av_icon='\ue8f3' data-av_iconfont='entypo-fontello' title='' data-avia-related-tooltip='Compartir en Facebook' rel=\"noopener\"><span class='avia_hidden_link_text'>Compartir en Facebook<\/span><\/a><\/li><li class='av-share-link av-social-link-twitter' ><a target=\"_blank\" aria-label=\"Compartir en Twitter\" href='https:\/\/twitter.com\/share?text=Carabineros%20certific%C3%B3%20veh%C3%ADculos%20habilitados%20para%20transporte%20escolar%20seguro%202023&#038;url=https:\/\/radiorevelacionfm.cl\/?p=28443' aria-hidden='false' data-av_icon='\ue8f1' data-av_iconfont='entypo-fontello' title='' data-avia-related-tooltip='Compartir en Twitter' rel=\"noopener\"><span class='avia_hidden_link_text'>Compartir en Twitter<\/span><\/a><\/li><li class='av-share-link av-social-link-whatsapp' ><a target=\"_blank\" aria-label=\"Compartir en Whatsapp\" href='https:\/\/api.whatsapp.com\/send?text=https:\/\/radiorevelacionfm.cl\/?p=28443' aria-hidden='false' data-av_icon='\uf232' data-av_iconfont='entypo-fontello' title='' data-avia-related-tooltip='Compartir en Whatsapp' rel=\"noopener\"><span class='avia_hidden_link_text'>Compartir en Whatsapp<\/span><\/a><\/li><li class='av-share-link av-social-link-linkedin' ><a target=\"_blank\" aria-label=\"Compartir en LinkedIn\" href='https:\/\/linkedin.com\/shareArticle?mini=true&#038;title=Carabineros%20certific%C3%B3%20veh%C3%ADculos%20habilitados%20para%20transporte%20escolar%20seguro%202023&#038;url=https:\/\/radiorevelacionfm.cl\/?p=28443' aria-hidden='false' data-av_icon='\ue8fc' data-av_iconfont='entypo-fontello' title='' data-avia-related-tooltip='Compartir en LinkedIn' rel=\"noopener\"><span class='avia_hidden_link_text'>Compartir en LinkedIn<\/span><\/a><\/li><li class='av-share-link av-social-link-mail' ><a  aria-label=\"Compartir por correo\" href='mailto:?subject=Carabineros%20certific%C3%B3%20veh%C3%ADculos%20habilitados%20para%20transporte%20escolar%20seguro%202023&#038;body=https:\/\/radiorevelacionfm.cl\/?p=28443' aria-hidden='false' data-av_icon='\ue805' data-av_iconfont='entypo-fontello' title='' data-avia-related-tooltip='Compartir por correo'><span class='avia_hidden_link_text'>Compartir por correo<\/span><\/a><\/li><\/ul><\/div><\/div>\n<div  style='height:50px' class='hr hr-invisible   avia-builder-el-8  el_after_av_social_share  el_before_av_comments_list '><span class='hr-inner ' ><span class='hr-inner-style'><\/span><\/span><\/div>\n<div  class='av-buildercomment  av-blog-meta-html-info-disabled av-blog-meta-tag-disabled  '><\/div>\n","protected":false},"excerpt":{"rendered":"","protected":false},"author":1,"featured_media":28444,"comment_status":"open","ping_status":"open","sticky":false,"template":"","format":"standard","meta":{"footnotes":""},"categories":[59],"tags":[],"class_list":["post-28443","post","type-post","status-publish","format-standard","has-post-thumbnail","hentry","category-transporte"],"jetpack_featured_media_url":"https:\/\/radiorevelacionfm.cl\/wp-content\/uploads\/2023\/03\/20230304082745_img_5469-1_optimized.jpg","_links":{"self":[{"href":"https:\/\/radiorevelacionfm.cl\/index.php?rest_route=\/wp\/v2\/posts\/28443","targetHints":{"allow":["GET"]}}],"collection":[{"href":"https:\/\/radiorevelacionfm.cl\/index.php?rest_route=\/wp\/v2\/posts"}],"about":[{"href":"https:\/\/radiorevelacionfm.cl\/index.php?rest_route=\/wp\/v2\/types\/post"}],"author":[{"embeddable":true,"href":"https:\/\/radiorevelacionfm.cl\/index.php?rest_route=\/wp\/v2\/users\/1"}],"replies":[{"embeddable":true,"href":"https:\/\/radiorevelacionfm.cl\/index.php?rest_route=%2Fwp%2Fv2%2Fcomments&post=28443"}],"version-history":[{"count":4,"href":"https:\/\/radiorevelacionfm.cl\/index.php?rest_route=\/wp\/v2\/posts\/28443\/revisions"}],"predecessor-version":[{"id":28446,"href":"https:\/\/radiorevelacionfm.cl\/index.php?rest_route=\/wp\/v2\/posts\/28443\/revisions\/28446"}],"wp:featuredmedia":[{"embeddable":true,"href":"https:\/\/radiorevelacionfm.cl\/index.php?rest_route=\/wp\/v2\/media\/28444"}],"wp:attachment":[{"href":"https:\/\/radiorevelacionfm.cl\/index.php?rest_route=%2Fwp%2Fv2%2Fmedia&parent=28443"}],"wp:term":[{"taxonomy":"category","embeddable":true,"href":"https:\/\/radiorevelacionfm.cl\/index.php?rest_route=%2Fwp%2Fv2%2Fcategories&post=28443"},{"taxonomy":"post_tag","embeddable":true,"href":"https:\/\/radiorevelacionfm.cl\/index.php?rest_route=%2Fwp%2Fv2%2Ftags&post=28443"}],"curies":[{"name":"wp","href":"https:\/\/api.w.org\/{rel}","templated":true}]}}