{"id":28439,"date":"2023-03-05T12:25:54","date_gmt":"2023-03-05T15:25:54","guid":{"rendered":"https:\/\/radiorevelacionfm.cl\/?p=28439"},"modified":"2023-03-05T12:25:54","modified_gmt":"2023-03-05T15:25:54","slug":"en-el-dia-mundial-de-la-eficiencia-energetica-edelaysen-invita-a-hacer-uso-eficiente-de-la-energia","status":"publish","type":"post","link":"https:\/\/radiorevelacionfm.cl\/?p=28439","title":{"rendered":"En el D\u00eda Mundial de la eficiencia energ\u00e9tica: Edelaysen invita a hacer uso eficiente de la energ\u00eda"},"content":{"rendered":"<div class=\"flex_column av_one_full  flex_column_div av-zero-column-padding first  avia-builder-el-0  el_before_av_one_full  avia-builder-el-first  \" style='border-radius:0px; '><div  class='avia-image-container  av-styling-    avia-builder-el-1  avia-builder-el-no-sibling  avia-align-center '  itemprop=\"image\" itemscope=\"itemscope\" itemtype=\"https:\/\/schema.org\/ImageObject\"  ><div class='avia-image-container-inner'><div class='avia-image-overlay-wrap'><img decoding=\"async\" class='wp-image-28440 avia-img-lazy-loading-not-28440 avia_image' src=\"https:\/\/radiorevelacionfm.cl\/wp-content\/uploads\/2023\/03\/Eficiencia-Energetica-1-1.jpg\" alt='' title='Eficiencia Energ\u00e9tica (1) (1)' height=\"600\" width=\"978\"  itemprop=\"thumbnailUrl\" srcset=\"https:\/\/radiorevelacionfm.cl\/wp-content\/uploads\/2023\/03\/Eficiencia-Energetica-1-1.jpg 978w, https:\/\/radiorevelacionfm.cl\/wp-content\/uploads\/2023\/03\/Eficiencia-Energetica-1-1-300x184.jpg 300w, https:\/\/radiorevelacionfm.cl\/wp-content\/uploads\/2023\/03\/Eficiencia-Energetica-1-1-768x471.jpg 768w, https:\/\/radiorevelacionfm.cl\/wp-content\/uploads\/2023\/03\/Eficiencia-Energetica-1-1-705x433.jpg 705w, https:\/\/radiorevelacionfm.cl\/wp-content\/uploads\/2023\/03\/Eficiencia-Energetica-1-1-600x368.jpg 600w\" sizes=\"(max-width: 978px) 100vw, 978px\" \/><\/div><\/div><\/div><\/div><div class=\"flex_column av_one_full  flex_column_div av-zero-column-padding first  avia-builder-el-2  el_after_av_one_full  el_before_av_one_full  column-top-margin\" style='border-radius:0px; '><section class=\"av_textblock_section \"  itemscope=\"itemscope\" itemtype=\"https:\/\/schema.org\/BlogPosting\" itemprop=\"blogPost\" ><div class='avia_textblock  '   itemprop=\"text\" ><p style=\"text-align: center;\"><strong><span style=\"font-size: 18pt;\">En el D\u00eda Mundial de la eficiencia energ\u00e9tica: Edelaysen invita a hacer uso eficiente de la energ\u00eda <\/span><\/strong><\/p>\n<div id=\"gtx-trans\" style=\"position: absolute; left: -50px; top: 4.31534px;\">\n<div class=\"gtx-trans-icon\"><\/div>\n<\/div>\n<\/div><\/section><\/div><div class=\"flex_column av_one_full  flex_column_div av-zero-column-padding first  avia-builder-el-4  el_after_av_one_full  el_before_av_hr  column-top-margin\" style='border-radius:0px; '><section class=\"av_textblock_section \"  itemscope=\"itemscope\" itemtype=\"https:\/\/schema.org\/BlogPosting\" itemprop=\"blogPost\" ><div class='avia_textblock  '   itemprop=\"text\" ><p style=\"text-align: justify;\">Una serie de recomendaciones para hacer uso eficiente de la energ\u00eda el\u00e9ctrica entregaron desde la empresa Edelaysen, en el marco de la conmemoraci\u00f3n del D\u00eda Mundial de la Eficiencia Energ\u00e9tica -que se celebra cada 05 marzo- que busca reflexionar y crear conciencia de la importancia del uso racional de la energ\u00eda.<\/p>\n<p style=\"text-align: justify;\">Desde la distribuidora indicaron que la electricidad se ha convertido en un servicio vital en la vida cotidiana de miles de personas y que peque\u00f1os detalles en su uso marcan una gran diferencia. Al respecto, Patricio Raimilla, jefe de servicio al cliente de Edelaysen, explic\u00f3 que \u201cusar la energ\u00eda de manera eficiente es muy importante, ya que adem\u00e1s de ayudar al planeta permite ahorrar mensualmente. Nuestro llamado es a conocer el gasto que generan sus artefactos y utilizar siempre los que cuenten con sello de la SEC y con la informaci\u00f3n rotulada\u201d.<\/p>\n<p style=\"text-align: justify;\">Algunas de las recomendaciones de Edelaysen en este sentido son: abrir las cortinas y aprovechar la luz natural; preferir ampolletas LED, las que generan ahorro de hasta el 80% de energ\u00eda; si tiene aire acondicionado recuerde que mientras m\u00e1s baja sea la temperatura m\u00e1s energ\u00eda se utilizar\u00e1; si tiene secadora darle un descanso y aprovechar el calor del sol para secar la ropa; desconecte los artefactos electr\u00f3nicos cuando se est\u00e9n ocupando o al salir de la casa.<\/p>\n<p style=\"text-align: justify;\">Otros consejos para disminuir el consumo de la energ\u00eda el\u00e9ctrica en el hogar son: desenchufar el televisor, la radio y los cargadores de tel\u00e9fono una vez que dejamos de usarlos para evitar el consumo \u201cvampiro\u201d; abrir la puerta del refrigerador lo justo y necesario para que no pierda temperatura al interior; utilizar la lavadora con carga completa; reunir la mayor cantidad de prendas de vestir y planchar todo de una vez; llenar el hervidor el\u00e9ctrico y luego conservar el agua en un termo.<\/p>\n<p style=\"text-align: justify;\">Finalmente, desde Edelaysen invitaron a la comunidad a estar informada sobre las iniciativas que lleva adelante la empresa, y el consumo de los artefactos el\u00e9ctricos de la casa.<\/p>\n<\/div><\/section><\/div><div  style='height:50px' class='hr hr-invisible   avia-builder-el-6  el_after_av_one_full  el_before_av_social_share '><span class='hr-inner ' ><span class='hr-inner-style'><\/span><\/span><\/div><\/p>\n<div  class='av-social-sharing-box  avia-builder-el-7  el_after_av_hr  el_before_av_hr  '><div class='av-share-box'><h5 class='av-share-link-description av-no-toc '>Compartir esta noticia<\/h5><ul class='av-share-box-list noLightbox'><li class='av-share-link av-social-link-facebook' ><a target=\"_blank\" aria-label=\"Compartir en Facebook\" href='https:\/\/www.facebook.com\/sharer.php?u=https:\/\/radiorevelacionfm.cl\/?p=28439&#038;t=En%20el%20D%C3%ADa%20Mundial%20de%20la%20eficiencia%20energ%C3%A9tica%3A%20Edelaysen%20invita%20a%20hacer%20uso%20eficiente%20de%20la%20energ%C3%ADa' aria-hidden='false' data-av_icon='\ue8f3' data-av_iconfont='entypo-fontello' title='' data-avia-related-tooltip='Compartir en Facebook' rel=\"noopener\"><span class='avia_hidden_link_text'>Compartir en Facebook<\/span><\/a><\/li><li class='av-share-link av-social-link-twitter' ><a target=\"_blank\" aria-label=\"Compartir en Twitter\" href='https:\/\/twitter.com\/share?text=En%20el%20D%C3%ADa%20Mundial%20de%20la%20eficiencia%20energ%C3%A9tica%3A%20Edelaysen%20invita%20a%20hacer%20uso%20eficiente%20de%20la%20energ%C3%ADa&#038;url=https:\/\/radiorevelacionfm.cl\/?p=28439' aria-hidden='false' data-av_icon='\ue8f1' data-av_iconfont='entypo-fontello' title='' data-avia-related-tooltip='Compartir en Twitter' rel=\"noopener\"><span class='avia_hidden_link_text'>Compartir en Twitter<\/span><\/a><\/li><li class='av-share-link av-social-link-whatsapp' ><a target=\"_blank\" aria-label=\"Compartir en Whatsapp\" href='https:\/\/api.whatsapp.com\/send?text=https:\/\/radiorevelacionfm.cl\/?p=28439' aria-hidden='false' data-av_icon='\uf232' data-av_iconfont='entypo-fontello' title='' data-avia-related-tooltip='Compartir en Whatsapp' rel=\"noopener\"><span class='avia_hidden_link_text'>Compartir en Whatsapp<\/span><\/a><\/li><li class='av-share-link av-social-link-linkedin' ><a target=\"_blank\" aria-label=\"Compartir en LinkedIn\" href='https:\/\/linkedin.com\/shareArticle?mini=true&#038;title=En%20el%20D%C3%ADa%20Mundial%20de%20la%20eficiencia%20energ%C3%A9tica%3A%20Edelaysen%20invita%20a%20hacer%20uso%20eficiente%20de%20la%20energ%C3%ADa&#038;url=https:\/\/radiorevelacionfm.cl\/?p=28439' aria-hidden='false' data-av_icon='\ue8fc' data-av_iconfont='entypo-fontello' title='' data-avia-related-tooltip='Compartir en LinkedIn' rel=\"noopener\"><span class='avia_hidden_link_text'>Compartir en LinkedIn<\/span><\/a><\/li><li class='av-share-link av-social-link-mail' ><a  aria-label=\"Compartir por correo\" href='mailto:?subject=En%20el%20D%C3%ADa%20Mundial%20de%20la%20eficiencia%20energ%C3%A9tica%3A%20Edelaysen%20invita%20a%20hacer%20uso%20eficiente%20de%20la%20energ%C3%ADa&#038;body=https:\/\/radiorevelacionfm.cl\/?p=28439' aria-hidden='false' data-av_icon='\ue805' data-av_iconfont='entypo-fontello' title='' data-avia-related-tooltip='Compartir por correo'><span class='avia_hidden_link_text'>Compartir por correo<\/span><\/a><\/li><\/ul><\/div><\/div>\n<div  style='height:50px' class='hr hr-invisible   avia-builder-el-8  el_after_av_social_share  el_before_av_comments_list '><span class='hr-inner ' ><span class='hr-inner-style'><\/span><\/span><\/div>\n<div  class='av-buildercomment  av-blog-meta-html-info-disabled av-blog-meta-tag-disabled  '><\/div>\n","protected":false},"excerpt":{"rendered":"","protected":false},"author":1,"featured_media":28440,"comment_status":"open","ping_status":"open","sticky":false,"template":"","format":"standard","meta":{"footnotes":""},"categories":[38],"tags":[],"class_list":["post-28439","post","type-post","status-publish","format-standard","has-post-thumbnail","hentry","category-regional"],"jetpack_featured_media_url":"https:\/\/radiorevelacionfm.cl\/wp-content\/uploads\/2023\/03\/Eficiencia-Energetica-1-1.jpg","_links":{"self":[{"href":"https:\/\/radiorevelacionfm.cl\/index.php?rest_route=\/wp\/v2\/posts\/28439","targetHints":{"allow":["GET"]}}],"collection":[{"href":"https:\/\/radiorevelacionfm.cl\/index.php?rest_route=\/wp\/v2\/posts"}],"about":[{"href":"https:\/\/radiorevelacionfm.cl\/index.php?rest_route=\/wp\/v2\/types\/post"}],"author":[{"embeddable":true,"href":"https:\/\/radiorevelacionfm.cl\/index.php?rest_route=\/wp\/v2\/users\/1"}],"replies":[{"embeddable":true,"href":"https:\/\/radiorevelacionfm.cl\/index.php?rest_route=%2Fwp%2Fv2%2Fcomments&post=28439"}],"version-history":[{"count":2,"href":"https:\/\/radiorevelacionfm.cl\/index.php?rest_route=\/wp\/v2\/posts\/28439\/revisions"}],"predecessor-version":[{"id":28442,"href":"https:\/\/radiorevelacionfm.cl\/index.php?rest_route=\/wp\/v2\/posts\/28439\/revisions\/28442"}],"wp:featuredmedia":[{"embeddable":true,"href":"https:\/\/radiorevelacionfm.cl\/index.php?rest_route=\/wp\/v2\/media\/28440"}],"wp:attachment":[{"href":"https:\/\/radiorevelacionfm.cl\/index.php?rest_route=%2Fwp%2Fv2%2Fmedia&parent=28439"}],"wp:term":[{"taxonomy":"category","embeddable":true,"href":"https:\/\/radiorevelacionfm.cl\/index.php?rest_route=%2Fwp%2Fv2%2Fcategories&post=28439"},{"taxonomy":"post_tag","embeddable":true,"href":"https:\/\/radiorevelacionfm.cl\/index.php?rest_route=%2Fwp%2Fv2%2Ftags&post=28439"}],"curies":[{"name":"wp","href":"https:\/\/api.w.org\/{rel}","templated":true}]}}