{"id":28424,"date":"2023-03-04T10:29:47","date_gmt":"2023-03-04T13:29:47","guid":{"rendered":"https:\/\/radiorevelacionfm.cl\/?p=28424"},"modified":"2023-03-04T21:44:55","modified_gmt":"2023-03-05T00:44:55","slug":"reformalizan-a-imputados-por-homicidio-ocurrido-en-puerto-cisnes","status":"publish","type":"post","link":"https:\/\/radiorevelacionfm.cl\/?p=28424","title":{"rendered":"Reformalizan a tres imputados por homicidio ocurrido en Puerto Cisnes"},"content":{"rendered":"<div class=\"flex_column av_one_full  flex_column_div av-zero-column-padding first  avia-builder-el-0  el_before_av_one_full  avia-builder-el-first  \" style='border-radius:0px; '><div  class='avia-image-container  av-styling-    avia-builder-el-1  avia-builder-el-no-sibling  avia-align-center '  itemprop=\"image\" itemscope=\"itemscope\" itemtype=\"https:\/\/schema.org\/ImageObject\"  ><div class='avia-image-container-inner'><div class='avia-image-overlay-wrap'><img decoding=\"async\" class='wp-image-28425 avia-img-lazy-loading-not-28425 avia_image' src=\"https:\/\/radiorevelacionfm.cl\/wp-content\/uploads\/2023\/03\/309502947_526155046177061_5449003913621779562_n.jpg\" alt='' title='309502947_526155046177061_5449003913621779562_n' height=\"600\" width=\"939\"  itemprop=\"thumbnailUrl\" srcset=\"https:\/\/radiorevelacionfm.cl\/wp-content\/uploads\/2023\/03\/309502947_526155046177061_5449003913621779562_n.jpg 939w, https:\/\/radiorevelacionfm.cl\/wp-content\/uploads\/2023\/03\/309502947_526155046177061_5449003913621779562_n-300x192.jpg 300w, https:\/\/radiorevelacionfm.cl\/wp-content\/uploads\/2023\/03\/309502947_526155046177061_5449003913621779562_n-768x491.jpg 768w, https:\/\/radiorevelacionfm.cl\/wp-content\/uploads\/2023\/03\/309502947_526155046177061_5449003913621779562_n-705x450.jpg 705w, https:\/\/radiorevelacionfm.cl\/wp-content\/uploads\/2023\/03\/309502947_526155046177061_5449003913621779562_n-600x383.jpg 600w\" sizes=\"(max-width: 939px) 100vw, 939px\" \/><\/div><\/div><\/div><\/div>\n<div class=\"flex_column av_one_full  flex_column_div av-zero-column-padding first  avia-builder-el-2  el_after_av_one_full  el_before_av_one_full  column-top-margin\" style='border-radius:0px; '><section class=\"av_textblock_section \"  itemscope=\"itemscope\" itemtype=\"https:\/\/schema.org\/BlogPosting\" itemprop=\"blogPost\" ><div class='avia_textblock  '   itemprop=\"text\" ><p style=\"text-align: center;\"><strong><span style=\"font-size: 18pt;\">Reformalizan a tres imputados por homicidio ocurrido en Puerto Cisnes<\/span><\/strong><\/p>\n<div id=\"gtx-trans\" style=\"position: absolute; left: -50px; top: 4.31534px;\">\n<div class=\"gtx-trans-icon\"><\/div>\n<\/div>\n<\/div><\/section><\/div>\n<div class=\"flex_column av_one_full  flex_column_div av-zero-column-padding first  avia-builder-el-4  el_after_av_one_full  el_before_av_hr  column-top-margin\" style='border-radius:0px; '><section class=\"av_textblock_section \"  itemscope=\"itemscope\" itemtype=\"https:\/\/schema.org\/BlogPosting\" itemprop=\"blogPost\" ><div class='avia_textblock  '   itemprop=\"text\" ><p style=\"text-align: justify;\">El jueves reci\u00e9n pasado se realiz\u00f3 la audiencia de reformalizaci\u00f3n contra tres sujetos, por su presunta participaci\u00f3n en la muerte de un trabajador, la madrugada del 16 de septiembre de 2022 en Puerto Cisnes.<\/p>\n<p style=\"text-align: justify;\">Cabe recordar, que la v\u00edctima un hombre de 54 a\u00f1os junto a otra persona fueron abordados por los imputados mientras se trasladaban por la ruta X-25 acceso a Puerto Cisnes, en una camioneta perteneciente a la empresa Valko. El hecho se produjo a eso de las 07:30 horas, del 16 de septiembre del a\u00f1o pasado, a la altura del km 16, donde fueron interceptados bloque\u00e1ndoles el paso, momento en que los tres imputados descienden del m\u00f3vil y se dirigen a la camioneta abriendo las puertas, diciendo \u00abte pillamos guat\u00f3n\u00bb y comienzan a agredir a las dos v\u00edctimas con golpes de pu\u00f1o y premunidos de elementos cortopunzante, elementos contundentes, propin\u00e1ndoles lesiones a ambas v\u00edctimas con la finalidad de quitarles la vida, para luego gritar \u00abnos equivocamos no eran nada estos h&#8230;.\u00bb y luego huir del lugar, fueron los antecedentes expuestos en la audiencia por el fiscal del Ministerio P\u00fablico, Alex Olivero.<\/p>\n<p style=\"text-align: justify;\">Homicidio simple es el cargo por el cual ser\u00e1n investigados los tres imputados, por cuanto este ataque termin\u00f3 con la vida de Robert Far\u00edas \u00c1lvarez, oriundo de La Uni\u00f3n.<\/p>\n<p style=\"text-align: justify;\">En tanto, la defensora penal Natalia Y\u00e1\u00f1ez, en la audiencia se\u00f1al\u00f3 que los nuevos formalizados por homicidio, no tuvieron vinculaci\u00f3n alguna con el ataque que gener\u00f3 la herida mortal de Robert Harrison Far\u00edas \u00c1lvarez, si podr\u00edan verse eventualmente involucrados en el delito de lesiones menos graves contra la segunda v\u00edctima.<\/p>\n<p style=\"text-align: justify;\">El ente persecutor solicit\u00f3 la medida cautelar de prisi\u00f3n preventiva para los dos nuevos imputados, siendo desestimada por la\u00a0magistrada Carolina Mart\u00ednez, accediendo a la medida cautelar de prohibici\u00f3n de acercarse a las v\u00edctimas.<\/p>\n<p style=\"text-align: justify;\">Adem\u00e1s, se solicit\u00f3 ampliaci\u00f3n del plazo de investigaci\u00f3n en 30 d\u00edas, lo que fue acogido por el Tribunal.<\/p>\n<\/div><\/section><\/div><div  style='height:50px' class='hr hr-invisible   avia-builder-el-6  el_after_av_one_full  el_before_av_social_share '><span class='hr-inner ' ><span class='hr-inner-style'><\/span><\/span><\/div><\/p>\n<div  class='av-social-sharing-box  avia-builder-el-7  el_after_av_hr  el_before_av_hr  '><div class='av-share-box'><h5 class='av-share-link-description av-no-toc '>Compartir esta noticia<\/h5><ul class='av-share-box-list noLightbox'><li class='av-share-link av-social-link-facebook' ><a target=\"_blank\" aria-label=\"Compartir en Facebook\" href='https:\/\/www.facebook.com\/sharer.php?u=https:\/\/radiorevelacionfm.cl\/?p=28424&#038;t=Reformalizan%20a%20tres%20imputados%20por%20homicidio%20ocurrido%20en%20Puerto%20Cisnes' aria-hidden='false' data-av_icon='\ue8f3' data-av_iconfont='entypo-fontello' title='' data-avia-related-tooltip='Compartir en Facebook' rel=\"noopener\"><span class='avia_hidden_link_text'>Compartir en Facebook<\/span><\/a><\/li><li class='av-share-link av-social-link-twitter' ><a target=\"_blank\" aria-label=\"Compartir en Twitter\" href='https:\/\/twitter.com\/share?text=Reformalizan%20a%20tres%20imputados%20por%20homicidio%20ocurrido%20en%20Puerto%20Cisnes&#038;url=https:\/\/radiorevelacionfm.cl\/?p=28424' aria-hidden='false' data-av_icon='\ue8f1' data-av_iconfont='entypo-fontello' title='' data-avia-related-tooltip='Compartir en Twitter' rel=\"noopener\"><span class='avia_hidden_link_text'>Compartir en Twitter<\/span><\/a><\/li><li class='av-share-link av-social-link-whatsapp' ><a target=\"_blank\" aria-label=\"Compartir en Whatsapp\" href='https:\/\/api.whatsapp.com\/send?text=https:\/\/radiorevelacionfm.cl\/?p=28424' aria-hidden='false' data-av_icon='\uf232' data-av_iconfont='entypo-fontello' title='' data-avia-related-tooltip='Compartir en Whatsapp' rel=\"noopener\"><span class='avia_hidden_link_text'>Compartir en Whatsapp<\/span><\/a><\/li><li class='av-share-link av-social-link-linkedin' ><a target=\"_blank\" aria-label=\"Compartir en LinkedIn\" href='https:\/\/linkedin.com\/shareArticle?mini=true&#038;title=Reformalizan%20a%20tres%20imputados%20por%20homicidio%20ocurrido%20en%20Puerto%20Cisnes&#038;url=https:\/\/radiorevelacionfm.cl\/?p=28424' aria-hidden='false' data-av_icon='\ue8fc' data-av_iconfont='entypo-fontello' title='' data-avia-related-tooltip='Compartir en LinkedIn' rel=\"noopener\"><span class='avia_hidden_link_text'>Compartir en LinkedIn<\/span><\/a><\/li><li class='av-share-link av-social-link-mail' ><a  aria-label=\"Compartir por correo\" href='mailto:?subject=Reformalizan%20a%20tres%20imputados%20por%20homicidio%20ocurrido%20en%20Puerto%20Cisnes&#038;body=https:\/\/radiorevelacionfm.cl\/?p=28424' aria-hidden='false' data-av_icon='\ue805' data-av_iconfont='entypo-fontello' title='' data-avia-related-tooltip='Compartir por correo'><span class='avia_hidden_link_text'>Compartir por correo<\/span><\/a><\/li><\/ul><\/div><\/div>\n<div  style='height:50px' class='hr hr-invisible   avia-builder-el-8  el_after_av_social_share  el_before_av_comments_list '><span class='hr-inner ' ><span class='hr-inner-style'><\/span><\/span><\/div>\n<div  class='av-buildercomment  av-blog-meta-html-info-disabled av-blog-meta-tag-disabled  '><\/div>\n","protected":false},"excerpt":{"rendered":"","protected":false},"author":1,"featured_media":28425,"comment_status":"open","ping_status":"open","sticky":false,"template":"","format":"standard","meta":{"footnotes":""},"categories":[55],"tags":[],"class_list":["post-28424","post","type-post","status-publish","format-standard","has-post-thumbnail","hentry","category-justicia"],"jetpack_featured_media_url":"https:\/\/radiorevelacionfm.cl\/wp-content\/uploads\/2023\/03\/309502947_526155046177061_5449003913621779562_n.jpg","_links":{"self":[{"href":"https:\/\/radiorevelacionfm.cl\/index.php?rest_route=\/wp\/v2\/posts\/28424","targetHints":{"allow":["GET"]}}],"collection":[{"href":"https:\/\/radiorevelacionfm.cl\/index.php?rest_route=\/wp\/v2\/posts"}],"about":[{"href":"https:\/\/radiorevelacionfm.cl\/index.php?rest_route=\/wp\/v2\/types\/post"}],"author":[{"embeddable":true,"href":"https:\/\/radiorevelacionfm.cl\/index.php?rest_route=\/wp\/v2\/users\/1"}],"replies":[{"embeddable":true,"href":"https:\/\/radiorevelacionfm.cl\/index.php?rest_route=%2Fwp%2Fv2%2Fcomments&post=28424"}],"version-history":[{"count":5,"href":"https:\/\/radiorevelacionfm.cl\/index.php?rest_route=\/wp\/v2\/posts\/28424\/revisions"}],"predecessor-version":[{"id":28437,"href":"https:\/\/radiorevelacionfm.cl\/index.php?rest_route=\/wp\/v2\/posts\/28424\/revisions\/28437"}],"wp:featuredmedia":[{"embeddable":true,"href":"https:\/\/radiorevelacionfm.cl\/index.php?rest_route=\/wp\/v2\/media\/28425"}],"wp:attachment":[{"href":"https:\/\/radiorevelacionfm.cl\/index.php?rest_route=%2Fwp%2Fv2%2Fmedia&parent=28424"}],"wp:term":[{"taxonomy":"category","embeddable":true,"href":"https:\/\/radiorevelacionfm.cl\/index.php?rest_route=%2Fwp%2Fv2%2Fcategories&post=28424"},{"taxonomy":"post_tag","embeddable":true,"href":"https:\/\/radiorevelacionfm.cl\/index.php?rest_route=%2Fwp%2Fv2%2Ftags&post=28424"}],"curies":[{"name":"wp","href":"https:\/\/api.w.org\/{rel}","templated":true}]}}