{"id":28419,"date":"2023-03-04T11:38:14","date_gmt":"2023-03-04T14:38:14","guid":{"rendered":"https:\/\/radiorevelacionfm.cl\/?p=28419"},"modified":"2023-03-04T12:32:11","modified_gmt":"2023-03-04T15:32:11","slug":"estudiantes-de-guaitecas-destacan-entre-ganadores-en-concurso-nacional-historias-de-nuestra-tierra-2022","status":"publish","type":"post","link":"https:\/\/radiorevelacionfm.cl\/?p=28419","title":{"rendered":"Estudiantes de Guaitecas destacan entre ganadores en concurso nacional Historias de Nuestra Tierra 2022"},"content":{"rendered":"<div class=\"flex_column av_one_full  flex_column_div av-zero-column-padding first  avia-builder-el-0  el_before_av_one_full  avia-builder-el-first  \" style='border-radius:0px; '><div  class='avia-image-container  av-styling-    avia-builder-el-1  avia-builder-el-no-sibling  avia-align-center '  itemprop=\"image\" itemscope=\"itemscope\" itemtype=\"https:\/\/schema.org\/ImageObject\"  ><div class='avia-image-container-inner'><div class='avia-image-overlay-wrap'><img decoding=\"async\" class='wp-image-28420 avia-img-lazy-loading-not-28420 avia_image' src=\"https:\/\/radiorevelacionfm.cl\/wp-content\/uploads\/2023\/03\/FUCOA_1080_1080-768x768-1-1.jpg\" alt='' title='FUCOA_1080_1080-768x768 (1) (1)' height=\"600\" width=\"600\"  itemprop=\"thumbnailUrl\" srcset=\"https:\/\/radiorevelacionfm.cl\/wp-content\/uploads\/2023\/03\/FUCOA_1080_1080-768x768-1-1.jpg 600w, https:\/\/radiorevelacionfm.cl\/wp-content\/uploads\/2023\/03\/FUCOA_1080_1080-768x768-1-1-300x300.jpg 300w, https:\/\/radiorevelacionfm.cl\/wp-content\/uploads\/2023\/03\/FUCOA_1080_1080-768x768-1-1-80x80.jpg 80w, https:\/\/radiorevelacionfm.cl\/wp-content\/uploads\/2023\/03\/FUCOA_1080_1080-768x768-1-1-36x36.jpg 36w, https:\/\/radiorevelacionfm.cl\/wp-content\/uploads\/2023\/03\/FUCOA_1080_1080-768x768-1-1-180x180.jpg 180w, https:\/\/radiorevelacionfm.cl\/wp-content\/uploads\/2023\/03\/FUCOA_1080_1080-768x768-1-1-100x100.jpg 100w\" sizes=\"(max-width: 600px) 100vw, 600px\" \/><\/div><\/div><\/div><\/div>\n<div class=\"flex_column av_one_full  flex_column_div av-zero-column-padding first  avia-builder-el-2  el_after_av_one_full  el_before_av_one_full  column-top-margin\" style='border-radius:0px; '><section class=\"av_textblock_section \"  itemscope=\"itemscope\" itemtype=\"https:\/\/schema.org\/BlogPosting\" itemprop=\"blogPost\" ><div class='avia_textblock  '   itemprop=\"text\" ><p style=\"text-align: center;\"><strong><span style=\"font-size: 18pt;\">Estudiantes de Guaitecas destacan entre ganadores en concurso nacional Historias de Nuestra Tierra 2022<\/span><\/strong><\/p>\n<div id=\"gtx-trans\" style=\"position: absolute; left: -50px; top: 4.31534px;\">\n<div class=\"gtx-trans-icon\"><\/div>\n<\/div>\n<\/div><\/section><\/div>\n<div class=\"flex_column av_one_full  flex_column_div av-zero-column-padding first  avia-builder-el-4  el_after_av_one_full  el_before_av_hr  column-top-margin\" style='border-radius:0px; '><section class=\"av_textblock_section \"  itemscope=\"itemscope\" itemtype=\"https:\/\/schema.org\/BlogPosting\" itemprop=\"blogPost\" ><div class='avia_textblock  '   itemprop=\"text\" ><p style=\"text-align: justify;\">En la regi\u00f3n de Ays\u00e9n, destacan en <em>Categor\u00eda Cuento menor de 14 a\u00f1os:<\/em><\/p>\n<p style=\"text-align: justify;\"><strong>1er lugar nacional \u00abMi abuelo buzo escafandra\u00bb Ignacia Bel\u00e9n Oyarzo Vargas, comuna Guaitecas.<\/strong><\/p>\n<p style=\"text-align: justify;\">2do lugar regional \u00abLa parte secreta del sendero\u00bb Alicia Isidora Steinmeyer Morgado, comuna Ays\u00e9n.<br \/>\n3er lugar regional \u00abEl equipo Condell\u00bb Tom\u00e1s Matus Alfaro, comuna Ays\u00e9n.<\/p>\n<p style=\"text-align: justify;\"><em>En Categor\u00eda Poes\u00eda:<\/em><\/p>\n<p style=\"text-align: justify;\">1er lugar regional \u00abEl hombre puede ser hombre\u00bb Rodrigo Hern\u00e1n Espinoza Rojas, comuna Tortel.<br \/>\n2do lugar regional \u00abEl le\u00f1ador\u00bb Erik Varas Manr\u00edquez, comuna Cisnes.<br \/>\n3er lugar regional \u00abEl campo aisenino\u00bb Victoria Magdalena Moreno Sprovera, comuna Coyhaique.<\/p>\n<p style=\"text-align: justify;\"><em>En Categor\u00eda Cuento mayor de 14 a\u00f1os:<\/em><\/p>\n<p style=\"text-align: justify;\">1er lugar regional \u00abVida, muerte y resurreci\u00f3n de un patag\u00f3n\u00bb Rosa G\u00f3mez Miranda, comuna Cochrane.<br \/>\n2do lugar regional \u00abLa isla de los muertos\u00bb Daniel Ignacio Choque Pino, comuna Coyhaique.<br \/>\n3er lugar regional \u00abAutobiograf\u00eda de un loro\u00bb Juan Carlos Bahamonde G\u00f3mez, comuna Coyhaique.<\/p>\n<p style=\"text-align: justify;\"><em>En Categor\u00eda Dibujo Ense\u00f1anza Media:<\/em><\/p>\n<p style=\"text-align: justify;\"><strong>1er lugar nacional \u00abProcesi\u00f3n San Pedro, patrono de los pescadores\u00bb Sof\u00eda Ignacia Hern\u00e1ndez Quedim\u00e1n, comuna Guaitecas.<\/strong><\/p>\n<p style=\"text-align: justify;\">El aumento categ\u00f3rico en las obras recibidas en la 30\u00aa versi\u00f3n del concurso en comparaci\u00f3n con 2021 es parte del positivo balance de este certamen nacional organizado anualmente por la fundaci\u00f3n ligada al Ministerio de Agricultura, que busca revalorizar la cultura rural de Chile a trav\u00e9s de cuentos, poemas, dibujos y fotograf\u00edas. Hay premios nacionales, regionales y un premio especial a las escuelas con mayor participaci\u00f3n.<span id=\"more-109460\"><\/span><\/p>\n<p style=\"text-align: justify;\">4.457 obras entre cuentos, poemas, dibujos y fotograf\u00edas, 31% m\u00e1s que en 2021, fueron recibidas durante la convocatoria del concurso Historias de Nuestra Tierra 2022, que dio a conocer a sus 183 ganadores y ganadoras a lo largo del pa\u00eds.<\/p>\n<p style=\"text-align: justify;\">Este tradicional certamen del Ministerio de Agricultura, que conmemora 30 a\u00f1os organizado por la Fundaci\u00f3n de Comunicaciones, Capacitaci\u00f3n y Cultura del Agro (FUCOA), busca relevar el patrimonio cultural inmaterial de las zonas rurales de Chile, a trav\u00e9s de la recopilaci\u00f3n de historias, mitos, leyendas, vivencias y tambi\u00e9n cuentos inspirados en la realidad y caracter\u00edsticas del mundo rural y campesino del pa\u00eds.<\/p>\n<p style=\"text-align: justify;\">Junto con felicitar a todas y todos quienes fueron reconocidos a nivel nacional y regional, el ministro de Agricultura, Esteban Valenzuela, destac\u00f3 que \u201cel concurso Historia de Nuestra Tierra es una instancia de participaci\u00f3n que rescata, recopila y valoriza la cultura rural y campesina del pa\u00eds. Esta iniciativa impulsada por FUCOA permite visibilizar la cultura de nuestro Chile rural y de las familias campesinas que es un elemento clave del patrimonio del pa\u00eds.\u201d<\/p>\n<p style=\"text-align: justify;\">En esta versi\u00f3n fueron recopiladas 1.552 obras en la categor\u00eda Dibujo, 1.436 en Cuento, 878 en Poema y 591 en Fotograf\u00eda. De todas ellas, se destaca que un 17% de los participantes declaran pertenecer a un pueblo originario.<\/p>\n<p style=\"text-align: justify;\">Conoce a los ganadores y ganadoras nacionales y regionales de la 30\u00b0 versi\u00f3n del concurso Historias de Nuestra Tierra 2022 en la secci\u00f3n ganadores en el sitio web de FUCOA: www.historiasdenuestratierra.cl<\/p>\n<p style=\"text-align: justify;\">En la categor\u00eda de Cuento Menor de 14 a\u00f1os, el primer lugar nacional es para el cuento \u201cMi abuelo buzo escafandra\u201d de Ignacia Bel\u00e9n Oyarzo Vargas de la comuna de Guaitecas, Regi\u00f3n de Ays\u00e9n. En esta categor\u00eda la mayor participaci\u00f3n se obtuvo de la regi\u00f3n de O\u2019Higgins con 105 cuentos.<\/p>\n<p style=\"text-align: justify;\">Asimismo, en la categor\u00eda Poes\u00eda, el primer lugar nacional es para \u201cAgon\u00eda de la Madre Tierra\u201d de Jehisson Bryan Aguilera Mondaca de la comuna de Salamanca, Regi\u00f3n de Coquimbo. Esta categor\u00eda represent\u00f3 el 19,7% del total de las participaciones con un total de 878 poes\u00edas recibidas.<\/p>\n<p style=\"text-align: justify;\">De igual forma, en la categor\u00eda Cuento Mayor de 14 a\u00f1os, el primer lugar nacional es para el cuento \u201cLa mercader\u00eda\u201d de Rodrigo Gaete Salazar de la comuna de Punta Arenas, Regi\u00f3n de Magallanes, el segundo lugar es para el cuento \u201cEl desarraigo\u201d de Rosa del Carmen Inostroza Rodr\u00edguez de la comuna de Concepci\u00f3n, Regi\u00f3n del Biob\u00edo y el tercer puesto es para el cuento \u201cLa traici\u00f3n\u201d de Sergio Hern\u00e1n Gallegos Rojas de la comuna de Copiap\u00f3, Regi\u00f3n de Atacama.<\/p>\n<p style=\"text-align: justify;\">En la categor\u00eda de Dibujo, el primer lugar para alumnos de ense\u00f1anza b\u00e1sica es para la obra \u201cDomingo de ramos en Islas Desertores\u201d de Jordan Mat\u00edas Z\u00fa\u00f1iga Vivar de Chait\u00e9n, Regi\u00f3n de Los Lagos. Mientras que en ense\u00f1anza media la ganadora del primer lugar es Sof\u00eda Ignacia Hern\u00e1ndez Quedim\u00e1n de Guaitecas, Regi\u00f3n de Ays\u00e9n, con \u201cProcesi\u00f3n San Pedro, patrono de los pescadores\u201d. Cabe destacar que en esta categor\u00eda la participaci\u00f3n increment\u00f3 un 53% en comparaci\u00f3n con el a\u00f1o 2021 con 1552 obras recibidas.<\/p>\n<p style=\"text-align: justify;\">Por otro lado, en la categor\u00eda de Fotograf\u00eda, el primer lugar es para la obra \u201cEl heladero del desierto\u201d de Cristian Nu\u00f1ez, proveniente de Linares, Regi\u00f3n del Maule.<\/p>\n<p style=\"text-align: justify;\">El Director Ejecutivo de FUCOA, Claudio Urtubia, destac\u00f3 las obras recibidas por el concurso, \u201clas que reflejan una variedad y riqueza que es propia de nuestro mundo rural pero, al tiempo, capturan los cambios que se est\u00e1n produciendo en la ruralidad, por ejemplo, con nuevos rostros y encuentros de culturas, con un tr\u00e1nsito valioso hacia la equidad de g\u00e9nero y la inclusi\u00f3n\u201d.<\/p>\n<p style=\"text-align: justify;\">Entre los premios para ni\u00f1os y ni\u00f1as se encuentran notebooks, libros, bicicletas, tablets, set de escritores y set de dibujos, mientras que los adultos reciben un incentivo en dinero. Asimismo y por tercera vez consecutiva, tambi\u00e9n se anunciaron los premios para establecimientos educacionales con mayor participaci\u00f3n en el concurso, consistentes en computadores. El primer lugar es para la Colegio Padre Alberto Hurtado de Los \u00c1ngeles, Regi\u00f3n del Biob\u00edo, mientras que el segundo lugar lo obtiene el Colegio Alta Cordillera de Arica, Regi\u00f3n de Arica y Parinacota, y el tercer lugar es para la Escuela Manuel Rodr\u00edguez Erdoyza de Arica, Regi\u00f3n de Arica y Parinacota.<\/p>\n<p style=\"text-align: justify;\">El jurado del concurso Historias de Nuestra Tierra lo conforman destacados representantes del \u00e1mbito cultural de Chile, como Sonia Montecino, escritora y antrop\u00f3loga, Premio Nacional de Humanidades y Ciencias Sociales (2013); Elicura Chihuailaf, poeta mapuche y obstetra, Premio Nacional de Literatura 2020; H\u00e9ctor Velis-Meza, periodista y profesor de oratoria, autor de diversos libros de divulgaci\u00f3n del lenguaje y las costumbres; y Osvaldo C\u00e1diz, investigador del folclor y director acad\u00e9mico de la Academia Nacional de Cultura Tradicional Margot Loyola, entre otros.<\/p>\n<p style=\"text-align: justify;\">Como todos los a\u00f1os, las obras escritas que obtuvieron reconocimientos ser\u00e1n publicadas en los libros \u201cAntolog\u00eda\u201d y \u201cMe lo contaron mis abuelitos\u201d, editados por FUCOA, que estar\u00e1n disponibles gratuitamente en www.historiasdenuestratierra.cl desde mayo de este a\u00f1o, junto con una exposici\u00f3n virtual de los dibujos y fotograf\u00edas seleccionadas. Cabe destacar que cada ganador y ganadora del certamen recibe tambi\u00e9n un ejemplar impreso de estos libros.<\/p>\n<p style=\"text-align: justify;\">Las premiaciones regionales se realizar\u00e1n durante el segundo semestre de este a\u00f1o a trav\u00e9s de las respectivas Seremi de Agricultura.<\/p>\n<p style=\"text-align: justify;\">Convocatoria 2023<\/p>\n<p style=\"text-align: justify;\">La fecha oficial del lanzamiento de la 31\u00aa versi\u00f3n y m\u00e1s detalles del certamen ser\u00e1n anunciados por el sitio web y redes sociales de FUCOA y del Concurso Historias de Nuestra Tierra.<\/p>\n<p style=\"text-align: justify;\">www.historiasdenuestratierra.cl<\/p>\n<\/div><\/section><\/div><div  style='height:50px' class='hr hr-invisible   avia-builder-el-6  el_after_av_one_full  el_before_av_social_share '><span class='hr-inner ' ><span class='hr-inner-style'><\/span><\/span><\/div><\/p>\n<div  class='av-social-sharing-box  avia-builder-el-7  el_after_av_hr  el_before_av_hr  '><div class='av-share-box'><h5 class='av-share-link-description av-no-toc '>Compartir esta noticia<\/h5><ul class='av-share-box-list noLightbox'><li class='av-share-link av-social-link-facebook' ><a target=\"_blank\" aria-label=\"Compartir en Facebook\" href='https:\/\/www.facebook.com\/sharer.php?u=https:\/\/radiorevelacionfm.cl\/?p=28419&#038;t=Estudiantes%20de%20Guaitecas%20destacan%20entre%20ganadores%20en%20concurso%20nacional%20Historias%20de%20Nuestra%20Tierra%202022' aria-hidden='false' data-av_icon='\ue8f3' data-av_iconfont='entypo-fontello' title='' data-avia-related-tooltip='Compartir en Facebook' rel=\"noopener\"><span class='avia_hidden_link_text'>Compartir en Facebook<\/span><\/a><\/li><li class='av-share-link av-social-link-twitter' ><a target=\"_blank\" aria-label=\"Compartir en Twitter\" href='https:\/\/twitter.com\/share?text=Estudiantes%20de%20Guaitecas%20destacan%20entre%20ganadores%20en%20concurso%20nacional%20Historias%20de%20Nuestra%20Tierra%202022&#038;url=https:\/\/radiorevelacionfm.cl\/?p=28419' aria-hidden='false' data-av_icon='\ue8f1' data-av_iconfont='entypo-fontello' title='' data-avia-related-tooltip='Compartir en Twitter' rel=\"noopener\"><span class='avia_hidden_link_text'>Compartir en Twitter<\/span><\/a><\/li><li class='av-share-link av-social-link-whatsapp' ><a target=\"_blank\" aria-label=\"Compartir en Whatsapp\" href='https:\/\/api.whatsapp.com\/send?text=https:\/\/radiorevelacionfm.cl\/?p=28419' aria-hidden='false' data-av_icon='\uf232' data-av_iconfont='entypo-fontello' title='' data-avia-related-tooltip='Compartir en Whatsapp' rel=\"noopener\"><span class='avia_hidden_link_text'>Compartir en Whatsapp<\/span><\/a><\/li><li class='av-share-link av-social-link-linkedin' ><a target=\"_blank\" aria-label=\"Compartir en LinkedIn\" href='https:\/\/linkedin.com\/shareArticle?mini=true&#038;title=Estudiantes%20de%20Guaitecas%20destacan%20entre%20ganadores%20en%20concurso%20nacional%20Historias%20de%20Nuestra%20Tierra%202022&#038;url=https:\/\/radiorevelacionfm.cl\/?p=28419' aria-hidden='false' data-av_icon='\ue8fc' data-av_iconfont='entypo-fontello' title='' data-avia-related-tooltip='Compartir en LinkedIn' rel=\"noopener\"><span class='avia_hidden_link_text'>Compartir en LinkedIn<\/span><\/a><\/li><li class='av-share-link av-social-link-mail' ><a  aria-label=\"Compartir por correo\" href='mailto:?subject=Estudiantes%20de%20Guaitecas%20destacan%20entre%20ganadores%20en%20concurso%20nacional%20Historias%20de%20Nuestra%20Tierra%202022&#038;body=https:\/\/radiorevelacionfm.cl\/?p=28419' aria-hidden='false' data-av_icon='\ue805' data-av_iconfont='entypo-fontello' title='' data-avia-related-tooltip='Compartir por correo'><span class='avia_hidden_link_text'>Compartir por correo<\/span><\/a><\/li><\/ul><\/div><\/div>\n<div  style='height:50px' class='hr hr-invisible   avia-builder-el-8  el_after_av_social_share  el_before_av_comments_list '><span class='hr-inner ' ><span class='hr-inner-style'><\/span><\/span><\/div>\n<div  class='av-buildercomment  av-blog-meta-html-info-disabled av-blog-meta-tag-disabled  '><\/div>\n","protected":false},"excerpt":{"rendered":"","protected":false},"author":1,"featured_media":28421,"comment_status":"open","ping_status":"open","sticky":false,"template":"","format":"standard","meta":{"footnotes":""},"categories":[58],"tags":[],"class_list":["post-28419","post","type-post","status-publish","format-standard","has-post-thumbnail","hentry","category-agricultura"],"jetpack_featured_media_url":"https:\/\/radiorevelacionfm.cl\/wp-content\/uploads\/2023\/03\/fucoa_1080_1080-768x768-2_optimized-1.jpg","_links":{"self":[{"href":"https:\/\/radiorevelacionfm.cl\/index.php?rest_route=\/wp\/v2\/posts\/28419","targetHints":{"allow":["GET"]}}],"collection":[{"href":"https:\/\/radiorevelacionfm.cl\/index.php?rest_route=\/wp\/v2\/posts"}],"about":[{"href":"https:\/\/radiorevelacionfm.cl\/index.php?rest_route=\/wp\/v2\/types\/post"}],"author":[{"embeddable":true,"href":"https:\/\/radiorevelacionfm.cl\/index.php?rest_route=\/wp\/v2\/users\/1"}],"replies":[{"embeddable":true,"href":"https:\/\/radiorevelacionfm.cl\/index.php?rest_route=%2Fwp%2Fv2%2Fcomments&post=28419"}],"version-history":[{"count":4,"href":"https:\/\/radiorevelacionfm.cl\/index.php?rest_route=\/wp\/v2\/posts\/28419\/revisions"}],"predecessor-version":[{"id":28435,"href":"https:\/\/radiorevelacionfm.cl\/index.php?rest_route=\/wp\/v2\/posts\/28419\/revisions\/28435"}],"wp:featuredmedia":[{"embeddable":true,"href":"https:\/\/radiorevelacionfm.cl\/index.php?rest_route=\/wp\/v2\/media\/28421"}],"wp:attachment":[{"href":"https:\/\/radiorevelacionfm.cl\/index.php?rest_route=%2Fwp%2Fv2%2Fmedia&parent=28419"}],"wp:term":[{"taxonomy":"category","embeddable":true,"href":"https:\/\/radiorevelacionfm.cl\/index.php?rest_route=%2Fwp%2Fv2%2Fcategories&post=28419"},{"taxonomy":"post_tag","embeddable":true,"href":"https:\/\/radiorevelacionfm.cl\/index.php?rest_route=%2Fwp%2Fv2%2Ftags&post=28419"}],"curies":[{"name":"wp","href":"https:\/\/api.w.org\/{rel}","templated":true}]}}