{"id":28413,"date":"2023-03-03T18:33:57","date_gmt":"2023-03-03T21:33:57","guid":{"rendered":"https:\/\/radiorevelacionfm.cl\/?p=28413"},"modified":"2023-03-03T18:45:55","modified_gmt":"2023-03-03T21:45:55","slug":"armada-realizo-evacuacion-medica-de-urgencia-de-turista-alemana-desde-lago-ohiggins","status":"publish","type":"post","link":"https:\/\/radiorevelacionfm.cl\/?p=28413","title":{"rendered":"Armada realiz\u00f3 evacuaci\u00f3n m\u00e9dica de urgencia de turista alemana desde Lago O\u2019Higgins"},"content":{"rendered":"<div class=\"flex_column av_one_full  flex_column_div av-zero-column-padding first  avia-builder-el-0  el_before_av_one_full  avia-builder-el-first  \" style='border-radius:0px; '><div  class='avia-image-container  av-styling-    avia-builder-el-1  avia-builder-el-no-sibling  avia-align-center '  itemprop=\"image\" itemscope=\"itemscope\" itemtype=\"https:\/\/schema.org\/ImageObject\"  ><div class='avia-image-container-inner'><div class='avia-image-overlay-wrap'><img decoding=\"async\" class='wp-image-28417 avia-img-lazy-loading-not-28417 avia_image' src=\"https:\/\/radiorevelacionfm.cl\/wp-content\/uploads\/2023\/03\/FqTGu3rakAgUTBN-1-1-1.jpg\" alt='' title='FqTGu3rakAgUTBN (1) (1) (1)' height=\"600\" width=\"849\"  itemprop=\"thumbnailUrl\" srcset=\"https:\/\/radiorevelacionfm.cl\/wp-content\/uploads\/2023\/03\/FqTGu3rakAgUTBN-1-1-1.jpg 849w, https:\/\/radiorevelacionfm.cl\/wp-content\/uploads\/2023\/03\/FqTGu3rakAgUTBN-1-1-1-300x212.jpg 300w, https:\/\/radiorevelacionfm.cl\/wp-content\/uploads\/2023\/03\/FqTGu3rakAgUTBN-1-1-1-768x543.jpg 768w, https:\/\/radiorevelacionfm.cl\/wp-content\/uploads\/2023\/03\/FqTGu3rakAgUTBN-1-1-1-260x185.jpg 260w, https:\/\/radiorevelacionfm.cl\/wp-content\/uploads\/2023\/03\/FqTGu3rakAgUTBN-1-1-1-705x498.jpg 705w, https:\/\/radiorevelacionfm.cl\/wp-content\/uploads\/2023\/03\/FqTGu3rakAgUTBN-1-1-1-600x424.jpg 600w\" sizes=\"(max-width: 849px) 100vw, 849px\" \/><\/div><\/div><\/div><\/div><div class=\"flex_column av_one_full  flex_column_div av-zero-column-padding first  avia-builder-el-2  el_after_av_one_full  el_before_av_one_full  column-top-margin\" style='border-radius:0px; '><section class=\"av_textblock_section \"  itemscope=\"itemscope\" itemtype=\"https:\/\/schema.org\/BlogPosting\" itemprop=\"blogPost\" ><div class='avia_textblock  '   itemprop=\"text\" ><p style=\"text-align: center;\"><strong><span style=\"font-size: 18pt;\">Armada realiz\u00f3 evacuaci\u00f3n m\u00e9dica de urgencia de turista alemana desde Lago O\u2019Higgins<\/span><\/strong><\/p>\n<div id=\"gtx-trans\" style=\"position: absolute; left: -50px; top: 4.31534px;\">\n<div class=\"gtx-trans-icon\"><\/div>\n<\/div>\n<\/div><\/section><\/div><\/p>\n<div class=\"flex_column av_one_full  flex_column_div av-zero-column-padding first  avia-builder-el-4  el_after_av_one_full  el_before_av_hr  column-top-margin\" style='border-radius:0px; '><section class=\"av_textblock_section \"  itemscope=\"itemscope\" itemtype=\"https:\/\/schema.org\/BlogPosting\" itemprop=\"blogPost\" ><div class='avia_textblock  '   itemprop=\"text\" ><p style=\"text-align: justify;\">La joven present\u00f3 complicaciones de salud mientras se encontraba recorriendo el sector de Candelario Mancilla, sector aislado en el Lago O\u2019Higgins, en el extremo sur de la Regi\u00f3n de Ays\u00e9n.<\/p>\n<p style=\"text-align: justify;\"><span id=\"more-109457\"><\/span>La Patrullera Mar\u00edtima LPM-4412, dependiente de la Alcald\u00eda de Mar de Villa O\u2019Higgins, culmin\u00f3 con \u00e9xito en horas de la noche del jueves 2 de marzo, una evacuaci\u00f3n m\u00e9dica de urgencia para una turista alemana de 22 a\u00f1os de edad.<\/p>\n<p style=\"text-align: justify;\">La evacuaci\u00f3n se llev\u00f3 a cabo a solicitud del Servicio de Atenci\u00f3n M\u00e9dica de Urgencia (SAMU) regulador de Coyhaique, por lo anterior, precis\u00f3 el Capit\u00e1n de Puerto de Lago General Carrera y de quien depende la Alcald\u00eda de Mar de Lago O\u2019Higgins, Teniente 1\u00b0 Litoral Camilo Cifuentes, \u201cLa joven present\u00f3 complicaciones de salud mientras se encontraba recorriendo el sector de Candelario Mancilla, sector aislado en el Lago O\u2019Higgins, ubicado en el extremo sur de la Regi\u00f3n de Ays\u00e9n, por lo que se coordin\u00f3 su evacuaci\u00f3n\u201d.<\/p>\n<p style=\"text-align: justify;\">De este modo, agreg\u00f3 el Teniente \u201cSe dispuso el zarpe de la unidad mar\u00edtima que de manera oportuna logr\u00f3 acudir al sector y trasladar con apoyo de un param\u00e9dico de la comuna de Villa O\u2019Higgins a la paciente afectada por fuerte dolor abdominal hasta caleta Baham\u00f3ndez, para que posteriormente fuera conducida en ambulancia hasta el centro asistencial. La navegaci\u00f3n tanto de ida como de vuelta totaliz\u00f3 cinco horas\u201d.<\/p>\n<p style=\"text-align: justify;\">La Armada de Chile, cuenta en el Lago con esta unidad tipo Arc\u00e1ngel, cuya misi\u00f3n entre otras es prestar apoyo a los sectores aislados de este cuerpo de agua, agreg\u00f3 el Oficial.<\/p>\n<\/div><\/section><\/div>\n<div  style='height:50px' class='hr hr-invisible   avia-builder-el-6  el_after_av_one_full  el_before_av_social_share '><span class='hr-inner ' ><span class='hr-inner-style'><\/span><\/span><\/div>\n<div  class='av-social-sharing-box  avia-builder-el-7  el_after_av_hr  el_before_av_hr  '><div class='av-share-box'><h5 class='av-share-link-description av-no-toc '>Compartir esta noticia<\/h5><ul class='av-share-box-list noLightbox'><li class='av-share-link av-social-link-facebook' ><a target=\"_blank\" aria-label=\"Compartir en Facebook\" href='https:\/\/www.facebook.com\/sharer.php?u=https:\/\/radiorevelacionfm.cl\/?p=28413&#038;t=Armada%20realiz%C3%B3%20evacuaci%C3%B3n%20m%C3%A9dica%20de%20urgencia%20de%20turista%20alemana%20desde%20Lago%20O%E2%80%99Higgins' aria-hidden='false' data-av_icon='\ue8f3' data-av_iconfont='entypo-fontello' title='' data-avia-related-tooltip='Compartir en Facebook' rel=\"noopener\"><span class='avia_hidden_link_text'>Compartir en Facebook<\/span><\/a><\/li><li class='av-share-link av-social-link-twitter' ><a target=\"_blank\" aria-label=\"Compartir en Twitter\" href='https:\/\/twitter.com\/share?text=Armada%20realiz%C3%B3%20evacuaci%C3%B3n%20m%C3%A9dica%20de%20urgencia%20de%20turista%20alemana%20desde%20Lago%20O%E2%80%99Higgins&#038;url=https:\/\/radiorevelacionfm.cl\/?p=28413' aria-hidden='false' data-av_icon='\ue8f1' data-av_iconfont='entypo-fontello' title='' data-avia-related-tooltip='Compartir en Twitter' rel=\"noopener\"><span class='avia_hidden_link_text'>Compartir en Twitter<\/span><\/a><\/li><li class='av-share-link av-social-link-whatsapp' ><a target=\"_blank\" aria-label=\"Compartir en Whatsapp\" href='https:\/\/api.whatsapp.com\/send?text=https:\/\/radiorevelacionfm.cl\/?p=28413' aria-hidden='false' data-av_icon='\uf232' data-av_iconfont='entypo-fontello' title='' data-avia-related-tooltip='Compartir en Whatsapp' rel=\"noopener\"><span class='avia_hidden_link_text'>Compartir en Whatsapp<\/span><\/a><\/li><li class='av-share-link av-social-link-linkedin' ><a target=\"_blank\" aria-label=\"Compartir en LinkedIn\" href='https:\/\/linkedin.com\/shareArticle?mini=true&#038;title=Armada%20realiz%C3%B3%20evacuaci%C3%B3n%20m%C3%A9dica%20de%20urgencia%20de%20turista%20alemana%20desde%20Lago%20O%E2%80%99Higgins&#038;url=https:\/\/radiorevelacionfm.cl\/?p=28413' aria-hidden='false' data-av_icon='\ue8fc' data-av_iconfont='entypo-fontello' title='' data-avia-related-tooltip='Compartir en LinkedIn' rel=\"noopener\"><span class='avia_hidden_link_text'>Compartir en LinkedIn<\/span><\/a><\/li><li class='av-share-link av-social-link-mail' ><a  aria-label=\"Compartir por correo\" href='mailto:?subject=Armada%20realiz%C3%B3%20evacuaci%C3%B3n%20m%C3%A9dica%20de%20urgencia%20de%20turista%20alemana%20desde%20Lago%20O%E2%80%99Higgins&#038;body=https:\/\/radiorevelacionfm.cl\/?p=28413' aria-hidden='false' data-av_icon='\ue805' data-av_iconfont='entypo-fontello' title='' data-avia-related-tooltip='Compartir por correo'><span class='avia_hidden_link_text'>Compartir por correo<\/span><\/a><\/li><\/ul><\/div><\/div>\n<div  style='height:50px' class='hr hr-invisible   avia-builder-el-8  el_after_av_social_share  el_before_av_comments_list '><span class='hr-inner ' ><span class='hr-inner-style'><\/span><\/span><\/div>\n<div  class='av-buildercomment  av-blog-meta-html-info-disabled av-blog-meta-tag-disabled  '><\/div>\n","protected":false},"excerpt":{"rendered":"","protected":false},"author":1,"featured_media":28417,"comment_status":"open","ping_status":"open","sticky":false,"template":"","format":"standard","meta":{"footnotes":""},"categories":[38],"tags":[],"class_list":["post-28413","post","type-post","status-publish","format-standard","has-post-thumbnail","hentry","category-regional"],"jetpack_featured_media_url":"https:\/\/radiorevelacionfm.cl\/wp-content\/uploads\/2023\/03\/FqTGu3rakAgUTBN-1-1-1.jpg","_links":{"self":[{"href":"https:\/\/radiorevelacionfm.cl\/index.php?rest_route=\/wp\/v2\/posts\/28413","targetHints":{"allow":["GET"]}}],"collection":[{"href":"https:\/\/radiorevelacionfm.cl\/index.php?rest_route=\/wp\/v2\/posts"}],"about":[{"href":"https:\/\/radiorevelacionfm.cl\/index.php?rest_route=\/wp\/v2\/types\/post"}],"author":[{"embeddable":true,"href":"https:\/\/radiorevelacionfm.cl\/index.php?rest_route=\/wp\/v2\/users\/1"}],"replies":[{"embeddable":true,"href":"https:\/\/radiorevelacionfm.cl\/index.php?rest_route=%2Fwp%2Fv2%2Fcomments&post=28413"}],"version-history":[{"count":3,"href":"https:\/\/radiorevelacionfm.cl\/index.php?rest_route=\/wp\/v2\/posts\/28413\/revisions"}],"predecessor-version":[{"id":28416,"href":"https:\/\/radiorevelacionfm.cl\/index.php?rest_route=\/wp\/v2\/posts\/28413\/revisions\/28416"}],"wp:featuredmedia":[{"embeddable":true,"href":"https:\/\/radiorevelacionfm.cl\/index.php?rest_route=\/wp\/v2\/media\/28417"}],"wp:attachment":[{"href":"https:\/\/radiorevelacionfm.cl\/index.php?rest_route=%2Fwp%2Fv2%2Fmedia&parent=28413"}],"wp:term":[{"taxonomy":"category","embeddable":true,"href":"https:\/\/radiorevelacionfm.cl\/index.php?rest_route=%2Fwp%2Fv2%2Fcategories&post=28413"},{"taxonomy":"post_tag","embeddable":true,"href":"https:\/\/radiorevelacionfm.cl\/index.php?rest_route=%2Fwp%2Fv2%2Ftags&post=28413"}],"curies":[{"name":"wp","href":"https:\/\/api.w.org\/{rel}","templated":true}]}}