{"id":28407,"date":"2023-03-03T20:04:57","date_gmt":"2023-03-03T23:04:57","guid":{"rendered":"https:\/\/radiorevelacionfm.cl\/?p=28407"},"modified":"2023-03-03T20:04:57","modified_gmt":"2023-03-03T23:04:57","slug":"declaran-alerta-temprana-preventiva-para-provincia-capitan-prat-por-evento-meteorologico","status":"publish","type":"post","link":"https:\/\/radiorevelacionfm.cl\/?p=28407","title":{"rendered":"Declaran alerta temprana preventiva para provincia Capit\u00e1n Prat por evento meteorol\u00f3gico"},"content":{"rendered":"<div class=\"flex_column av_one_full  flex_column_div av-zero-column-padding first  avia-builder-el-0  el_before_av_one_full  avia-builder-el-first  \" style='border-radius:0px; '><div  class='avia-image-container  av-styling-    avia-builder-el-1  avia-builder-el-no-sibling  avia-align-center '  itemprop=\"image\" itemscope=\"itemscope\" itemtype=\"https:\/\/schema.org\/ImageObject\"  ><div class='avia-image-container-inner'><div class='avia-image-overlay-wrap'><img decoding=\"async\" class='wp-image-28409 avia-img-lazy-loading-not-28409 avia_image' src=\"https:\/\/radiorevelacionfm.cl\/wp-content\/uploads\/2023\/03\/rio-mosco-1_optimized.jpg\" alt='' title='rio-mosco-(1)_optimized' height=\"600\" width=\"904\"  itemprop=\"thumbnailUrl\" srcset=\"https:\/\/radiorevelacionfm.cl\/wp-content\/uploads\/2023\/03\/rio-mosco-1_optimized.jpg 904w, https:\/\/radiorevelacionfm.cl\/wp-content\/uploads\/2023\/03\/rio-mosco-1_optimized-300x199.jpg 300w, https:\/\/radiorevelacionfm.cl\/wp-content\/uploads\/2023\/03\/rio-mosco-1_optimized-768x510.jpg 768w, https:\/\/radiorevelacionfm.cl\/wp-content\/uploads\/2023\/03\/rio-mosco-1_optimized-705x468.jpg 705w, https:\/\/radiorevelacionfm.cl\/wp-content\/uploads\/2023\/03\/rio-mosco-1_optimized-600x398.jpg 600w\" sizes=\"(max-width: 904px) 100vw, 904px\" \/><\/div><\/div><\/div><\/div><div class=\"flex_column av_one_full  flex_column_div av-zero-column-padding first  avia-builder-el-2  el_after_av_one_full  el_before_av_one_full  column-top-margin\" style='border-radius:0px; '><section class=\"av_textblock_section \"  itemscope=\"itemscope\" itemtype=\"https:\/\/schema.org\/BlogPosting\" itemprop=\"blogPost\" ><div class='avia_textblock  '   itemprop=\"text\" ><p style=\"text-align: center;\"><span style=\"font-size: 18pt;\"><strong>Declaran alerta temprana preventiva para provincia Capit\u00e1n Prat por evento meteorol\u00f3gico<\/strong><\/span><\/p>\n<div id=\"gtx-trans\" style=\"position: absolute; left: -50px; top: 4.31534px;\">\n<div class=\"gtx-trans-icon\"><\/div>\n<\/div>\n<\/div><\/section><\/div><div class=\"flex_column av_one_full  flex_column_div av-zero-column-padding first  avia-builder-el-4  el_after_av_one_full  el_before_av_hr  column-top-margin\" style='border-radius:0px; '><section class=\"av_textblock_section \"  itemscope=\"itemscope\" itemtype=\"https:\/\/schema.org\/BlogPosting\" itemprop=\"blogPost\" ><div class='avia_textblock  '   itemprop=\"text\" ><article id=\"post-47988\" class=\"post-47988 post type-post status-publish format-standard hentry category-provincia-capitan-prat category-region-de-aysen-del-general-carlos-ibanez-del-campo entry\">\n<div class=\"entry-content\">\n<p style=\"text-align: justify;\">De acuerdo con la informaci\u00f3n proporcionada por la Direcci\u00f3n Meteorol\u00f3gica de Chile (DMC), mediante el Aviso Meteorol\u00f3gico A77\/2023, se pronostica la ocurrencia de precipitaciones normales a moderadas con isoterma alta en sectores Insular Sur y Codillera Austral Sur, entre la madrugada y noche del domingo 05 de marzo.<\/p>\n<p style=\"text-align: justify;\">Adicionalmente, este mismo organismo t\u00e9cnico mantiene el Aviso Meteorol\u00f3gico A78\/2023, que pronostica viento normal a moderado en el sector de Patagonia Subandina Norte, durante la tarde del domingo 05 de marzo.<\/p>\n<p style=\"text-align: justify;\">Adem\u00e1s, es importante se\u00f1alar el significativo aumento de Caudal del r\u00edo Mosco, comuna de O\u00b4Higgins, durante las \u00faltimas horas producto de las intensas precipitaciones, el cual presenta un inminente riesgo de desborde.<\/p>\n<p style=\"text-align: justify;\">Por su parte, SERNAGEOMIN a trav\u00e9s de su Minuta T\u00e9cnica por Remoci\u00f3n en Masa indica que producto de las\u00a0<strong>precipitaciones de intensidad normal a moderada<\/strong>\u00a0con isoterma cero alta (3400-4500 m), para las zonas Insular Sur y Cordillera Austral Sur, Regi\u00f3n de Ays\u00e9n, considera que la posibilidad de ocurrencia de remociones en masa, tales como flujos de detritos (aluviones), deslizamientos y\/o ca\u00eddas de rocas (derrumbes), es de car\u00e1cter\u00a0<strong>baja a moderada<\/strong>.<\/p>\n<p style=\"text-align: justify;\">En consideraci\u00f3n a estos antecedentes, y la existencia de factores propicios para deshielos en la precordillera y cordillera subandina, como tambi\u00e9n la ocurrencia de aumento de caudales en r\u00edos y arroyos, en coordinaci\u00f3n con la Delegaci\u00f3n Presidencial Regional de Ays\u00e9n, la Direcci\u00f3n Regional del SENAPRED\u00a0<strong>declara Alerta Temprana Preventiva\u00a0<\/strong>para la Provincia de Capit\u00e1n Prat por evento meteorol\u00f3gico, vigente desde hoy y hasta que las condiciones as\u00ed lo ameriten.<\/p>\n<p style=\"text-align: justify;\">La declaraci\u00f3n de esta alerta se constituye como un estado de reforzamiento de la vigilancia, mediante el monitoreo preciso y riguroso de las condiciones de riesgo y las respectivas vulnerabilidades asociadas a la amenaza, coordinando y activando al Sistema Nacional de Prevenci\u00f3n y Respuesta ante Desastres con el fin de actuar oportunamente frente a eventuales situaciones de emergencia.<\/p>\n<p style=\"text-align: justify;\"><em><strong><span class=\"TextRun SCXW246417368 BCX0\" lang=\"ES-CL\" xml:lang=\"ES-CL\" data-contrast=\"auto\"><span class=\"NormalTextRun SCXW246417368 BCX0\" data-ccp-parastyle=\"No Spacing\">SENAPRED<\/span><\/span><\/strong><span class=\"TextRun SCXW246417368 BCX0\" lang=\"ES-CL\" xml:lang=\"ES-CL\" data-contrast=\"auto\">\u00a0<span class=\"NormalTextRun SCXW246417368 BCX0\" data-ccp-parastyle=\"No Spacing\">recomienda a la poblaci\u00f3n informarse sobre las condiciones del tiempo; revisar y limpiar el techo y canaletas de las viviendas; mantener las v\u00edas de evacuaci\u00f3n de aguas lluvias libres de tierra y desperdicios; evitar transitar a pie o en veh\u00edculos por zonas o caminos anegados; y evitar internarse en zonas monta\u00f1osas, r\u00edos, lagos y mar, especialmente cuando las condiciones meteorol\u00f3gicas sean desfavorables.<\/span><\/span><span class=\"EOP SCXW246417368 BCX0\" data-ccp-props=\"{&quot;201341983&quot;:0,&quot;335551550&quot;:6,&quot;335551620&quot;:6,&quot;335559739&quot;:0,&quot;335559740&quot;:240}\">\u00a0<\/span><\/em><\/p>\n<div class=\"heateor_sss_sharing_container heateor_sss_vertical_sharing heateor_sss_bottom_sharing\">\n<div class=\"heateorSssClear\" style=\"text-align: justify;\"><\/div>\n<\/div>\n<\/div>\n<\/article>\n<\/div><\/section><\/div><div  style='height:50px' class='hr hr-invisible   avia-builder-el-6  el_after_av_one_full  el_before_av_social_share '><span class='hr-inner ' ><span class='hr-inner-style'><\/span><\/span><\/div><\/p>\n<div  class='av-social-sharing-box  avia-builder-el-7  el_after_av_hr  el_before_av_hr  '><div class='av-share-box'><h5 class='av-share-link-description av-no-toc '>Compartir esta noticia<\/h5><ul class='av-share-box-list noLightbox'><li class='av-share-link av-social-link-facebook' ><a target=\"_blank\" aria-label=\"Compartir en Facebook\" href='https:\/\/www.facebook.com\/sharer.php?u=https:\/\/radiorevelacionfm.cl\/?p=28407&#038;t=Declaran%20alerta%20temprana%20preventiva%20para%20provincia%20Capit%C3%A1n%20Prat%20por%20evento%20meteorol%C3%B3gico' aria-hidden='false' data-av_icon='\ue8f3' data-av_iconfont='entypo-fontello' title='' data-avia-related-tooltip='Compartir en Facebook' rel=\"noopener\"><span class='avia_hidden_link_text'>Compartir en Facebook<\/span><\/a><\/li><li class='av-share-link av-social-link-twitter' ><a target=\"_blank\" aria-label=\"Compartir en Twitter\" href='https:\/\/twitter.com\/share?text=Declaran%20alerta%20temprana%20preventiva%20para%20provincia%20Capit%C3%A1n%20Prat%20por%20evento%20meteorol%C3%B3gico&#038;url=https:\/\/radiorevelacionfm.cl\/?p=28407' aria-hidden='false' data-av_icon='\ue8f1' data-av_iconfont='entypo-fontello' title='' data-avia-related-tooltip='Compartir en Twitter' rel=\"noopener\"><span class='avia_hidden_link_text'>Compartir en Twitter<\/span><\/a><\/li><li class='av-share-link av-social-link-whatsapp' ><a target=\"_blank\" aria-label=\"Compartir en Whatsapp\" href='https:\/\/api.whatsapp.com\/send?text=https:\/\/radiorevelacionfm.cl\/?p=28407' aria-hidden='false' data-av_icon='\uf232' data-av_iconfont='entypo-fontello' title='' data-avia-related-tooltip='Compartir en Whatsapp' rel=\"noopener\"><span class='avia_hidden_link_text'>Compartir en Whatsapp<\/span><\/a><\/li><li class='av-share-link av-social-link-linkedin' ><a target=\"_blank\" aria-label=\"Compartir en LinkedIn\" href='https:\/\/linkedin.com\/shareArticle?mini=true&#038;title=Declaran%20alerta%20temprana%20preventiva%20para%20provincia%20Capit%C3%A1n%20Prat%20por%20evento%20meteorol%C3%B3gico&#038;url=https:\/\/radiorevelacionfm.cl\/?p=28407' aria-hidden='false' data-av_icon='\ue8fc' data-av_iconfont='entypo-fontello' title='' data-avia-related-tooltip='Compartir en LinkedIn' rel=\"noopener\"><span class='avia_hidden_link_text'>Compartir en LinkedIn<\/span><\/a><\/li><li class='av-share-link av-social-link-mail' ><a  aria-label=\"Compartir por correo\" href='mailto:?subject=Declaran%20alerta%20temprana%20preventiva%20para%20provincia%20Capit%C3%A1n%20Prat%20por%20evento%20meteorol%C3%B3gico&#038;body=https:\/\/radiorevelacionfm.cl\/?p=28407' aria-hidden='false' data-av_icon='\ue805' data-av_iconfont='entypo-fontello' title='' data-avia-related-tooltip='Compartir por correo'><span class='avia_hidden_link_text'>Compartir por correo<\/span><\/a><\/li><\/ul><\/div><\/div>\n<div  style='height:50px' class='hr hr-invisible   avia-builder-el-8  el_after_av_social_share  el_before_av_comments_list '><span class='hr-inner ' ><span class='hr-inner-style'><\/span><\/span><\/div>\n<div  class='av-buildercomment  av-blog-meta-html-info-disabled av-blog-meta-tag-disabled  '><\/div>\n","protected":false},"excerpt":{"rendered":"","protected":false},"author":1,"featured_media":28409,"comment_status":"open","ping_status":"open","sticky":false,"template":"","format":"standard","meta":{"footnotes":""},"categories":[38],"tags":[],"class_list":["post-28407","post","type-post","status-publish","format-standard","has-post-thumbnail","hentry","category-regional"],"jetpack_featured_media_url":"https:\/\/radiorevelacionfm.cl\/wp-content\/uploads\/2023\/03\/rio-mosco-1_optimized.jpg","_links":{"self":[{"href":"https:\/\/radiorevelacionfm.cl\/index.php?rest_route=\/wp\/v2\/posts\/28407","targetHints":{"allow":["GET"]}}],"collection":[{"href":"https:\/\/radiorevelacionfm.cl\/index.php?rest_route=\/wp\/v2\/posts"}],"about":[{"href":"https:\/\/radiorevelacionfm.cl\/index.php?rest_route=\/wp\/v2\/types\/post"}],"author":[{"embeddable":true,"href":"https:\/\/radiorevelacionfm.cl\/index.php?rest_route=\/wp\/v2\/users\/1"}],"replies":[{"embeddable":true,"href":"https:\/\/radiorevelacionfm.cl\/index.php?rest_route=%2Fwp%2Fv2%2Fcomments&post=28407"}],"version-history":[{"count":2,"href":"https:\/\/radiorevelacionfm.cl\/index.php?rest_route=\/wp\/v2\/posts\/28407\/revisions"}],"predecessor-version":[{"id":28423,"href":"https:\/\/radiorevelacionfm.cl\/index.php?rest_route=\/wp\/v2\/posts\/28407\/revisions\/28423"}],"wp:featuredmedia":[{"embeddable":true,"href":"https:\/\/radiorevelacionfm.cl\/index.php?rest_route=\/wp\/v2\/media\/28409"}],"wp:attachment":[{"href":"https:\/\/radiorevelacionfm.cl\/index.php?rest_route=%2Fwp%2Fv2%2Fmedia&parent=28407"}],"wp:term":[{"taxonomy":"category","embeddable":true,"href":"https:\/\/radiorevelacionfm.cl\/index.php?rest_route=%2Fwp%2Fv2%2Fcategories&post=28407"},{"taxonomy":"post_tag","embeddable":true,"href":"https:\/\/radiorevelacionfm.cl\/index.php?rest_route=%2Fwp%2Fv2%2Ftags&post=28407"}],"curies":[{"name":"wp","href":"https:\/\/api.w.org\/{rel}","templated":true}]}}