{"id":28401,"date":"2023-03-03T18:10:28","date_gmt":"2023-03-03T21:10:28","guid":{"rendered":"https:\/\/radiorevelacionfm.cl\/?p=28401"},"modified":"2023-03-03T18:11:04","modified_gmt":"2023-03-03T21:11:04","slug":"convenio-permitira-mejorar-infraestructura-de-colegios-en-la-comuna-de-aysen","status":"publish","type":"post","link":"https:\/\/radiorevelacionfm.cl\/?p=28401","title":{"rendered":"Firma de convenio permitir\u00e1 mejorar infraestructura de colegios en la comuna de Ays\u00e9n"},"content":{"rendered":"<div class=\"flex_column av_one_full  flex_column_div av-zero-column-padding first  avia-builder-el-0  el_before_av_one_full  avia-builder-el-first  \" style='border-radius:0px; '><div  class='avia-image-container  av-styling-    avia-builder-el-1  avia-builder-el-no-sibling  avia-align-center '  itemprop=\"image\" itemscope=\"itemscope\" itemtype=\"https:\/\/schema.org\/ImageObject\"  ><div class='avia-image-container-inner'><div class='avia-image-overlay-wrap'><img decoding=\"async\" class='wp-image-28402 avia-img-lazy-loading-not-28402 avia_image' src=\"https:\/\/radiorevelacionfm.cl\/wp-content\/uploads\/2023\/03\/DSC07639-1-1.jpg\" alt='' title='DSC07639 (1) (1)' height=\"600\" width=\"900\"  itemprop=\"thumbnailUrl\" srcset=\"https:\/\/radiorevelacionfm.cl\/wp-content\/uploads\/2023\/03\/DSC07639-1-1.jpg 900w, https:\/\/radiorevelacionfm.cl\/wp-content\/uploads\/2023\/03\/DSC07639-1-1-300x200.jpg 300w, https:\/\/radiorevelacionfm.cl\/wp-content\/uploads\/2023\/03\/DSC07639-1-1-768x512.jpg 768w, https:\/\/radiorevelacionfm.cl\/wp-content\/uploads\/2023\/03\/DSC07639-1-1-705x470.jpg 705w, https:\/\/radiorevelacionfm.cl\/wp-content\/uploads\/2023\/03\/DSC07639-1-1-600x400.jpg 600w\" sizes=\"(max-width: 900px) 100vw, 900px\" \/><\/div><\/div><\/div><\/div>\n<div class=\"flex_column av_one_full  flex_column_div av-zero-column-padding first  avia-builder-el-2  el_after_av_one_full  el_before_av_one_full  column-top-margin\" style='border-radius:0px; '><section class=\"av_textblock_section \"  itemscope=\"itemscope\" itemtype=\"https:\/\/schema.org\/BlogPosting\" itemprop=\"blogPost\" ><div class='avia_textblock  '   itemprop=\"text\" ><p style=\"text-align: center;\"><strong><span style=\"font-size: 18pt;\">Firma de convenio permitir\u00e1 mejorar infraestructura de colegios en la comuna de Ays\u00e9n<\/span><\/strong><\/p>\n<div id=\"gtx-trans\" style=\"position: absolute; left: -50px; top: 4.31534px;\">\n<div class=\"gtx-trans-icon\"><\/div>\n<\/div>\n<\/div><\/section><\/div><div class=\"flex_column av_one_full  flex_column_div av-zero-column-padding first  avia-builder-el-4  el_after_av_one_full  el_before_av_hr  column-top-margin\" style='border-radius:0px; '><section class=\"av_textblock_section \"  itemscope=\"itemscope\" itemtype=\"https:\/\/schema.org\/BlogPosting\" itemprop=\"blogPost\" ><div class='avia_textblock  '   itemprop=\"text\" ><p style=\"text-align: justify;\">Esta jornada, el alcalde de Ays\u00e9n, Julio Uribe Alvarado, junto con la seremi de Educaci\u00f3n, Isabel Garrido, y el director del Servicio Local de Educaci\u00f3n P\u00fablica (SLEP) Ays\u00e9n, Sebasti\u00e1n Gonz\u00e1lez, acordaron la firma de un convenio que permitir\u00e1 mejorar la infraestructura de los colegios de la comuna y entregar mejores condiciones a los estudiantes.<\/p>\n<p style=\"text-align: justify;\">\u201cEstamos muy contentos. Hoy vamos a iniciar un convenio entre las tres entidades para mejorar la infraestructura de los diferentes colegios\u201d, indic\u00f3 Uribe, destacando la disposici\u00f3n de m\u00e1s de mil millones de pesos que ser\u00e1n destinados a la reparaci\u00f3n de los establecimientos educacionales de Ays\u00e9n.<\/p>\n<p style=\"text-align: justify;\">\u201cComo Ministerio de Educaci\u00f3n, en conjunto con la Seremi y el SLEP, hemos ofrecido nuestro apoyo al alcalde de Ays\u00e9n para la postulaci\u00f3n a los fondos de infraestructura escolar p\u00fablica\u201d, se\u00f1al\u00f3 Garrido, tras la reuni\u00f3n en que se comprometieron las ayudas necesarias para facilitar la ejecuci\u00f3n de proyectos de mejoramiento en los colegios de la comuna.<\/p>\n<p style=\"text-align: justify;\">\u201cAl d\u00eda de hoy, hemos dispuesto nueve mil millones de pesos para toda la regi\u00f3n, de los cuales mil quinientos est\u00e1n destinados solo a la comuna de Ays\u00e9n\u201d, agreg\u00f3 la seremi, quien destac\u00f3 que esto se enmarca en la pol\u00edtica de reactivaci\u00f3n educativa pronunciada por el presidente Boric para una infraestructura escolar digna.<\/p>\n<p style=\"text-align: justify;\">Estas acciones nos permiten, como municipio, seguir trabajando por nuestro compromiso de mejorar la calidad de la infraestructura de los recintos escolares de la comuna, permitiendo as\u00ed contribuir con la formaci\u00f3n de nuestros ni\u00f1os y j\u00f3venes.<\/p>\n<\/div><\/section><\/div><\/p>\n<div  style='height:50px' class='hr hr-invisible   avia-builder-el-6  el_after_av_one_full  el_before_av_social_share '><span class='hr-inner ' ><span class='hr-inner-style'><\/span><\/span><\/div>\n<div  class='av-social-sharing-box  avia-builder-el-7  el_after_av_hr  el_before_av_hr  '><div class='av-share-box'><h5 class='av-share-link-description av-no-toc '>Compartir esta noticia<\/h5><ul class='av-share-box-list noLightbox'><li class='av-share-link av-social-link-facebook' ><a target=\"_blank\" aria-label=\"Compartir en Facebook\" href='https:\/\/www.facebook.com\/sharer.php?u=https:\/\/radiorevelacionfm.cl\/?p=28401&#038;t=Firma%20de%20convenio%20permitir%C3%A1%20mejorar%20infraestructura%20de%20colegios%20en%20la%20comuna%20de%20Ays%C3%A9n' aria-hidden='false' data-av_icon='\ue8f3' data-av_iconfont='entypo-fontello' title='' data-avia-related-tooltip='Compartir en Facebook' rel=\"noopener\"><span class='avia_hidden_link_text'>Compartir en Facebook<\/span><\/a><\/li><li class='av-share-link av-social-link-twitter' ><a target=\"_blank\" aria-label=\"Compartir en Twitter\" href='https:\/\/twitter.com\/share?text=Firma%20de%20convenio%20permitir%C3%A1%20mejorar%20infraestructura%20de%20colegios%20en%20la%20comuna%20de%20Ays%C3%A9n&#038;url=https:\/\/radiorevelacionfm.cl\/?p=28401' aria-hidden='false' data-av_icon='\ue8f1' data-av_iconfont='entypo-fontello' title='' data-avia-related-tooltip='Compartir en Twitter' rel=\"noopener\"><span class='avia_hidden_link_text'>Compartir en Twitter<\/span><\/a><\/li><li class='av-share-link av-social-link-whatsapp' ><a target=\"_blank\" aria-label=\"Compartir en Whatsapp\" href='https:\/\/api.whatsapp.com\/send?text=https:\/\/radiorevelacionfm.cl\/?p=28401' aria-hidden='false' data-av_icon='\uf232' data-av_iconfont='entypo-fontello' title='' data-avia-related-tooltip='Compartir en Whatsapp' rel=\"noopener\"><span class='avia_hidden_link_text'>Compartir en Whatsapp<\/span><\/a><\/li><li class='av-share-link av-social-link-linkedin' ><a target=\"_blank\" aria-label=\"Compartir en LinkedIn\" href='https:\/\/linkedin.com\/shareArticle?mini=true&#038;title=Firma%20de%20convenio%20permitir%C3%A1%20mejorar%20infraestructura%20de%20colegios%20en%20la%20comuna%20de%20Ays%C3%A9n&#038;url=https:\/\/radiorevelacionfm.cl\/?p=28401' aria-hidden='false' data-av_icon='\ue8fc' data-av_iconfont='entypo-fontello' title='' data-avia-related-tooltip='Compartir en LinkedIn' rel=\"noopener\"><span class='avia_hidden_link_text'>Compartir en LinkedIn<\/span><\/a><\/li><li class='av-share-link av-social-link-mail' ><a  aria-label=\"Compartir por correo\" href='mailto:?subject=Firma%20de%20convenio%20permitir%C3%A1%20mejorar%20infraestructura%20de%20colegios%20en%20la%20comuna%20de%20Ays%C3%A9n&#038;body=https:\/\/radiorevelacionfm.cl\/?p=28401' aria-hidden='false' data-av_icon='\ue805' data-av_iconfont='entypo-fontello' title='' data-avia-related-tooltip='Compartir por correo'><span class='avia_hidden_link_text'>Compartir por correo<\/span><\/a><\/li><\/ul><\/div><\/div>\n<div  style='height:50px' class='hr hr-invisible   avia-builder-el-8  el_after_av_social_share  el_before_av_comments_list '><span class='hr-inner ' ><span class='hr-inner-style'><\/span><\/span><\/div>\n<div  class='av-buildercomment  av-blog-meta-html-info-disabled av-blog-meta-tag-disabled  '><\/div>\n","protected":false},"excerpt":{"rendered":"","protected":false},"author":1,"featured_media":28402,"comment_status":"open","ping_status":"open","sticky":false,"template":"","format":"standard","meta":{"footnotes":""},"categories":[38],"tags":[],"class_list":["post-28401","post","type-post","status-publish","format-standard","has-post-thumbnail","hentry","category-regional"],"jetpack_featured_media_url":"https:\/\/radiorevelacionfm.cl\/wp-content\/uploads\/2023\/03\/DSC07639-1-1.jpg","_links":{"self":[{"href":"https:\/\/radiorevelacionfm.cl\/index.php?rest_route=\/wp\/v2\/posts\/28401","targetHints":{"allow":["GET"]}}],"collection":[{"href":"https:\/\/radiorevelacionfm.cl\/index.php?rest_route=\/wp\/v2\/posts"}],"about":[{"href":"https:\/\/radiorevelacionfm.cl\/index.php?rest_route=\/wp\/v2\/types\/post"}],"author":[{"embeddable":true,"href":"https:\/\/radiorevelacionfm.cl\/index.php?rest_route=\/wp\/v2\/users\/1"}],"replies":[{"embeddable":true,"href":"https:\/\/radiorevelacionfm.cl\/index.php?rest_route=%2Fwp%2Fv2%2Fcomments&post=28401"}],"version-history":[{"count":3,"href":"https:\/\/radiorevelacionfm.cl\/index.php?rest_route=\/wp\/v2\/posts\/28401\/revisions"}],"predecessor-version":[{"id":28411,"href":"https:\/\/radiorevelacionfm.cl\/index.php?rest_route=\/wp\/v2\/posts\/28401\/revisions\/28411"}],"wp:featuredmedia":[{"embeddable":true,"href":"https:\/\/radiorevelacionfm.cl\/index.php?rest_route=\/wp\/v2\/media\/28402"}],"wp:attachment":[{"href":"https:\/\/radiorevelacionfm.cl\/index.php?rest_route=%2Fwp%2Fv2%2Fmedia&parent=28401"}],"wp:term":[{"taxonomy":"category","embeddable":true,"href":"https:\/\/radiorevelacionfm.cl\/index.php?rest_route=%2Fwp%2Fv2%2Fcategories&post=28401"},{"taxonomy":"post_tag","embeddable":true,"href":"https:\/\/radiorevelacionfm.cl\/index.php?rest_route=%2Fwp%2Fv2%2Ftags&post=28401"}],"curies":[{"name":"wp","href":"https:\/\/api.w.org\/{rel}","templated":true}]}}