{"id":2840,"date":"2021-02-21T11:44:51","date_gmt":"2021-02-21T14:44:51","guid":{"rendered":"https:\/\/radiorevelacionfm.cl\/?p=2840"},"modified":"2021-02-21T11:48:51","modified_gmt":"2021-02-21T14:48:51","slug":"con-caravana-ricardo-ibarra-lanza-candidatura-a-reeleccion-iniciamos-esta-campana-con-las-manos-limpias-y-sin-denostar-a-la-gente","status":"publish","type":"post","link":"https:\/\/radiorevelacionfm.cl\/?p=2840","title":{"rendered":"Con caravana Ricardo Ibarra lanza candidatura a reelecci\u00f3n \u201ciniciamos esta campa\u00f1a con las manos limpias y sin denostar a la gente\u201d"},"content":{"rendered":"<div class=\"flex_column av_one_full  flex_column_div av-zero-column-padding first  avia-builder-el-0  el_before_av_one_full  avia-builder-el-first  \" style='border-radius:0px; '><div  class='avia-image-container  av-styling-    avia-builder-el-1  avia-builder-el-no-sibling  avia-align-center '  itemprop=\"image\" itemscope=\"itemscope\" itemtype=\"https:\/\/schema.org\/ImageObject\"  ><div class='avia-image-container-inner'><div class='avia-image-overlay-wrap'><img decoding=\"async\" class='wp-image-0 avia-img-lazy-loading-not-0 avia_image' src=\"https:\/\/radiorevelacionfm.cl\/wp-content\/uploads\/2021\/02\/LANZAMIENTO-CAMPANA-3-1-1.jpg\" alt='' title=''   itemprop=\"thumbnailUrl\"  \/><\/div><\/div><\/div><\/div><div class=\"flex_column av_one_full  flex_column_div av-zero-column-padding first  avia-builder-el-2  el_after_av_one_full  el_before_av_one_full  column-top-margin\" style='border-radius:0px; '><section class=\"av_textblock_section \"  itemscope=\"itemscope\" itemtype=\"https:\/\/schema.org\/BlogPosting\" itemprop=\"blogPost\" ><div class='avia_textblock  '   itemprop=\"text\" ><p style=\"text-align: center;\"><span style=\"font-size: 18pt;\"><strong>Con caravana Ricardo Ibarra lanza candidatura a reelecci\u00f3n \u201ciniciamos esta campa\u00f1a con las manos limpias y sin denostar a la gente\u201d<\/strong><\/span><\/p>\n<div id=\"gtx-trans\" style=\"position: absolute; left: -50px; top: 4.31534px;\">\n<div class=\"gtx-trans-icon\"><\/div>\n<\/div>\n<\/div><\/section><\/div><\/p>\n<div class=\"flex_column av_one_full  flex_column_div av-zero-column-padding first  avia-builder-el-4  el_after_av_one_full  el_before_av_hr  column-top-margin\" style='border-radius:0px; '><section class=\"av_textblock_section \"  itemscope=\"itemscope\" itemtype=\"https:\/\/schema.org\/BlogPosting\" itemprop=\"blogPost\" ><div class='avia_textblock  '   itemprop=\"text\" ><p style=\"text-align: justify;\">En la actividad tambi\u00e9n participaron los candidatos a Concejal Mario Figueroa, Arnaldo Cruz, Teresa Aguilar y Patricia Gallardo.<\/p>\n<p style=\"text-align: justify;\">En el acceso al \u201cpaseo del sol\u201d uno de los tantos espacios que en su gesti\u00f3n como Alcalde ha logrado recuperar y entregar para la comunidad, Ricardo Ibarra Valdebenito, lanz\u00f3 su campa\u00f1a a la reelecci\u00f3n, acompa\u00f1ado tambi\u00e9n de candidatos a Concejal.<\/p>\n<p style=\"text-align: justify;\">\u201cCon las manos limpias y sin denostar a nadie\u201d, fueron sus palabras frente a quienes lo acompa\u00f1aron en el inicio de la campa\u00f1a para un nuevo periodo frente a la Municipalidad de Chile Chico.<\/p>\n<p style=\"text-align: justify;\">\u201cNo necesitamos denostar a nadie para poder brillar, brillamos con luces propias, con nuestras ideas, con nuestro trabajo y sobre todo con las manos limpias, eso es lo m\u00e1s importante. Hoy d\u00eda empezamos esta aventura, agradezco a los candidatos a Concejales por esta ac\u00e1, por atreverse a crear una comunidad diferente. Comenzamos este camino, el que se logra mostrando lo que hemos hecho, pero tambi\u00e9n dici\u00e9ndole a la gente que tenga confianza, que nosotros estamos trabajando para ellos. Todos los d\u00edas estamos pensando que hacer en beneficio de la gente, sobre todo de quienes m\u00e1s necesitan, los que durante a\u00f1os esperaron una oportunidad para cambiar una ciudad haci\u00e9ndola m\u00e1s alegre, m\u00e1s din\u00e1mica, basada en la armon\u00eda, en el humanismo, pero por sobre todo respetando a las personas\u201d, se\u00f1al\u00f3 Ricardo Ibarra.<\/p>\n<p style=\"text-align: justify;\">La presidenta de la Democracia Cristiana comunal Chile Chico, Paulina Hern\u00e1ndez, se mostr\u00f3 feliz del resultado del lanzamiento de campa\u00f1a del camarada Ricardo Ibarra.<\/p>\n<p style=\"text-align: justify;\">\u201cMuy contentos por el desarrollo de la actividad y no solo por eso sino que por alegr\u00eda que se vive en este momento, la cordialidad, es algo que ha caracterizado esta administraci\u00f3n del camarada Ricardo Ibarra, algo de que como partido tambi\u00e9n nos hemos preocupado de mantener y siempre destacar de nuestro camarada. As\u00ed es que, muy contentos por la participaci\u00f3n de la comunidad, por la participaci\u00f3n de la gente y esto demuestra una vez a toda la ciudadan\u00eda, tambi\u00e9n a nuestra regi\u00f3n, de que no estamos equivocados, vamos por una buena senda y vamos por m\u00e1s\u201d.<\/p>\n<p style=\"text-align: justify;\">Teresa Aguilar, es actual Concejala (PS) de la comuna de Chile Chico, busca la reelecci\u00f3n y quiso agradecer el apoyo de la gente en la caravana de lanzamiento de campa\u00f1a. \u201cM\u00e1s que agradecida por el apoyo de nuestra gente, contenta a la vez, porque aqu\u00ed se ve el respaldo de la gente hacia nuestro Alcalde y hacia m\u00ed que vamos a la reelecci\u00f3n. Muy agradecida de nuestros vecinos, por ello estamos felices y apoyarlos en todo, estamos seriamente trabajando para la comunidad\u201d.<\/p>\n<p style=\"text-align: justify;\">Quien enfrenta un nuevo desaf\u00edo es la conocida vecina y dirigenta de \u201cla ciudad del sol\u201d, Patricia Gallardo, quien est\u00e1 convencida que la comunidad quiere la continuidad de la actual administraci\u00f3n municipal, donde se pueden tambi\u00e9n sumar nuevos rostros.<\/p>\n<p style=\"text-align: justify;\">\u201cYo creo que las im\u00e1genes lo dicen todo, la gente quiere seguir con esta administraci\u00f3n, ya que, el pueblo siempre pide dignidad porque nosotros queremos seguir en un pueblo unido, sin disturbios, sin peleas y me gust\u00f3 que la gente salga a la calle a mostrar su apoyo a don Ricardo, tambi\u00e9n a los candidatos a Concejales que estamos luchando por llegar al Concejo\u201d.<\/p>\n<p style=\"text-align: justify;\">Mario Figueroa (DC), tambi\u00e9n es parte de la lista que apoya la candidatura de Ricardo Ibarra. Figueroa, ha trabajado en diversos servicios y ahora, espera el respaldo ciudadano para llegar al Concejo Municipal.<\/p>\n<p style=\"text-align: justify;\">\u201cLa verdad es que hoy parte un nuevo proceso, ya tuvimos cuatro a\u00f1os de trabajo, de dignidad, de respeto como dec\u00eda nuestro futuro Alcalde Ricardo Ibarra, que va a ser ratificado no me cabe duda en las urnas nuevamente. Porque Chile Chico renace, renace con respeto, con inclusi\u00f3n, con trabajo, en cada una de las localidades de nuestro territorio. Mi compromiso es que, desde el Concejo vamos a seguir trabajando en la impronta que ha dado Ricardo Ibarra a este Municipio\u201d.<\/p>\n<p style=\"text-align: justify;\">La caravana de lanzamiento de campa\u00f1a de Ricardo Ibarra Valdebenito junto a los candidatos a Concejal, recorri\u00f3 todas las calles de Chile Chico, donde se sumaron vecinas y vecinos, que sin importar color pol\u00edtico, respaldan la continuidad de Ibarra en el Municipio, por la gesti\u00f3n inclusiva, pensada en la gente, en los sectores m\u00e1s vulnerables, en la gente de campo, en los adultos mayores, el deporte, turismo, la recuperaci\u00f3n de espacios p\u00fablicos, la descentralizaci\u00f3n, el bienestar de los trabajadores y mucho m\u00e1s.<\/p>\n<\/div><\/section><\/div>\n<div  style='height:50px' class='hr hr-invisible   avia-builder-el-6  el_after_av_one_full  el_before_av_social_share '><span class='hr-inner ' ><span class='hr-inner-style'><\/span><\/span><\/div>\n<div  class='av-social-sharing-box  avia-builder-el-7  el_after_av_hr  el_before_av_hr  '><div class='av-share-box'><h5 class='av-share-link-description av-no-toc '>Compartir esta noticia<\/h5><ul class='av-share-box-list noLightbox'><li class='av-share-link av-social-link-facebook' ><a target=\"_blank\" aria-label=\"Compartir en Facebook\" href='https:\/\/www.facebook.com\/sharer.php?u=https:\/\/radiorevelacionfm.cl\/?p=2840&#038;t=Con%20caravana%20Ricardo%20Ibarra%20lanza%20candidatura%20a%20reelecci%C3%B3n%20%E2%80%9Ciniciamos%20esta%20campa%C3%B1a%20con%20las%20manos%20limpias%20y%20sin%20denostar%20a%20la%20gente%E2%80%9D' aria-hidden='false' data-av_icon='\ue8f3' data-av_iconfont='entypo-fontello' title='' data-avia-related-tooltip='Compartir en Facebook' rel=\"noopener\"><span class='avia_hidden_link_text'>Compartir en Facebook<\/span><\/a><\/li><li class='av-share-link av-social-link-twitter' ><a target=\"_blank\" aria-label=\"Compartir en Twitter\" href='https:\/\/twitter.com\/share?text=Con%20caravana%20Ricardo%20Ibarra%20lanza%20candidatura%20a%20reelecci%C3%B3n%20%E2%80%9Ciniciamos%20esta%20campa%C3%B1a%20con%20las%20manos%20limpias%20y%20sin%20denostar%20a%20la%20gente%E2%80%9D&#038;url=https:\/\/radiorevelacionfm.cl\/?p=2840' aria-hidden='false' data-av_icon='\ue8f1' data-av_iconfont='entypo-fontello' title='' data-avia-related-tooltip='Compartir en Twitter' rel=\"noopener\"><span class='avia_hidden_link_text'>Compartir en Twitter<\/span><\/a><\/li><li class='av-share-link av-social-link-whatsapp' ><a target=\"_blank\" aria-label=\"Compartir en Whatsapp\" href='https:\/\/api.whatsapp.com\/send?text=https:\/\/radiorevelacionfm.cl\/?p=2840' aria-hidden='false' data-av_icon='\uf232' data-av_iconfont='entypo-fontello' title='' data-avia-related-tooltip='Compartir en Whatsapp' rel=\"noopener\"><span class='avia_hidden_link_text'>Compartir en Whatsapp<\/span><\/a><\/li><li class='av-share-link av-social-link-linkedin' ><a target=\"_blank\" aria-label=\"Compartir en LinkedIn\" href='https:\/\/linkedin.com\/shareArticle?mini=true&#038;title=Con%20caravana%20Ricardo%20Ibarra%20lanza%20candidatura%20a%20reelecci%C3%B3n%20%E2%80%9Ciniciamos%20esta%20campa%C3%B1a%20con%20las%20manos%20limpias%20y%20sin%20denostar%20a%20la%20gente%E2%80%9D&#038;url=https:\/\/radiorevelacionfm.cl\/?p=2840' aria-hidden='false' data-av_icon='\ue8fc' data-av_iconfont='entypo-fontello' title='' data-avia-related-tooltip='Compartir en LinkedIn' rel=\"noopener\"><span class='avia_hidden_link_text'>Compartir en LinkedIn<\/span><\/a><\/li><li class='av-share-link av-social-link-mail' ><a  aria-label=\"Compartir por correo\" href='mailto:?subject=Con%20caravana%20Ricardo%20Ibarra%20lanza%20candidatura%20a%20reelecci%C3%B3n%20%E2%80%9Ciniciamos%20esta%20campa%C3%B1a%20con%20las%20manos%20limpias%20y%20sin%20denostar%20a%20la%20gente%E2%80%9D&#038;body=https:\/\/radiorevelacionfm.cl\/?p=2840' aria-hidden='false' data-av_icon='\ue805' data-av_iconfont='entypo-fontello' title='' data-avia-related-tooltip='Compartir por correo'><span class='avia_hidden_link_text'>Compartir por correo<\/span><\/a><\/li><\/ul><\/div><\/div>\n<div  style='height:50px' class='hr hr-invisible   avia-builder-el-8  el_after_av_social_share  el_before_av_comments_list '><span class='hr-inner ' ><span class='hr-inner-style'><\/span><\/span><\/div>\n<div  class='av-buildercomment  av-blog-meta-html-info-disabled av-blog-meta-tag-disabled  '><\/div>\n","protected":false},"excerpt":{"rendered":"","protected":false},"author":1,"featured_media":0,"comment_status":"open","ping_status":"open","sticky":false,"template":"","format":"standard","meta":{"footnotes":""},"categories":[35],"tags":[],"class_list":["post-2840","post","type-post","status-publish","format-standard","hentry","category-politica"],"jetpack_featured_media_url":"","_links":{"self":[{"href":"https:\/\/radiorevelacionfm.cl\/index.php?rest_route=\/wp\/v2\/posts\/2840","targetHints":{"allow":["GET"]}}],"collection":[{"href":"https:\/\/radiorevelacionfm.cl\/index.php?rest_route=\/wp\/v2\/posts"}],"about":[{"href":"https:\/\/radiorevelacionfm.cl\/index.php?rest_route=\/wp\/v2\/types\/post"}],"author":[{"embeddable":true,"href":"https:\/\/radiorevelacionfm.cl\/index.php?rest_route=\/wp\/v2\/users\/1"}],"replies":[{"embeddable":true,"href":"https:\/\/radiorevelacionfm.cl\/index.php?rest_route=%2Fwp%2Fv2%2Fcomments&post=2840"}],"version-history":[{"count":3,"href":"https:\/\/radiorevelacionfm.cl\/index.php?rest_route=\/wp\/v2\/posts\/2840\/revisions"}],"predecessor-version":[{"id":2845,"href":"https:\/\/radiorevelacionfm.cl\/index.php?rest_route=\/wp\/v2\/posts\/2840\/revisions\/2845"}],"wp:attachment":[{"href":"https:\/\/radiorevelacionfm.cl\/index.php?rest_route=%2Fwp%2Fv2%2Fmedia&parent=2840"}],"wp:term":[{"taxonomy":"category","embeddable":true,"href":"https:\/\/radiorevelacionfm.cl\/index.php?rest_route=%2Fwp%2Fv2%2Fcategories&post=2840"},{"taxonomy":"post_tag","embeddable":true,"href":"https:\/\/radiorevelacionfm.cl\/index.php?rest_route=%2Fwp%2Fv2%2Ftags&post=2840"}],"curies":[{"name":"wp","href":"https:\/\/api.w.org\/{rel}","templated":true}]}}