{"id":28385,"date":"2023-03-03T10:57:01","date_gmt":"2023-03-03T13:57:01","guid":{"rendered":"https:\/\/radiorevelacionfm.cl\/?p=28385"},"modified":"2023-03-03T11:05:32","modified_gmt":"2023-03-03T14:05:32","slug":"realizan-primera-mesa-de-trabajo-del-programa-preventivo-por-la-violencia-contra-la-mujer","status":"publish","type":"post","link":"https:\/\/radiorevelacionfm.cl\/?p=28385","title":{"rendered":"Realizan primera mesa de trabajo del programa preventivo por la Violencia contra la Mujer"},"content":{"rendered":"<div class=\"flex_column av_one_full  flex_column_div av-zero-column-padding first  avia-builder-el-0  el_before_av_one_full  avia-builder-el-first  \" style='border-radius:0px; '><div  class='avia-image-container  av-styling-    avia-builder-el-1  avia-builder-el-no-sibling  avia-align-center '  itemprop=\"image\" itemscope=\"itemscope\" itemtype=\"https:\/\/schema.org\/ImageObject\"  ><div class='avia-image-container-inner'><div class='avia-image-overlay-wrap'><img decoding=\"async\" class='wp-image-28386 avia-img-lazy-loading-not-28386 avia_image' src=\"https:\/\/radiorevelacionfm.cl\/wp-content\/uploads\/2023\/03\/fotografia-2_optimized.jpg\" alt='' title='fotograf\u00eda-(2)_optimized' height=\"600\" width=\"900\"  itemprop=\"thumbnailUrl\" srcset=\"https:\/\/radiorevelacionfm.cl\/wp-content\/uploads\/2023\/03\/fotografia-2_optimized.jpg 900w, https:\/\/radiorevelacionfm.cl\/wp-content\/uploads\/2023\/03\/fotografia-2_optimized-300x200.jpg 300w, https:\/\/radiorevelacionfm.cl\/wp-content\/uploads\/2023\/03\/fotografia-2_optimized-768x512.jpg 768w, https:\/\/radiorevelacionfm.cl\/wp-content\/uploads\/2023\/03\/fotografia-2_optimized-705x470.jpg 705w, https:\/\/radiorevelacionfm.cl\/wp-content\/uploads\/2023\/03\/fotografia-2_optimized-600x400.jpg 600w\" sizes=\"(max-width: 900px) 100vw, 900px\" \/><\/div><\/div><\/div><\/div>\n<div class=\"flex_column av_one_full  flex_column_div av-zero-column-padding first  avia-builder-el-2  el_after_av_one_full  el_before_av_one_full  column-top-margin\" style='border-radius:0px; '><section class=\"av_textblock_section \"  itemscope=\"itemscope\" itemtype=\"https:\/\/schema.org\/BlogPosting\" itemprop=\"blogPost\" ><div class='avia_textblock  '   itemprop=\"text\" ><p style=\"text-align: center;\"><span style=\"font-size: 18pt;\"><strong>Realizan primera mesa de trabajo del programa preventivo por la Violencia contra la Mujer<\/strong><\/span><\/p>\n<div id=\"gtx-trans\" style=\"position: absolute; left: -50px; top: 4.31534px;\">\n<div class=\"gtx-trans-icon\"><\/div>\n<\/div>\n<\/div><\/section><\/div>\n<div class=\"flex_column av_one_full  flex_column_div av-zero-column-padding first  avia-builder-el-4  el_after_av_one_full  el_before_av_hr  column-top-margin\" style='border-radius:0px; '><section class=\"av_textblock_section \"  itemscope=\"itemscope\" itemtype=\"https:\/\/schema.org\/BlogPosting\" itemprop=\"blogPost\" ><div class='avia_textblock  '   itemprop=\"text\" ><p style=\"text-align: justify;\">En dependencias de la Biblioteca P\u00fablica, se efectu\u00f3 la primera mesa de trabajo del programa preventivo por la Violencia contra la Mujer. En la instancia estuvieron presentes representantes de la Ilustre Municipalidad de Ays\u00e9n, Carabineros de Chile, Fiscal\u00eda, Hospital de Puerto Ays\u00e9n, Oficina de la Ni\u00f1ez, Mejor Ni\u00f1ez, MOWI, INDH, CFT, Senda Previene, OPD, Colegios Kalem, Liceo San Jos\u00e9 y Corporaci\u00f3n Opci\u00f3n, entidad que abarca los programas PIE, PPF y CEPIJ.<\/p>\n<p style=\"text-align: justify;\">Durante la tarde del jueves 02 de marzo, se realiz\u00f3 la primera mesa de trabajo del programa preventivo por la Violencia contra la Mujer, la cual tiene como enfoques la difusi\u00f3n, sensibilizaci\u00f3n y capacitaci\u00f3n. La reuni\u00f3n contempl\u00f3 la revisi\u00f3n de gesti\u00f3n 2022, estudio de mejora de procesos, facilitadores para la intervenci\u00f3n y toma de compromisos de mesas de trabajo peri\u00f3dicas, desarroll\u00e1ndose con la presencia de representantes de diversas organizaciones p\u00fablicas y privadas.<\/p>\n<p style=\"text-align: justify;\">El Programa de Prevenci\u00f3n en Violencia contra las Mujeres surge como un convenio entre el Municipio de Ays\u00e9n y el Servicio Nacional de la Mujer y Equidad de G\u00e9nero que busca implementar en el territorio acciones que est\u00e9n orientadas a prevenir la violencia de g\u00e9nero en todos sus aspectos, con las consignas de difusi\u00f3n, sensibilizaci\u00f3n y capacitaci\u00f3n. \u201cHoy iniciamos nuestra l\u00ednea de trabajo de coordinaci\u00f3n intersectorial a trav\u00e9s de la mesa de trabajo que busca articular con cada una de las instituciones que trabajan en prevenci\u00f3n de violencia de g\u00e9nero colaborar de forma activa, levantando acciones que est\u00e9n orientadas a trabajar hitos conmemorativos y contingencia social. En ese sentido, estamos elaborando y creando las primeras iniciativas en torno a nuestro plan de intervenci\u00f3n 2023 con cada una de las instituciones que la conforman\u201d, acota Leslie Bruna, encargada territorial del Programa de Prevenci\u00f3n de VCM.<\/p>\n<p style=\"text-align: justify;\">Asimismo, la profesional llama a la comunidad a trabajar de forma activa y colaborativa para poder erradicar y prevenir la violencia de g\u00e9nero y ser un agente activo en el territorio.<\/p>\n<\/div><\/section><\/div><div  style='height:50px' class='hr hr-invisible   avia-builder-el-6  el_after_av_one_full  el_before_av_social_share '><span class='hr-inner ' ><span class='hr-inner-style'><\/span><\/span><\/div><\/p>\n<div  class='av-social-sharing-box  avia-builder-el-7  el_after_av_hr  el_before_av_hr  '><div class='av-share-box'><h5 class='av-share-link-description av-no-toc '>Compartir esta noticia<\/h5><ul class='av-share-box-list noLightbox'><li class='av-share-link av-social-link-facebook' ><a target=\"_blank\" aria-label=\"Compartir en Facebook\" href='https:\/\/www.facebook.com\/sharer.php?u=https:\/\/radiorevelacionfm.cl\/?p=28385&#038;t=Realizan%20primera%20mesa%20de%20trabajo%20del%20programa%20preventivo%20por%20la%20Violencia%20contra%20la%20Mujer' aria-hidden='false' data-av_icon='\ue8f3' data-av_iconfont='entypo-fontello' title='' data-avia-related-tooltip='Compartir en Facebook' rel=\"noopener\"><span class='avia_hidden_link_text'>Compartir en Facebook<\/span><\/a><\/li><li class='av-share-link av-social-link-twitter' ><a target=\"_blank\" aria-label=\"Compartir en Twitter\" href='https:\/\/twitter.com\/share?text=Realizan%20primera%20mesa%20de%20trabajo%20del%20programa%20preventivo%20por%20la%20Violencia%20contra%20la%20Mujer&#038;url=https:\/\/radiorevelacionfm.cl\/?p=28385' aria-hidden='false' data-av_icon='\ue8f1' data-av_iconfont='entypo-fontello' title='' data-avia-related-tooltip='Compartir en Twitter' rel=\"noopener\"><span class='avia_hidden_link_text'>Compartir en Twitter<\/span><\/a><\/li><li class='av-share-link av-social-link-whatsapp' ><a target=\"_blank\" aria-label=\"Compartir en Whatsapp\" href='https:\/\/api.whatsapp.com\/send?text=https:\/\/radiorevelacionfm.cl\/?p=28385' aria-hidden='false' data-av_icon='\uf232' data-av_iconfont='entypo-fontello' title='' data-avia-related-tooltip='Compartir en Whatsapp' rel=\"noopener\"><span class='avia_hidden_link_text'>Compartir en Whatsapp<\/span><\/a><\/li><li class='av-share-link av-social-link-linkedin' ><a target=\"_blank\" aria-label=\"Compartir en LinkedIn\" href='https:\/\/linkedin.com\/shareArticle?mini=true&#038;title=Realizan%20primera%20mesa%20de%20trabajo%20del%20programa%20preventivo%20por%20la%20Violencia%20contra%20la%20Mujer&#038;url=https:\/\/radiorevelacionfm.cl\/?p=28385' aria-hidden='false' data-av_icon='\ue8fc' data-av_iconfont='entypo-fontello' title='' data-avia-related-tooltip='Compartir en LinkedIn' rel=\"noopener\"><span class='avia_hidden_link_text'>Compartir en LinkedIn<\/span><\/a><\/li><li class='av-share-link av-social-link-mail' ><a  aria-label=\"Compartir por correo\" href='mailto:?subject=Realizan%20primera%20mesa%20de%20trabajo%20del%20programa%20preventivo%20por%20la%20Violencia%20contra%20la%20Mujer&#038;body=https:\/\/radiorevelacionfm.cl\/?p=28385' aria-hidden='false' data-av_icon='\ue805' data-av_iconfont='entypo-fontello' title='' data-avia-related-tooltip='Compartir por correo'><span class='avia_hidden_link_text'>Compartir por correo<\/span><\/a><\/li><\/ul><\/div><\/div>\n<div  style='height:50px' class='hr hr-invisible   avia-builder-el-8  el_after_av_social_share  el_before_av_comments_list '><span class='hr-inner ' ><span class='hr-inner-style'><\/span><\/span><\/div>\n<div  class='av-buildercomment  av-blog-meta-html-info-disabled av-blog-meta-tag-disabled  '><\/div>\n","protected":false},"excerpt":{"rendered":"","protected":false},"author":1,"featured_media":28386,"comment_status":"open","ping_status":"open","sticky":false,"template":"","format":"standard","meta":{"footnotes":""},"categories":[38],"tags":[],"class_list":["post-28385","post","type-post","status-publish","format-standard","has-post-thumbnail","hentry","category-regional"],"jetpack_featured_media_url":"https:\/\/radiorevelacionfm.cl\/wp-content\/uploads\/2023\/03\/fotografia-2_optimized.jpg","_links":{"self":[{"href":"https:\/\/radiorevelacionfm.cl\/index.php?rest_route=\/wp\/v2\/posts\/28385","targetHints":{"allow":["GET"]}}],"collection":[{"href":"https:\/\/radiorevelacionfm.cl\/index.php?rest_route=\/wp\/v2\/posts"}],"about":[{"href":"https:\/\/radiorevelacionfm.cl\/index.php?rest_route=\/wp\/v2\/types\/post"}],"author":[{"embeddable":true,"href":"https:\/\/radiorevelacionfm.cl\/index.php?rest_route=\/wp\/v2\/users\/1"}],"replies":[{"embeddable":true,"href":"https:\/\/radiorevelacionfm.cl\/index.php?rest_route=%2Fwp%2Fv2%2Fcomments&post=28385"}],"version-history":[{"count":3,"href":"https:\/\/radiorevelacionfm.cl\/index.php?rest_route=\/wp\/v2\/posts\/28385\/revisions"}],"predecessor-version":[{"id":28394,"href":"https:\/\/radiorevelacionfm.cl\/index.php?rest_route=\/wp\/v2\/posts\/28385\/revisions\/28394"}],"wp:featuredmedia":[{"embeddable":true,"href":"https:\/\/radiorevelacionfm.cl\/index.php?rest_route=\/wp\/v2\/media\/28386"}],"wp:attachment":[{"href":"https:\/\/radiorevelacionfm.cl\/index.php?rest_route=%2Fwp%2Fv2%2Fmedia&parent=28385"}],"wp:term":[{"taxonomy":"category","embeddable":true,"href":"https:\/\/radiorevelacionfm.cl\/index.php?rest_route=%2Fwp%2Fv2%2Fcategories&post=28385"},{"taxonomy":"post_tag","embeddable":true,"href":"https:\/\/radiorevelacionfm.cl\/index.php?rest_route=%2Fwp%2Fv2%2Ftags&post=28385"}],"curies":[{"name":"wp","href":"https:\/\/api.w.org\/{rel}","templated":true}]}}