{"id":28380,"date":"2023-03-03T12:40:08","date_gmt":"2023-03-03T15:40:08","guid":{"rendered":"https:\/\/radiorevelacionfm.cl\/?p=28380"},"modified":"2023-03-03T12:40:08","modified_gmt":"2023-03-03T15:40:08","slug":"buscan-reactivar-oferta-turistica-en-aysen-a-traves-del-proyecto-ruta-del-agua","status":"publish","type":"post","link":"https:\/\/radiorevelacionfm.cl\/?p=28380","title":{"rendered":"Buscan reactivar oferta tur\u00edstica en Ays\u00e9n a trav\u00e9s del proyecto \u201cRuta del Agua\u201d"},"content":{"rendered":"<div class=\"flex_column av_one_full  flex_column_div av-zero-column-padding first  avia-builder-el-0  el_before_av_one_full  avia-builder-el-first  \" style='border-radius:0px; '><div  class='avia-image-container  av-styling-    avia-builder-el-1  avia-builder-el-no-sibling  avia-align-center '  itemprop=\"image\" itemscope=\"itemscope\" itemtype=\"https:\/\/schema.org\/ImageObject\"  ><div class='avia-image-container-inner'><div class='avia-image-overlay-wrap'><img decoding=\"async\" class='wp-image-28382 avia-img-lazy-loading-not-28382 avia_image' src=\"https:\/\/radiorevelacionfm.cl\/wp-content\/uploads\/2023\/03\/DSC_0008-2-1-1.jpg\" alt='' title='DSC_0008 (2) (1) (1)' height=\"600\" width=\"900\"  itemprop=\"thumbnailUrl\" srcset=\"https:\/\/radiorevelacionfm.cl\/wp-content\/uploads\/2023\/03\/DSC_0008-2-1-1.jpg 900w, https:\/\/radiorevelacionfm.cl\/wp-content\/uploads\/2023\/03\/DSC_0008-2-1-1-300x200.jpg 300w, https:\/\/radiorevelacionfm.cl\/wp-content\/uploads\/2023\/03\/DSC_0008-2-1-1-768x512.jpg 768w, https:\/\/radiorevelacionfm.cl\/wp-content\/uploads\/2023\/03\/DSC_0008-2-1-1-705x470.jpg 705w, https:\/\/radiorevelacionfm.cl\/wp-content\/uploads\/2023\/03\/DSC_0008-2-1-1-600x400.jpg 600w\" sizes=\"(max-width: 900px) 100vw, 900px\" \/><\/div><\/div><\/div><\/div><div class=\"flex_column av_one_full  flex_column_div av-zero-column-padding first  avia-builder-el-2  el_after_av_one_full  el_before_av_one_full  column-top-margin\" style='border-radius:0px; '><section class=\"av_textblock_section \"  itemscope=\"itemscope\" itemtype=\"https:\/\/schema.org\/BlogPosting\" itemprop=\"blogPost\" ><div class='avia_textblock  '   itemprop=\"text\" ><p style=\"text-align: center;\"><strong><span style=\"font-size: 18pt;\">Buscan reactivar oferta tur\u00edstica en Ays\u00e9n a trav\u00e9s del proyecto \u201cRuta del Agua\u201d<\/span><\/strong><\/p>\n<div id=\"gtx-trans\" style=\"position: absolute; left: -50px; top: 4.31534px;\">\n<div class=\"gtx-trans-icon\"><\/div>\n<\/div>\n<\/div><\/section><\/div><div class=\"flex_column av_one_full  flex_column_div av-zero-column-padding first  avia-builder-el-4  el_after_av_one_full  el_before_av_hr  column-top-margin\" style='border-radius:0px; '><section class=\"av_textblock_section \"  itemscope=\"itemscope\" itemtype=\"https:\/\/schema.org\/BlogPosting\" itemprop=\"blogPost\" ><div class='avia_textblock  '   itemprop=\"text\" ><p style=\"text-align: justify;\">La jornada de este mi\u00e9rcoles, el alcalde de Ays\u00e9n, Julio Uribe Alvarado, encabez\u00f3 una reuni\u00f3n con la finalidad de reactivar el proyecto Ruta del Agua, que permitir\u00eda revitalizar el turismo en la comuna. En ella, participaron funcionarios municipales de las \u00e1reas de Comunicaciones, Turismo, adem\u00e1s de integrantes de PER Turismo.<\/p>\n<p style=\"text-align: justify;\">En la instancia, se acord\u00f3 generar una plataforma digital de Turismo en coordinaci\u00f3n con los diferentes actores del rubro de la comuna, a trav\u00e9s de la cual se puedan ejecutar acciones para desarrollar con mayor fuerza esta actividad econ\u00f3mica y posicionar a Ays\u00e9n como uno de los principales destinos tur\u00edsticos del pa\u00eds.<\/p>\n<p style=\"text-align: justify;\">\u201cEl a\u00f1o pasado realizamos el lanzamiento de la temporada tur\u00edstica con la Ruta del Agua. Posterior a ello, la Municipalidad actu\u00f3 con el Carnaval del Agua durante el verano, y actualmente pensamos desarrollar m\u00e1s actividades que permitan promocionar a Ays\u00e9n como destino\u201d, indic\u00f3 Ricardo Medel, presidente de PER Turismo.<\/p>\n<p style=\"text-align: justify;\">La situaci\u00f3n tur\u00edstica en Ays\u00e9n vivi\u00f3 una fuerte ca\u00edda debido a las restricciones producto de la pandemia, y este tipo de instancias buscan reactivar las diferentes posibilidades para quienes busquen explorar la zona y recorrer los diferentes atractivos naturales y culturales que ofrece la comuna.<\/p>\n<p style=\"text-align: justify;\">\u201cFelicitar al municipio por volver a activar las acciones con turismo. Hoy se comprometieron m\u00e1s recursos, as\u00ed que estamos muy contentos con las iniciativas que se est\u00e1n generando, adem\u00e1s de destacar el trabajo con profesionales de distintas unidades que nos permiten cohesionar las acciones\u201d, agreg\u00f3 Medel.<\/p>\n<\/div><\/section><\/div><div  style='height:50px' class='hr hr-invisible   avia-builder-el-6  el_after_av_one_full  el_before_av_social_share '><span class='hr-inner ' ><span class='hr-inner-style'><\/span><\/span><\/div><\/p>\n<div  class='av-social-sharing-box  avia-builder-el-7  el_after_av_hr  el_before_av_hr  '><div class='av-share-box'><h5 class='av-share-link-description av-no-toc '>Compartir esta noticia<\/h5><ul class='av-share-box-list noLightbox'><li class='av-share-link av-social-link-facebook' ><a target=\"_blank\" aria-label=\"Compartir en Facebook\" href='https:\/\/www.facebook.com\/sharer.php?u=https:\/\/radiorevelacionfm.cl\/?p=28380&#038;t=Buscan%20reactivar%20oferta%20tur%C3%ADstica%20en%20Ays%C3%A9n%20a%20trav%C3%A9s%20del%20proyecto%20%E2%80%9CRuta%20del%20Agua%E2%80%9D' aria-hidden='false' data-av_icon='\ue8f3' data-av_iconfont='entypo-fontello' title='' data-avia-related-tooltip='Compartir en Facebook' rel=\"noopener\"><span class='avia_hidden_link_text'>Compartir en Facebook<\/span><\/a><\/li><li class='av-share-link av-social-link-twitter' ><a target=\"_blank\" aria-label=\"Compartir en Twitter\" href='https:\/\/twitter.com\/share?text=Buscan%20reactivar%20oferta%20tur%C3%ADstica%20en%20Ays%C3%A9n%20a%20trav%C3%A9s%20del%20proyecto%20%E2%80%9CRuta%20del%20Agua%E2%80%9D&#038;url=https:\/\/radiorevelacionfm.cl\/?p=28380' aria-hidden='false' data-av_icon='\ue8f1' data-av_iconfont='entypo-fontello' title='' data-avia-related-tooltip='Compartir en Twitter' rel=\"noopener\"><span class='avia_hidden_link_text'>Compartir en Twitter<\/span><\/a><\/li><li class='av-share-link av-social-link-whatsapp' ><a target=\"_blank\" aria-label=\"Compartir en Whatsapp\" href='https:\/\/api.whatsapp.com\/send?text=https:\/\/radiorevelacionfm.cl\/?p=28380' aria-hidden='false' data-av_icon='\uf232' data-av_iconfont='entypo-fontello' title='' data-avia-related-tooltip='Compartir en Whatsapp' rel=\"noopener\"><span class='avia_hidden_link_text'>Compartir en Whatsapp<\/span><\/a><\/li><li class='av-share-link av-social-link-linkedin' ><a target=\"_blank\" aria-label=\"Compartir en LinkedIn\" href='https:\/\/linkedin.com\/shareArticle?mini=true&#038;title=Buscan%20reactivar%20oferta%20tur%C3%ADstica%20en%20Ays%C3%A9n%20a%20trav%C3%A9s%20del%20proyecto%20%E2%80%9CRuta%20del%20Agua%E2%80%9D&#038;url=https:\/\/radiorevelacionfm.cl\/?p=28380' aria-hidden='false' data-av_icon='\ue8fc' data-av_iconfont='entypo-fontello' title='' data-avia-related-tooltip='Compartir en LinkedIn' rel=\"noopener\"><span class='avia_hidden_link_text'>Compartir en LinkedIn<\/span><\/a><\/li><li class='av-share-link av-social-link-mail' ><a  aria-label=\"Compartir por correo\" href='mailto:?subject=Buscan%20reactivar%20oferta%20tur%C3%ADstica%20en%20Ays%C3%A9n%20a%20trav%C3%A9s%20del%20proyecto%20%E2%80%9CRuta%20del%20Agua%E2%80%9D&#038;body=https:\/\/radiorevelacionfm.cl\/?p=28380' aria-hidden='false' data-av_icon='\ue805' data-av_iconfont='entypo-fontello' title='' data-avia-related-tooltip='Compartir por correo'><span class='avia_hidden_link_text'>Compartir por correo<\/span><\/a><\/li><\/ul><\/div><\/div>\n<div  style='height:50px' class='hr hr-invisible   avia-builder-el-8  el_after_av_social_share  el_before_av_comments_list '><span class='hr-inner ' ><span class='hr-inner-style'><\/span><\/span><\/div>\n<div  class='av-buildercomment  av-blog-meta-html-info-disabled av-blog-meta-tag-disabled  '><\/div>\n","protected":false},"excerpt":{"rendered":"","protected":false},"author":1,"featured_media":28382,"comment_status":"open","ping_status":"open","sticky":false,"template":"","format":"standard","meta":{"footnotes":""},"categories":[38],"tags":[],"class_list":["post-28380","post","type-post","status-publish","format-standard","has-post-thumbnail","hentry","category-regional"],"jetpack_featured_media_url":"https:\/\/radiorevelacionfm.cl\/wp-content\/uploads\/2023\/03\/DSC_0008-2-1-1.jpg","_links":{"self":[{"href":"https:\/\/radiorevelacionfm.cl\/index.php?rest_route=\/wp\/v2\/posts\/28380","targetHints":{"allow":["GET"]}}],"collection":[{"href":"https:\/\/radiorevelacionfm.cl\/index.php?rest_route=\/wp\/v2\/posts"}],"about":[{"href":"https:\/\/radiorevelacionfm.cl\/index.php?rest_route=\/wp\/v2\/types\/post"}],"author":[{"embeddable":true,"href":"https:\/\/radiorevelacionfm.cl\/index.php?rest_route=\/wp\/v2\/users\/1"}],"replies":[{"embeddable":true,"href":"https:\/\/radiorevelacionfm.cl\/index.php?rest_route=%2Fwp%2Fv2%2Fcomments&post=28380"}],"version-history":[{"count":2,"href":"https:\/\/radiorevelacionfm.cl\/index.php?rest_route=\/wp\/v2\/posts\/28380\/revisions"}],"predecessor-version":[{"id":28396,"href":"https:\/\/radiorevelacionfm.cl\/index.php?rest_route=\/wp\/v2\/posts\/28380\/revisions\/28396"}],"wp:featuredmedia":[{"embeddable":true,"href":"https:\/\/radiorevelacionfm.cl\/index.php?rest_route=\/wp\/v2\/media\/28382"}],"wp:attachment":[{"href":"https:\/\/radiorevelacionfm.cl\/index.php?rest_route=%2Fwp%2Fv2%2Fmedia&parent=28380"}],"wp:term":[{"taxonomy":"category","embeddable":true,"href":"https:\/\/radiorevelacionfm.cl\/index.php?rest_route=%2Fwp%2Fv2%2Fcategories&post=28380"},{"taxonomy":"post_tag","embeddable":true,"href":"https:\/\/radiorevelacionfm.cl\/index.php?rest_route=%2Fwp%2Fv2%2Ftags&post=28380"}],"curies":[{"name":"wp","href":"https:\/\/api.w.org\/{rel}","templated":true}]}}