{"id":28372,"date":"2023-03-02T20:02:00","date_gmt":"2023-03-02T23:02:00","guid":{"rendered":"https:\/\/radiorevelacionfm.cl\/?p=28372"},"modified":"2023-03-02T20:04:20","modified_gmt":"2023-03-02T23:04:20","slug":"confirman-caso-positivo-de-tifus-de-los-matorrales-en-localidad-de-la-junta","status":"publish","type":"post","link":"https:\/\/radiorevelacionfm.cl\/?p=28372","title":{"rendered":"Confirman primer caso de Tifus de los Matorrales en localidad de La Junta"},"content":{"rendered":"<div class=\"flex_column av_one_full  flex_column_div av-zero-column-padding first  avia-builder-el-0  el_before_av_one_full  avia-builder-el-first  \" style='border-radius:0px; '><div  class='avia-image-container  av-styling-    avia-builder-el-1  avia-builder-el-no-sibling  avia-align-center '  itemprop=\"image\" itemscope=\"itemscope\" itemtype=\"https:\/\/schema.org\/ImageObject\"  ><div class='avia-image-container-inner'><div class='avia-image-overlay-wrap'><img decoding=\"async\" class='wp-image-28373 avia-img-lazy-loading-not-28373 avia_image' src=\"https:\/\/radiorevelacionfm.cl\/wp-content\/uploads\/2023\/03\/Tifus-1-1.jpg\" alt='' title='Tifus (1) (1)' height=\"600\" width=\"1067\"  itemprop=\"thumbnailUrl\" srcset=\"https:\/\/radiorevelacionfm.cl\/wp-content\/uploads\/2023\/03\/Tifus-1-1.jpg 1067w, https:\/\/radiorevelacionfm.cl\/wp-content\/uploads\/2023\/03\/Tifus-1-1-300x169.jpg 300w, https:\/\/radiorevelacionfm.cl\/wp-content\/uploads\/2023\/03\/Tifus-1-1-1030x579.jpg 1030w, https:\/\/radiorevelacionfm.cl\/wp-content\/uploads\/2023\/03\/Tifus-1-1-768x432.jpg 768w, https:\/\/radiorevelacionfm.cl\/wp-content\/uploads\/2023\/03\/Tifus-1-1-705x396.jpg 705w, https:\/\/radiorevelacionfm.cl\/wp-content\/uploads\/2023\/03\/Tifus-1-1-600x337.jpg 600w\" sizes=\"(max-width: 1067px) 100vw, 1067px\" \/><\/div><\/div><\/div><\/div>\n<div class=\"flex_column av_one_full  flex_column_div av-zero-column-padding first  avia-builder-el-2  el_after_av_one_full  el_before_av_one_full  column-top-margin\" style='border-radius:0px; '><section class=\"av_textblock_section \"  itemscope=\"itemscope\" itemtype=\"https:\/\/schema.org\/BlogPosting\" itemprop=\"blogPost\" ><div class='avia_textblock  '   itemprop=\"text\" ><p style=\"text-align: center;\"><strong><span style=\"font-size: 18pt;\">Confirman primer caso de Tifus de los Matorrales en localidad de La Junta<\/span><\/strong><\/p>\n<div id=\"gtx-trans\" style=\"position: absolute; left: -50px; top: 4.31534px;\">\n<div class=\"gtx-trans-icon\"><\/div>\n<\/div>\n<\/div><\/section><\/div><div class=\"flex_column av_one_full  flex_column_div av-zero-column-padding first  avia-builder-el-4  el_after_av_one_full  el_before_av_hr  column-top-margin\" style='border-radius:0px; '><section class=\"av_textblock_section \"  itemscope=\"itemscope\" itemtype=\"https:\/\/schema.org\/BlogPosting\" itemprop=\"blogPost\" ><div class='avia_textblock  '   itemprop=\"text\" ><p style=\"text-align: justify;\">Un paciente de la localidad de La Junta, result\u00f3 positivo a la bacteria de Tifus de los Matorrales, enfermedad que se presenta en el cuerpo humano con una costra similar a una quemadura por cigarrillo, adem\u00e1s de fiebre y dolor de cabeza, entre otros s\u00edntomas.<\/p>\n<p style=\"text-align: justify;\">Tras consultar en el Centro de Salud Familiar de la Junta, por malestar general, acompa\u00f1ado de fiebre, conjuntivitis y la presencia de escara en piel, un paciente adulto de esta localidad fue diagnosticado con Tifus de los Matorrales, previa confirmaci\u00f3n de las muestras enviadas al laboratorio de virolog\u00eda de la Universidad Cat\u00f3lica.<\/p>\n<p style=\"text-align: justify;\">La informaci\u00f3n fue ratificada por el epidemi\u00f3logo de la Seremi de Salud Ays\u00e9n, Miguel Oyarzo, quien entreg\u00f3 m\u00e1s antecedentes al respecto.\u00a0 \u201cHoy contamos con la confirmaci\u00f3n de un caso de Tifus de los Matorrales en la localidad de La Junta en la zona norte de Ays\u00e9n, se trata un adulto, quien al transitar por zonas boscosas y de abundante vegetaci\u00f3n sin utilizar la vestimenta adecuada, es decir, ropa que cubra la mayor parte del cuerpo durante este tipo de actividades; se habr\u00eda contagiado con la bacteria que produce esta enfermedad. Esta bacteria suele encontrarse en \u00e1caros que se encuentran en la vegetaci\u00f3n o en roedores silvestres y que pasan a la piel, llegando a provocar lesiones similares a las que ocasiona una quemadura por cigarrillo.\u00a0 Actualmente el paciente se encuentra en buen estado de salud, en tratamiento y seguimiento cl\u00ednico\u201d.<\/p>\n<p style=\"text-align: justify;\">El Tifus de los matorrales se produce por una bacteria habitualmente encontrada en la zona Asia-Pac\u00edfico (tri\u00e1ngulo tsutsugamuchi), identificada por primera vez en Chile, en la Isla de Chilo\u00e9 el a\u00f1o 2006. La infecci\u00f3n ocurre a trav\u00e9s de la picadura, generalmente inadvertida, por \u00e1caros de roedores silvestres (familia Trombiculidae), que tambi\u00e9n se pueden encontrar libremente en la vegetaci\u00f3n. El cuadro cl\u00ednico comienza con el desarrollo de una escara o costra negra en el sitio de la picadura, la que asemeja a una quemadura por cigarrillo. Posteriormente se agrega fiebre alta, calofr\u00edos, dolor muscular, dolor de cabeza y un sarpullido de piel (puntos rojos). Adem\u00e1s, se puede presentar compromiso de conciencia, p\u00e9rdida transitoria de la audici\u00f3n, conjuntivitis y complicaciones pulmonares, que pueden derivar incluso en la muerte. El tratamiento es con antibi\u00f3ticos por 10 d\u00edas, con la que se obtiene una r\u00e1pida mejor\u00eda en terapias oportunas.<\/p>\n<p style=\"text-align: justify;\">Finalmente, la Seremi de Salud Ays\u00e9n, Carmen Monsalve G\u00f3mez, hizo un llamado al autocuidado de la comunidad frente a esta enfermedad.\u00a0 \u201cHabitualmente, los hallazgos de casos de Tifus de los matorrales han ocurrido en la regi\u00f3n de Los Lagos, especialmente en la zona de Chilo\u00e9, \u00a0sin embargo es importante advertir a la comunidad, especialmente a quienes desempe\u00f1an actividades al aire libre en zonas de frondosa vegetaci\u00f3n, que permanezcan atentos a estados febriles, mialgia, cefalea o conjuntivitis, sumado a la aparici\u00f3n de escaras o costras, a que consulten en los centros de salud para un diagn\u00f3stico oportuno; adem\u00e1s de mantener medidas de prevenci\u00f3n tales como: caminar por senderos habilitados, elegir campings autorizados, limpios y libres de pastizales y matorrales; y que cada vez que desarrollen actividades al aire libre, en condiciones en la cual matorrales o vegetaci\u00f3n puedan rozar su piel, utilice prendas de vestir para cubrir la mayor parte de su piel\u201d.<\/p>\n<\/div><\/section><\/div><\/p>\n<div  style='height:50px' class='hr hr-invisible   avia-builder-el-6  el_after_av_one_full  el_before_av_social_share '><span class='hr-inner ' ><span class='hr-inner-style'><\/span><\/span><\/div>\n<div  class='av-social-sharing-box  avia-builder-el-7  el_after_av_hr  el_before_av_hr  '><div class='av-share-box'><h5 class='av-share-link-description av-no-toc '>Compartir esta noticia<\/h5><ul class='av-share-box-list noLightbox'><li class='av-share-link av-social-link-facebook' ><a target=\"_blank\" aria-label=\"Compartir en Facebook\" href='https:\/\/www.facebook.com\/sharer.php?u=https:\/\/radiorevelacionfm.cl\/?p=28372&#038;t=Confirman%20primer%20caso%20de%20Tifus%20de%20los%20Matorrales%20en%20localidad%20de%20La%20Junta' aria-hidden='false' data-av_icon='\ue8f3' data-av_iconfont='entypo-fontello' title='' data-avia-related-tooltip='Compartir en Facebook' rel=\"noopener\"><span class='avia_hidden_link_text'>Compartir en Facebook<\/span><\/a><\/li><li class='av-share-link av-social-link-twitter' ><a target=\"_blank\" aria-label=\"Compartir en Twitter\" href='https:\/\/twitter.com\/share?text=Confirman%20primer%20caso%20de%20Tifus%20de%20los%20Matorrales%20en%20localidad%20de%20La%20Junta&#038;url=https:\/\/radiorevelacionfm.cl\/?p=28372' aria-hidden='false' data-av_icon='\ue8f1' data-av_iconfont='entypo-fontello' title='' data-avia-related-tooltip='Compartir en Twitter' rel=\"noopener\"><span class='avia_hidden_link_text'>Compartir en Twitter<\/span><\/a><\/li><li class='av-share-link av-social-link-whatsapp' ><a target=\"_blank\" aria-label=\"Compartir en Whatsapp\" href='https:\/\/api.whatsapp.com\/send?text=https:\/\/radiorevelacionfm.cl\/?p=28372' aria-hidden='false' data-av_icon='\uf232' data-av_iconfont='entypo-fontello' title='' data-avia-related-tooltip='Compartir en Whatsapp' rel=\"noopener\"><span class='avia_hidden_link_text'>Compartir en Whatsapp<\/span><\/a><\/li><li class='av-share-link av-social-link-linkedin' ><a target=\"_blank\" aria-label=\"Compartir en LinkedIn\" href='https:\/\/linkedin.com\/shareArticle?mini=true&#038;title=Confirman%20primer%20caso%20de%20Tifus%20de%20los%20Matorrales%20en%20localidad%20de%20La%20Junta&#038;url=https:\/\/radiorevelacionfm.cl\/?p=28372' aria-hidden='false' data-av_icon='\ue8fc' data-av_iconfont='entypo-fontello' title='' data-avia-related-tooltip='Compartir en LinkedIn' rel=\"noopener\"><span class='avia_hidden_link_text'>Compartir en LinkedIn<\/span><\/a><\/li><li class='av-share-link av-social-link-mail' ><a  aria-label=\"Compartir por correo\" href='mailto:?subject=Confirman%20primer%20caso%20de%20Tifus%20de%20los%20Matorrales%20en%20localidad%20de%20La%20Junta&#038;body=https:\/\/radiorevelacionfm.cl\/?p=28372' aria-hidden='false' data-av_icon='\ue805' data-av_iconfont='entypo-fontello' title='' data-avia-related-tooltip='Compartir por correo'><span class='avia_hidden_link_text'>Compartir por correo<\/span><\/a><\/li><\/ul><\/div><\/div>\n<div  style='height:50px' class='hr hr-invisible   avia-builder-el-8  el_after_av_social_share  el_before_av_comments_list '><span class='hr-inner ' ><span class='hr-inner-style'><\/span><\/span><\/div>\n<div  class='av-buildercomment  av-blog-meta-html-info-disabled av-blog-meta-tag-disabled  '><\/div>\n","protected":false},"excerpt":{"rendered":"","protected":false},"author":1,"featured_media":28373,"comment_status":"open","ping_status":"open","sticky":false,"template":"","format":"standard","meta":{"footnotes":""},"categories":[46],"tags":[],"class_list":["post-28372","post","type-post","status-publish","format-standard","has-post-thumbnail","hentry","category-salud"],"jetpack_featured_media_url":"https:\/\/radiorevelacionfm.cl\/wp-content\/uploads\/2023\/03\/Tifus-1-1.jpg","_links":{"self":[{"href":"https:\/\/radiorevelacionfm.cl\/index.php?rest_route=\/wp\/v2\/posts\/28372","targetHints":{"allow":["GET"]}}],"collection":[{"href":"https:\/\/radiorevelacionfm.cl\/index.php?rest_route=\/wp\/v2\/posts"}],"about":[{"href":"https:\/\/radiorevelacionfm.cl\/index.php?rest_route=\/wp\/v2\/types\/post"}],"author":[{"embeddable":true,"href":"https:\/\/radiorevelacionfm.cl\/index.php?rest_route=\/wp\/v2\/users\/1"}],"replies":[{"embeddable":true,"href":"https:\/\/radiorevelacionfm.cl\/index.php?rest_route=%2Fwp%2Fv2%2Fcomments&post=28372"}],"version-history":[{"count":3,"href":"https:\/\/radiorevelacionfm.cl\/index.php?rest_route=\/wp\/v2\/posts\/28372\/revisions"}],"predecessor-version":[{"id":28375,"href":"https:\/\/radiorevelacionfm.cl\/index.php?rest_route=\/wp\/v2\/posts\/28372\/revisions\/28375"}],"wp:featuredmedia":[{"embeddable":true,"href":"https:\/\/radiorevelacionfm.cl\/index.php?rest_route=\/wp\/v2\/media\/28373"}],"wp:attachment":[{"href":"https:\/\/radiorevelacionfm.cl\/index.php?rest_route=%2Fwp%2Fv2%2Fmedia&parent=28372"}],"wp:term":[{"taxonomy":"category","embeddable":true,"href":"https:\/\/radiorevelacionfm.cl\/index.php?rest_route=%2Fwp%2Fv2%2Fcategories&post=28372"},{"taxonomy":"post_tag","embeddable":true,"href":"https:\/\/radiorevelacionfm.cl\/index.php?rest_route=%2Fwp%2Fv2%2Ftags&post=28372"}],"curies":[{"name":"wp","href":"https:\/\/api.w.org\/{rel}","templated":true}]}}