{"id":28367,"date":"2023-03-02T21:00:50","date_gmt":"2023-03-03T00:00:50","guid":{"rendered":"https:\/\/radiorevelacionfm.cl\/?p=28367"},"modified":"2023-03-02T21:00:50","modified_gmt":"2023-03-03T00:00:50","slug":"comision-de-seguridad-publica-del-core-realiza-sesion-en-centro-penitenciario-de-puerto-aysen","status":"publish","type":"post","link":"https:\/\/radiorevelacionfm.cl\/?p=28367","title":{"rendered":"Comisi\u00f3n de Seguridad P\u00fablica del CORE realiza sesi\u00f3n en Centro Penitenciario de Puerto Ays\u00e9n"},"content":{"rendered":"<div class=\"flex_column av_one_full  flex_column_div av-zero-column-padding first  avia-builder-el-0  el_before_av_one_full  avia-builder-el-first  \" style='border-radius:0px; '><div  class='avia-image-container  av-styling-    avia-builder-el-1  avia-builder-el-no-sibling  avia-align-center '  itemprop=\"image\" itemscope=\"itemscope\" itemtype=\"https:\/\/schema.org\/ImageObject\"  ><div class='avia-image-container-inner'><div class='avia-image-overlay-wrap'><img decoding=\"async\" class='wp-image-28368 avia-img-lazy-loading-not-28368 avia_image' src=\"https:\/\/radiorevelacionfm.cl\/wp-content\/uploads\/2023\/03\/consejeros-1-1_optimized-1.jpeg\" alt='' title='consejeros-1-(1)_optimized (1)' height=\"600\" width=\"901\"  itemprop=\"thumbnailUrl\" srcset=\"https:\/\/radiorevelacionfm.cl\/wp-content\/uploads\/2023\/03\/consejeros-1-1_optimized-1.jpeg 901w, https:\/\/radiorevelacionfm.cl\/wp-content\/uploads\/2023\/03\/consejeros-1-1_optimized-1-300x200.jpeg 300w, https:\/\/radiorevelacionfm.cl\/wp-content\/uploads\/2023\/03\/consejeros-1-1_optimized-1-768x511.jpeg 768w, https:\/\/radiorevelacionfm.cl\/wp-content\/uploads\/2023\/03\/consejeros-1-1_optimized-1-705x469.jpeg 705w, https:\/\/radiorevelacionfm.cl\/wp-content\/uploads\/2023\/03\/consejeros-1-1_optimized-1-600x400.jpeg 600w\" sizes=\"(max-width: 901px) 100vw, 901px\" \/><\/div><\/div><\/div><\/div><div class=\"flex_column av_one_full  flex_column_div av-zero-column-padding first  avia-builder-el-2  el_after_av_one_full  el_before_av_one_full  column-top-margin\" style='border-radius:0px; '><section class=\"av_textblock_section \"  itemscope=\"itemscope\" itemtype=\"https:\/\/schema.org\/BlogPosting\" itemprop=\"blogPost\" ><div class='avia_textblock  '   itemprop=\"text\" ><p style=\"text-align: center;\"><strong><span style=\"font-size: 18pt;\">Comisi\u00f3n de Seguridad P\u00fablica del CORE realiza sesi\u00f3n en Centro Penitenciario de Puerto Ays\u00e9n<\/span><\/strong><\/p>\n<div id=\"gtx-trans\" style=\"position: absolute; left: -50px; top: 4.31534px;\">\n<div class=\"gtx-trans-icon\"><\/div>\n<\/div>\n<\/div><\/section><\/div><div class=\"flex_column av_one_full  flex_column_div av-zero-column-padding first  avia-builder-el-4  el_after_av_one_full  el_before_av_hr  column-top-margin\" style='border-radius:0px; '><section class=\"av_textblock_section \"  itemscope=\"itemscope\" itemtype=\"https:\/\/schema.org\/BlogPosting\" itemprop=\"blogPost\" ><div class='avia_textblock  '   itemprop=\"text\" ><p dir=\"ltr\" style=\"text-align: justify;\">Este mi\u00e9rcoles siete Consejeros y Consejeras Regionales acudieron al Centro Penitenciario de Puerto Ays\u00e9n, desde donde sostuvieron una sesi\u00f3n de la Comisi\u00f3n de Seguridad P\u00fablica y Emergencias, con el objetivo de constatar estado actual de la infraestructura y evaluar los avances de proyectos que est\u00e1n en ejecuci\u00f3n, adem\u00e1s de analizar posibles iniciativas futuras.<\/p>\n<p dir=\"ltr\" style=\"text-align: justify;\">A la reuni\u00f3n asistieron los Consejeros Regionales Ra\u00fal Rudolphi (presidente de la comisi\u00f3n), Rocco Martiniello, Jorge Abello, Marco Gillibrand y Sergio Gonz\u00e1lez; las consejeras regionales Mar\u00eda Loreta Villegas y Paola Rodr\u00edguez; el alcalde de Ays\u00e9n, Julio Uribe, junto a su coordinador de Seguridad; el Delegado Presidencial Provincial de Ays\u00e9n, Jorge Salfate; el alcaide del centro penitenciario, mayor Alex Carrasco; y la directora regional (s) de Gendarmer\u00eda, comandante Ingrid Almonacid.<\/p>\n<p dir=\"ltr\" style=\"text-align: justify;\">\u00abEl d\u00eda de hoy ha sido una jornada bastante importante, tuvimos el privilegio de tener a nuestros Consejeros Regionales, aqu\u00ed en el recinto del CDP de Puerto Ays\u00e9n, en el cual se entabla una importante reuni\u00f3n, la cual tiene como finalidad aportar y poder financiar proyectos que est\u00e1n en marcha, aqu\u00ed en esta unidad (&#8230;) proyectos, como los que est\u00e1n hoy d\u00eda en mesa, instaurados, vienen a complementar lo que nosotros tenemos hoy d\u00eda en temas de seguridad\u00bb, se\u00f1al\u00f3 la directora subrogante de Gendarmer\u00eda.<\/p>\n<p dir=\"ltr\" style=\"text-align: justify;\">En la instancia, las y los Consejeros pudieron revisar las condiciones del recinto, relevando ante las autoridades y directivas presentes la urgencia de pensar en mejoras que permitan mejorar la estad\u00eda de reclusos, apuntando a que sea un espacio digno que favorezca la rehabilitaci\u00f3n y reinserci\u00f3n.<\/p>\n<p dir=\"ltr\" style=\"text-align: justify;\">\u00abExist\u00eda un compromiso que suscribimos como comisi\u00f3n, de visitar justamente las dependencias de la unidad penitenciaria de Puerto Ays\u00e9n. Conocimos el recinto, tuvimos un recorrido, y adem\u00e1s de eso hubo una conversaci\u00f3n donde se nos presentaron varios requerimientos, que tambi\u00e9n fueron relevados por el alcalde de la comuna de Ays\u00e9n, Julio Uribe, y por el Delegado Presidencial Provincial de Ays\u00e9n. Eso es tarea que nos llevamos como comisi\u00f3n para presentarlo a la Gobernadora, para ir priorizando iniciativas de inversi\u00f3n, que no solamente son para beneficio de los reos\u00bb, puntualiz\u00f3 el presidente de la Comisi\u00f3n de Seguridad P\u00fablica, Ra\u00fal Rudolphi.<\/p>\n<\/div><\/section><\/div><div  style='height:50px' class='hr hr-invisible   avia-builder-el-6  el_after_av_one_full  el_before_av_social_share '><span class='hr-inner ' ><span class='hr-inner-style'><\/span><\/span><\/div><\/p>\n<div  class='av-social-sharing-box  avia-builder-el-7  el_after_av_hr  el_before_av_hr  '><div class='av-share-box'><h5 class='av-share-link-description av-no-toc '>Compartir esta noticia<\/h5><ul class='av-share-box-list noLightbox'><li class='av-share-link av-social-link-facebook' ><a target=\"_blank\" aria-label=\"Compartir en Facebook\" href='https:\/\/www.facebook.com\/sharer.php?u=https:\/\/radiorevelacionfm.cl\/?p=28367&#038;t=Comisi%C3%B3n%20de%20Seguridad%20P%C3%BAblica%20del%20CORE%20realiza%20sesi%C3%B3n%20en%20Centro%20Penitenciario%20de%20Puerto%20Ays%C3%A9n' aria-hidden='false' data-av_icon='\ue8f3' data-av_iconfont='entypo-fontello' title='' data-avia-related-tooltip='Compartir en Facebook' rel=\"noopener\"><span class='avia_hidden_link_text'>Compartir en Facebook<\/span><\/a><\/li><li class='av-share-link av-social-link-twitter' ><a target=\"_blank\" aria-label=\"Compartir en Twitter\" href='https:\/\/twitter.com\/share?text=Comisi%C3%B3n%20de%20Seguridad%20P%C3%BAblica%20del%20CORE%20realiza%20sesi%C3%B3n%20en%20Centro%20Penitenciario%20de%20Puerto%20Ays%C3%A9n&#038;url=https:\/\/radiorevelacionfm.cl\/?p=28367' aria-hidden='false' data-av_icon='\ue8f1' data-av_iconfont='entypo-fontello' title='' data-avia-related-tooltip='Compartir en Twitter' rel=\"noopener\"><span class='avia_hidden_link_text'>Compartir en Twitter<\/span><\/a><\/li><li class='av-share-link av-social-link-whatsapp' ><a target=\"_blank\" aria-label=\"Compartir en Whatsapp\" href='https:\/\/api.whatsapp.com\/send?text=https:\/\/radiorevelacionfm.cl\/?p=28367' aria-hidden='false' data-av_icon='\uf232' data-av_iconfont='entypo-fontello' title='' data-avia-related-tooltip='Compartir en Whatsapp' rel=\"noopener\"><span class='avia_hidden_link_text'>Compartir en Whatsapp<\/span><\/a><\/li><li class='av-share-link av-social-link-linkedin' ><a target=\"_blank\" aria-label=\"Compartir en LinkedIn\" href='https:\/\/linkedin.com\/shareArticle?mini=true&#038;title=Comisi%C3%B3n%20de%20Seguridad%20P%C3%BAblica%20del%20CORE%20realiza%20sesi%C3%B3n%20en%20Centro%20Penitenciario%20de%20Puerto%20Ays%C3%A9n&#038;url=https:\/\/radiorevelacionfm.cl\/?p=28367' aria-hidden='false' data-av_icon='\ue8fc' data-av_iconfont='entypo-fontello' title='' data-avia-related-tooltip='Compartir en LinkedIn' rel=\"noopener\"><span class='avia_hidden_link_text'>Compartir en LinkedIn<\/span><\/a><\/li><li class='av-share-link av-social-link-mail' ><a  aria-label=\"Compartir por correo\" href='mailto:?subject=Comisi%C3%B3n%20de%20Seguridad%20P%C3%BAblica%20del%20CORE%20realiza%20sesi%C3%B3n%20en%20Centro%20Penitenciario%20de%20Puerto%20Ays%C3%A9n&#038;body=https:\/\/radiorevelacionfm.cl\/?p=28367' aria-hidden='false' data-av_icon='\ue805' data-av_iconfont='entypo-fontello' title='' data-avia-related-tooltip='Compartir por correo'><span class='avia_hidden_link_text'>Compartir por correo<\/span><\/a><\/li><\/ul><\/div><\/div>\n<div  style='height:50px' class='hr hr-invisible   avia-builder-el-8  el_after_av_social_share  el_before_av_comments_list '><span class='hr-inner ' ><span class='hr-inner-style'><\/span><\/span><\/div>\n<div  class='av-buildercomment  av-blog-meta-html-info-disabled av-blog-meta-tag-disabled  '><\/div>\n","protected":false},"excerpt":{"rendered":"","protected":false},"author":1,"featured_media":28368,"comment_status":"open","ping_status":"open","sticky":false,"template":"","format":"standard","meta":{"footnotes":""},"categories":[38],"tags":[],"class_list":["post-28367","post","type-post","status-publish","format-standard","has-post-thumbnail","hentry","category-regional"],"jetpack_featured_media_url":"https:\/\/radiorevelacionfm.cl\/wp-content\/uploads\/2023\/03\/consejeros-1-1_optimized-1.jpeg","_links":{"self":[{"href":"https:\/\/radiorevelacionfm.cl\/index.php?rest_route=\/wp\/v2\/posts\/28367","targetHints":{"allow":["GET"]}}],"collection":[{"href":"https:\/\/radiorevelacionfm.cl\/index.php?rest_route=\/wp\/v2\/posts"}],"about":[{"href":"https:\/\/radiorevelacionfm.cl\/index.php?rest_route=\/wp\/v2\/types\/post"}],"author":[{"embeddable":true,"href":"https:\/\/radiorevelacionfm.cl\/index.php?rest_route=\/wp\/v2\/users\/1"}],"replies":[{"embeddable":true,"href":"https:\/\/radiorevelacionfm.cl\/index.php?rest_route=%2Fwp%2Fv2%2Fcomments&post=28367"}],"version-history":[{"count":2,"href":"https:\/\/radiorevelacionfm.cl\/index.php?rest_route=\/wp\/v2\/posts\/28367\/revisions"}],"predecessor-version":[{"id":28378,"href":"https:\/\/radiorevelacionfm.cl\/index.php?rest_route=\/wp\/v2\/posts\/28367\/revisions\/28378"}],"wp:featuredmedia":[{"embeddable":true,"href":"https:\/\/radiorevelacionfm.cl\/index.php?rest_route=\/wp\/v2\/media\/28368"}],"wp:attachment":[{"href":"https:\/\/radiorevelacionfm.cl\/index.php?rest_route=%2Fwp%2Fv2%2Fmedia&parent=28367"}],"wp:term":[{"taxonomy":"category","embeddable":true,"href":"https:\/\/radiorevelacionfm.cl\/index.php?rest_route=%2Fwp%2Fv2%2Fcategories&post=28367"},{"taxonomy":"post_tag","embeddable":true,"href":"https:\/\/radiorevelacionfm.cl\/index.php?rest_route=%2Fwp%2Fv2%2Ftags&post=28367"}],"curies":[{"name":"wp","href":"https:\/\/api.w.org\/{rel}","templated":true}]}}