{"id":28357,"date":"2023-03-03T10:31:18","date_gmt":"2023-03-03T13:31:18","guid":{"rendered":"https:\/\/radiorevelacionfm.cl\/?p=28357"},"modified":"2023-03-03T10:31:18","modified_gmt":"2023-03-03T13:31:18","slug":"en-puerto-aysen-coordinan-acciones-preventivas-y-educativas-en-manejo-y-disposicion-de-residuos","status":"publish","type":"post","link":"https:\/\/radiorevelacionfm.cl\/?p=28357","title":{"rendered":"En Puerto Ays\u00e9n coordinan acciones preventivas y educativas en manejo y disposici\u00f3n de residuos"},"content":{"rendered":"<div class=\"flex_column av_one_full  flex_column_div av-zero-column-padding first  avia-builder-el-0  el_before_av_one_full  avia-builder-el-first  \" style='border-radius:0px; '><div  class='avia-image-container  av-styling-    avia-builder-el-1  avia-builder-el-no-sibling  avia-align-center '  itemprop=\"image\" itemscope=\"itemscope\" itemtype=\"https:\/\/schema.org\/ImageObject\"  ><div class='avia-image-container-inner'><div class='avia-image-overlay-wrap'><img decoding=\"async\" class='wp-image-28358 avia-img-lazy-loading-not-28358 avia_image' src=\"https:\/\/radiorevelacionfm.cl\/wp-content\/uploads\/2023\/03\/JAQUELINE-Y-BARBARA-1-1.jpg\" alt='' title='JAQUELINE Y BARBARA (1) (1)' height=\"600\" width=\"1067\"  itemprop=\"thumbnailUrl\" srcset=\"https:\/\/radiorevelacionfm.cl\/wp-content\/uploads\/2023\/03\/JAQUELINE-Y-BARBARA-1-1.jpg 1067w, https:\/\/radiorevelacionfm.cl\/wp-content\/uploads\/2023\/03\/JAQUELINE-Y-BARBARA-1-1-300x169.jpg 300w, https:\/\/radiorevelacionfm.cl\/wp-content\/uploads\/2023\/03\/JAQUELINE-Y-BARBARA-1-1-1030x579.jpg 1030w, https:\/\/radiorevelacionfm.cl\/wp-content\/uploads\/2023\/03\/JAQUELINE-Y-BARBARA-1-1-768x432.jpg 768w, https:\/\/radiorevelacionfm.cl\/wp-content\/uploads\/2023\/03\/JAQUELINE-Y-BARBARA-1-1-705x396.jpg 705w, https:\/\/radiorevelacionfm.cl\/wp-content\/uploads\/2023\/03\/JAQUELINE-Y-BARBARA-1-1-600x337.jpg 600w\" sizes=\"(max-width: 1067px) 100vw, 1067px\" \/><\/div><\/div><\/div><\/div><div class=\"flex_column av_one_full  flex_column_div av-zero-column-padding first  avia-builder-el-2  el_after_av_one_full  el_before_av_one_full  column-top-margin\" style='border-radius:0px; '><section class=\"av_textblock_section \"  itemscope=\"itemscope\" itemtype=\"https:\/\/schema.org\/BlogPosting\" itemprop=\"blogPost\" ><div class='avia_textblock  '   itemprop=\"text\" ><p style=\"text-align: center;\"><strong><span style=\"font-size: 18pt;\">En Puerto Ays\u00e9n coordinan acciones preventivas y educativas en manejo y disposici\u00f3n de residuos <\/span><\/strong><\/p>\n<div id=\"gtx-trans\" style=\"position: absolute; left: -50px; top: 4.31534px;\">\n<div class=\"gtx-trans-icon\"><\/div>\n<\/div>\n<\/div><\/section><\/div><div class=\"flex_column av_one_full  flex_column_div av-zero-column-padding first  avia-builder-el-4  el_after_av_one_full  el_before_av_hr  column-top-margin\" style='border-radius:0px; '><section class=\"av_textblock_section \"  itemscope=\"itemscope\" itemtype=\"https:\/\/schema.org\/BlogPosting\" itemprop=\"blogPost\" ><div class='avia_textblock  '   itemprop=\"text\" ><p style=\"text-align: justify;\">La Unidad de Medio Ambiente de la Municipalidad de Ays\u00e9n y Empresas Bahamonde, han iniciado las coordinaciones tendientes a realizar actividades preventivas y educativas con la comunidad, por ejemplo, en el manejo y disposici\u00f3n de los residuos domiciliarios.<\/p>\n<p style=\"text-align: justify;\">Poder separar algunos art\u00edculos, respetar la normativa en torno al peso de los recipientes con basura, eliminar y no ser parte de los micro basurales, son algunas de las acciones que pretende durante este 2023, potenciar este trabajo p\u00fablico \u2013 privado.<\/p>\n<p style=\"text-align: justify;\">Para Empresas Bahamonde, propietaria del relleno sanitario de Ays\u00e9n y entidad a cargo de la recolecci\u00f3n, disposici\u00f3n y tratamiento de los residuos domiciliarios, es fundamental ir potenciando acciones en beneficio de la comunidad. \u201cHemos tenido ya algunas reuniones con Medio Ambiente de la Ilustre Municipalidad y se est\u00e1n creando ciertas instancias para que podamos ir haciendo un trabajo colaborativo con ellos\u201d, se\u00f1al\u00f3 Jaqueline Obando, prevencionista de riesgos de Empresas Bahamonde.<\/p>\n<p style=\"text-align: justify;\">En tanto, B\u00e1rbara Weisser, encargada de la Oficina Municipal de Medio Ambiente, destac\u00f3 que, \u201chemos estado en colaboraci\u00f3n y en contacto estrecho con Empresas Bahamonde y con los otros concesionarios que tiene la comuna, principalmente para aportar en el manejo y en el buen cuidado del medio ambiente, fundamentalmente con los residuos. La idea es disminuir los micro basurales, cuidar el cami\u00f3n recolector y toda la gente que hoy trabaja para los servicios de aseo\u201d.<\/p>\n<p style=\"text-align: justify;\">Durante el a\u00f1o se espera estar presente en algunas actividades p\u00fablicas, participar en espacios de difusi\u00f3n para motivar el cuidado al medio ambiente, tambi\u00e9n se pretende llevar el mensaje a los colegios y recintos educativos de la comuna.<\/p>\n<\/div><\/section><\/div><div  style='height:50px' class='hr hr-invisible   avia-builder-el-6  el_after_av_one_full  el_before_av_social_share '><span class='hr-inner ' ><span class='hr-inner-style'><\/span><\/span><\/div><\/p>\n<div  class='av-social-sharing-box  avia-builder-el-7  el_after_av_hr  el_before_av_hr  '><div class='av-share-box'><h5 class='av-share-link-description av-no-toc '>Compartir esta noticia<\/h5><ul class='av-share-box-list noLightbox'><li class='av-share-link av-social-link-facebook' ><a target=\"_blank\" aria-label=\"Compartir en Facebook\" href='https:\/\/www.facebook.com\/sharer.php?u=https:\/\/radiorevelacionfm.cl\/?p=28357&#038;t=En%20Puerto%20Ays%C3%A9n%20coordinan%20acciones%20preventivas%20y%20educativas%20en%20manejo%20y%20disposici%C3%B3n%20de%20residuos' aria-hidden='false' data-av_icon='\ue8f3' data-av_iconfont='entypo-fontello' title='' data-avia-related-tooltip='Compartir en Facebook' rel=\"noopener\"><span class='avia_hidden_link_text'>Compartir en Facebook<\/span><\/a><\/li><li class='av-share-link av-social-link-twitter' ><a target=\"_blank\" aria-label=\"Compartir en Twitter\" href='https:\/\/twitter.com\/share?text=En%20Puerto%20Ays%C3%A9n%20coordinan%20acciones%20preventivas%20y%20educativas%20en%20manejo%20y%20disposici%C3%B3n%20de%20residuos&#038;url=https:\/\/radiorevelacionfm.cl\/?p=28357' aria-hidden='false' data-av_icon='\ue8f1' data-av_iconfont='entypo-fontello' title='' data-avia-related-tooltip='Compartir en Twitter' rel=\"noopener\"><span class='avia_hidden_link_text'>Compartir en Twitter<\/span><\/a><\/li><li class='av-share-link av-social-link-whatsapp' ><a target=\"_blank\" aria-label=\"Compartir en Whatsapp\" href='https:\/\/api.whatsapp.com\/send?text=https:\/\/radiorevelacionfm.cl\/?p=28357' aria-hidden='false' data-av_icon='\uf232' data-av_iconfont='entypo-fontello' title='' data-avia-related-tooltip='Compartir en Whatsapp' rel=\"noopener\"><span class='avia_hidden_link_text'>Compartir en Whatsapp<\/span><\/a><\/li><li class='av-share-link av-social-link-linkedin' ><a target=\"_blank\" aria-label=\"Compartir en LinkedIn\" href='https:\/\/linkedin.com\/shareArticle?mini=true&#038;title=En%20Puerto%20Ays%C3%A9n%20coordinan%20acciones%20preventivas%20y%20educativas%20en%20manejo%20y%20disposici%C3%B3n%20de%20residuos&#038;url=https:\/\/radiorevelacionfm.cl\/?p=28357' aria-hidden='false' data-av_icon='\ue8fc' data-av_iconfont='entypo-fontello' title='' data-avia-related-tooltip='Compartir en LinkedIn' rel=\"noopener\"><span class='avia_hidden_link_text'>Compartir en LinkedIn<\/span><\/a><\/li><li class='av-share-link av-social-link-mail' ><a  aria-label=\"Compartir por correo\" href='mailto:?subject=En%20Puerto%20Ays%C3%A9n%20coordinan%20acciones%20preventivas%20y%20educativas%20en%20manejo%20y%20disposici%C3%B3n%20de%20residuos&#038;body=https:\/\/radiorevelacionfm.cl\/?p=28357' aria-hidden='false' data-av_icon='\ue805' data-av_iconfont='entypo-fontello' title='' data-avia-related-tooltip='Compartir por correo'><span class='avia_hidden_link_text'>Compartir por correo<\/span><\/a><\/li><\/ul><\/div><\/div>\n<div  style='height:50px' class='hr hr-invisible   avia-builder-el-8  el_after_av_social_share  el_before_av_comments_list '><span class='hr-inner ' ><span class='hr-inner-style'><\/span><\/span><\/div>\n<div  class='av-buildercomment  av-blog-meta-html-info-disabled av-blog-meta-tag-disabled  '><\/div>\n","protected":false},"excerpt":{"rendered":"","protected":false},"author":1,"featured_media":28358,"comment_status":"open","ping_status":"open","sticky":false,"template":"","format":"standard","meta":{"footnotes":""},"categories":[38],"tags":[],"class_list":["post-28357","post","type-post","status-publish","format-standard","has-post-thumbnail","hentry","category-regional"],"jetpack_featured_media_url":"https:\/\/radiorevelacionfm.cl\/wp-content\/uploads\/2023\/03\/JAQUELINE-Y-BARBARA-1-1.jpg","_links":{"self":[{"href":"https:\/\/radiorevelacionfm.cl\/index.php?rest_route=\/wp\/v2\/posts\/28357","targetHints":{"allow":["GET"]}}],"collection":[{"href":"https:\/\/radiorevelacionfm.cl\/index.php?rest_route=\/wp\/v2\/posts"}],"about":[{"href":"https:\/\/radiorevelacionfm.cl\/index.php?rest_route=\/wp\/v2\/types\/post"}],"author":[{"embeddable":true,"href":"https:\/\/radiorevelacionfm.cl\/index.php?rest_route=\/wp\/v2\/users\/1"}],"replies":[{"embeddable":true,"href":"https:\/\/radiorevelacionfm.cl\/index.php?rest_route=%2Fwp%2Fv2%2Fcomments&post=28357"}],"version-history":[{"count":2,"href":"https:\/\/radiorevelacionfm.cl\/index.php?rest_route=\/wp\/v2\/posts\/28357\/revisions"}],"predecessor-version":[{"id":28384,"href":"https:\/\/radiorevelacionfm.cl\/index.php?rest_route=\/wp\/v2\/posts\/28357\/revisions\/28384"}],"wp:featuredmedia":[{"embeddable":true,"href":"https:\/\/radiorevelacionfm.cl\/index.php?rest_route=\/wp\/v2\/media\/28358"}],"wp:attachment":[{"href":"https:\/\/radiorevelacionfm.cl\/index.php?rest_route=%2Fwp%2Fv2%2Fmedia&parent=28357"}],"wp:term":[{"taxonomy":"category","embeddable":true,"href":"https:\/\/radiorevelacionfm.cl\/index.php?rest_route=%2Fwp%2Fv2%2Fcategories&post=28357"},{"taxonomy":"post_tag","embeddable":true,"href":"https:\/\/radiorevelacionfm.cl\/index.php?rest_route=%2Fwp%2Fv2%2Ftags&post=28357"}],"curies":[{"name":"wp","href":"https:\/\/api.w.org\/{rel}","templated":true}]}}