{"id":28354,"date":"2023-03-02T19:38:03","date_gmt":"2023-03-02T22:38:03","guid":{"rendered":"https:\/\/radiorevelacionfm.cl\/?p=28354"},"modified":"2023-03-02T19:38:03","modified_gmt":"2023-03-02T22:38:03","slug":"avanza-proyecto-de-comite-viento-patagon-de-chile-chico-piden-agilizar-tramitacion-de-subsidios","status":"publish","type":"post","link":"https:\/\/radiorevelacionfm.cl\/?p=28354","title":{"rendered":"Avanza proyecto de comit\u00e9 Viento Patag\u00f3n de Chile Chico, piden agilizar tramitaci\u00f3n de subsidios"},"content":{"rendered":"<div class=\"flex_column av_one_full  flex_column_div av-zero-column-padding first  avia-builder-el-0  el_before_av_one_full  avia-builder-el-first  \" style='border-radius:0px; '><div  class='avia-image-container  av-styling-    avia-builder-el-1  avia-builder-el-no-sibling  avia-align-center '  itemprop=\"image\" itemscope=\"itemscope\" itemtype=\"https:\/\/schema.org\/ImageObject\"  ><div class='avia-image-container-inner'><div class='avia-image-overlay-wrap'><img decoding=\"async\" class='wp-image-28355 avia-img-lazy-loading-not-28355 avia_image' src=\"https:\/\/radiorevelacionfm.cl\/wp-content\/uploads\/2023\/03\/FOTO-VIENTO-PATAGON-1-1-1.jpeg\" alt='' title='FOTO VIENTO PATAGON 1 (1) (1)' height=\"600\" width=\"989\"  itemprop=\"thumbnailUrl\" srcset=\"https:\/\/radiorevelacionfm.cl\/wp-content\/uploads\/2023\/03\/FOTO-VIENTO-PATAGON-1-1-1.jpeg 989w, https:\/\/radiorevelacionfm.cl\/wp-content\/uploads\/2023\/03\/FOTO-VIENTO-PATAGON-1-1-1-300x182.jpeg 300w, https:\/\/radiorevelacionfm.cl\/wp-content\/uploads\/2023\/03\/FOTO-VIENTO-PATAGON-1-1-1-768x466.jpeg 768w, https:\/\/radiorevelacionfm.cl\/wp-content\/uploads\/2023\/03\/FOTO-VIENTO-PATAGON-1-1-1-705x428.jpeg 705w, https:\/\/radiorevelacionfm.cl\/wp-content\/uploads\/2023\/03\/FOTO-VIENTO-PATAGON-1-1-1-600x364.jpeg 600w\" sizes=\"(max-width: 989px) 100vw, 989px\" \/><\/div><\/div><\/div><\/div><div class=\"flex_column av_one_full  flex_column_div av-zero-column-padding first  avia-builder-el-2  el_after_av_one_full  el_before_av_one_full  column-top-margin\" style='border-radius:0px; '><section class=\"av_textblock_section \"  itemscope=\"itemscope\" itemtype=\"https:\/\/schema.org\/BlogPosting\" itemprop=\"blogPost\" ><div class='avia_textblock  '   itemprop=\"text\" ><p style=\"text-align: center;\"><strong><span style=\"font-size: 18pt;\">Avanza proyecto de comit\u00e9 Viento Patag\u00f3n de Chile Chico, piden agilizar tramitaci\u00f3n de subsidios<\/span><\/strong><\/p>\n<div id=\"gtx-trans\" style=\"position: absolute; left: -50px; top: 4.31534px;\">\n<div class=\"gtx-trans-icon\"><\/div>\n<\/div>\n<\/div><\/section><\/div><div class=\"flex_column av_one_full  flex_column_div av-zero-column-padding first  avia-builder-el-4  el_after_av_one_full  el_before_av_hr  column-top-margin\" style='border-radius:0px; '><section class=\"av_textblock_section \"  itemscope=\"itemscope\" itemtype=\"https:\/\/schema.org\/BlogPosting\" itemprop=\"blogPost\" ><div class='avia_textblock  '   itemprop=\"text\" ><p style=\"font-weight: 400; text-align: justify;\">El diputado Miguel \u00c1ngel Calisto se traslad\u00f3 hasta Chile Chico para participar en una reuni\u00f3n con los socios del Comit\u00e9 Viento Patag\u00f3n, instancia en que la entidad patrocinante present\u00f3 el dise\u00f1o del proyecto habitacional, lo que fue valorado por los socios del comit\u00e9, el parlamentario y el concejal Ariel Keim, quienes tambi\u00e9n hicieron un llamado para que Serviu agilice la tramitaci\u00f3n para la postulaci\u00f3n a los subsidios habitacionales.<\/p>\n<p style=\"font-weight: 400; text-align: justify;\">Seg\u00fan el diputado Miguel \u00c1ngel Calisto, \u201choy en d\u00eda podemos ver que el proyecto ya se ha presentado por parte de la entidad patrocinante. Son 68 familias con quienes llevamos trabajando mucho tiempo. Esperamos, y hacemos el llamado a Serviu, para que se postule durante este a\u00f1o, para que se inicien las obras, ojal\u00e1 con buenos resultados a fines de este a\u00f1o o comienzos del pr\u00f3ximo\u201d.<\/p>\n<p style=\"font-weight: 400; text-align: justify;\">\u201cEs fundamental avanzar con el proyecto del comit\u00e9 Viento Patag\u00f3n, porque detr\u00e1s vienen otros proyectos de otros comit\u00e9s: Rukant\u00fa y Sue\u00f1os del Chelenko. Quiero felicitar y destacar el trabajo de los dirigentes, y tambi\u00e9n del concejal Ariel Keim y de todas las autoridades que han apoyado esta iniciativa\u201d.<\/p>\n<p style=\"font-weight: 400; text-align: justify;\">Por su parte, el concejal de la comuna, Ariel Keim, indic\u00f3 que \u201cpudimos dar testimonio del dise\u00f1o que fue presentado y fue aprobado por unanimidad de los integrantes del comit\u00e9, para lo que ser\u00e1 este futuro proyecto habitacional. Recordemos que este comit\u00e9 ya tiene terreno en Chile Chico, y ahora est\u00e1n trabajando en el dise\u00f1o para posteriormente ingresar el proyecto al Minvu y poder contar con el subsidio este a\u00f1o\u201d.<\/p>\n<p style=\"font-weight: 400; text-align: justify;\">\u201cHacemos un llamado a las autoridades correspondientes del sector, de Serviu, de Minvu, para que acompa\u00f1en y den celeridad a esta importante gesti\u00f3n que vendr\u00eda a concretar el sue\u00f1o de la casa propia para todas estas familias del comit\u00e9 Viento Patag\u00f3n\u201d, afirm\u00f3.<\/p>\n<p style=\"font-weight: 400; text-align: justify;\">Keim Agreg\u00f3 que \u201cesperamos que en el desarrollo de este a\u00f1o tengamos novedades importantes para poder ir avanzando en lo que es la ejecuci\u00f3n de los proyectos habitacionales en la comuna de Chile Chico. Agradecemos tambi\u00e9n el trabajo del diputado Calisto que vino a nuestra localidad a participar en esta reuni\u00f3n y siempre ha estado atento al avance de los proyectos habitacionales\u201d.<\/p>\n<p style=\"font-weight: 400; text-align: justify;\">Finalmente, la Presidenta del Comit\u00e9 Viento Patag\u00f3n, Macarena Sep\u00falveda, \u201cya tenemos algunos compromisos por parte de Serviu, esperamos que se pueda agilizar toda esta tramitaci\u00f3n. Solicitamos a las autoridades que se sumen en nuestra petici\u00f3n, porque somos 68 familias las que llevamos harto tiempo esperando por la casa propia\u201d.<\/p>\n<\/div><\/section><\/div><div  style='height:50px' class='hr hr-invisible   avia-builder-el-6  el_after_av_one_full  el_before_av_social_share '><span class='hr-inner ' ><span class='hr-inner-style'><\/span><\/span><\/div><\/p>\n<div  class='av-social-sharing-box  avia-builder-el-7  el_after_av_hr  el_before_av_hr  '><div class='av-share-box'><h5 class='av-share-link-description av-no-toc '>Compartir esta noticia<\/h5><ul class='av-share-box-list noLightbox'><li class='av-share-link av-social-link-facebook' ><a target=\"_blank\" aria-label=\"Compartir en Facebook\" href='https:\/\/www.facebook.com\/sharer.php?u=https:\/\/radiorevelacionfm.cl\/?p=28354&#038;t=Avanza%20proyecto%20de%20comit%C3%A9%20Viento%20Patag%C3%B3n%20de%20Chile%20Chico%2C%20piden%20agilizar%20tramitaci%C3%B3n%20de%20subsidios' aria-hidden='false' data-av_icon='\ue8f3' data-av_iconfont='entypo-fontello' title='' data-avia-related-tooltip='Compartir en Facebook' rel=\"noopener\"><span class='avia_hidden_link_text'>Compartir en Facebook<\/span><\/a><\/li><li class='av-share-link av-social-link-twitter' ><a target=\"_blank\" aria-label=\"Compartir en Twitter\" href='https:\/\/twitter.com\/share?text=Avanza%20proyecto%20de%20comit%C3%A9%20Viento%20Patag%C3%B3n%20de%20Chile%20Chico%2C%20piden%20agilizar%20tramitaci%C3%B3n%20de%20subsidios&#038;url=https:\/\/radiorevelacionfm.cl\/?p=28354' aria-hidden='false' data-av_icon='\ue8f1' data-av_iconfont='entypo-fontello' title='' data-avia-related-tooltip='Compartir en Twitter' rel=\"noopener\"><span class='avia_hidden_link_text'>Compartir en Twitter<\/span><\/a><\/li><li class='av-share-link av-social-link-whatsapp' ><a target=\"_blank\" aria-label=\"Compartir en Whatsapp\" href='https:\/\/api.whatsapp.com\/send?text=https:\/\/radiorevelacionfm.cl\/?p=28354' aria-hidden='false' data-av_icon='\uf232' data-av_iconfont='entypo-fontello' title='' data-avia-related-tooltip='Compartir en Whatsapp' rel=\"noopener\"><span class='avia_hidden_link_text'>Compartir en Whatsapp<\/span><\/a><\/li><li class='av-share-link av-social-link-linkedin' ><a target=\"_blank\" aria-label=\"Compartir en LinkedIn\" href='https:\/\/linkedin.com\/shareArticle?mini=true&#038;title=Avanza%20proyecto%20de%20comit%C3%A9%20Viento%20Patag%C3%B3n%20de%20Chile%20Chico%2C%20piden%20agilizar%20tramitaci%C3%B3n%20de%20subsidios&#038;url=https:\/\/radiorevelacionfm.cl\/?p=28354' aria-hidden='false' data-av_icon='\ue8fc' data-av_iconfont='entypo-fontello' title='' data-avia-related-tooltip='Compartir en LinkedIn' rel=\"noopener\"><span class='avia_hidden_link_text'>Compartir en LinkedIn<\/span><\/a><\/li><li class='av-share-link av-social-link-mail' ><a  aria-label=\"Compartir por correo\" href='mailto:?subject=Avanza%20proyecto%20de%20comit%C3%A9%20Viento%20Patag%C3%B3n%20de%20Chile%20Chico%2C%20piden%20agilizar%20tramitaci%C3%B3n%20de%20subsidios&#038;body=https:\/\/radiorevelacionfm.cl\/?p=28354' aria-hidden='false' data-av_icon='\ue805' data-av_iconfont='entypo-fontello' title='' data-avia-related-tooltip='Compartir por correo'><span class='avia_hidden_link_text'>Compartir por correo<\/span><\/a><\/li><\/ul><\/div><\/div>\n<div  style='height:50px' class='hr hr-invisible   avia-builder-el-8  el_after_av_social_share  el_before_av_comments_list '><span class='hr-inner ' ><span class='hr-inner-style'><\/span><\/span><\/div>\n<div  class='av-buildercomment  av-blog-meta-html-info-disabled av-blog-meta-tag-disabled  '><\/div>\n","protected":false},"excerpt":{"rendered":"","protected":false},"author":1,"featured_media":28355,"comment_status":"open","ping_status":"open","sticky":false,"template":"","format":"standard","meta":{"footnotes":""},"categories":[35],"tags":[],"class_list":["post-28354","post","type-post","status-publish","format-standard","has-post-thumbnail","hentry","category-politica"],"jetpack_featured_media_url":"https:\/\/radiorevelacionfm.cl\/wp-content\/uploads\/2023\/03\/FOTO-VIENTO-PATAGON-1-1-1.jpeg","_links":{"self":[{"href":"https:\/\/radiorevelacionfm.cl\/index.php?rest_route=\/wp\/v2\/posts\/28354","targetHints":{"allow":["GET"]}}],"collection":[{"href":"https:\/\/radiorevelacionfm.cl\/index.php?rest_route=\/wp\/v2\/posts"}],"about":[{"href":"https:\/\/radiorevelacionfm.cl\/index.php?rest_route=\/wp\/v2\/types\/post"}],"author":[{"embeddable":true,"href":"https:\/\/radiorevelacionfm.cl\/index.php?rest_route=\/wp\/v2\/users\/1"}],"replies":[{"embeddable":true,"href":"https:\/\/radiorevelacionfm.cl\/index.php?rest_route=%2Fwp%2Fv2%2Fcomments&post=28354"}],"version-history":[{"count":2,"href":"https:\/\/radiorevelacionfm.cl\/index.php?rest_route=\/wp\/v2\/posts\/28354\/revisions"}],"predecessor-version":[{"id":28371,"href":"https:\/\/radiorevelacionfm.cl\/index.php?rest_route=\/wp\/v2\/posts\/28354\/revisions\/28371"}],"wp:featuredmedia":[{"embeddable":true,"href":"https:\/\/radiorevelacionfm.cl\/index.php?rest_route=\/wp\/v2\/media\/28355"}],"wp:attachment":[{"href":"https:\/\/radiorevelacionfm.cl\/index.php?rest_route=%2Fwp%2Fv2%2Fmedia&parent=28354"}],"wp:term":[{"taxonomy":"category","embeddable":true,"href":"https:\/\/radiorevelacionfm.cl\/index.php?rest_route=%2Fwp%2Fv2%2Fcategories&post=28354"},{"taxonomy":"post_tag","embeddable":true,"href":"https:\/\/radiorevelacionfm.cl\/index.php?rest_route=%2Fwp%2Fv2%2Ftags&post=28354"}],"curies":[{"name":"wp","href":"https:\/\/api.w.org\/{rel}","templated":true}]}}